{"id":35109,"date":"2021-04-23T10:52:21","date_gmt":"2021-04-23T07:52:21","guid":{"rendered":"https:\/\/emlaktuel.com\/?p=35109"},"modified":"2021-04-23T10:52:21","modified_gmt":"2021-04-23T07:52:21","slug":"en-cok-is-kazasi-madencilik-ve-insaat-sektorunde-yasaniyor","status":"publish","type":"post","link":"https:\/\/emlaktuel.com\/?p=35109","title":{"rendered":"En \u00e7ok i\u015f kazas\u0131 madencilik ve in\u015faat sekt\u00f6r\u00fcnde ya\u015fan\u0131yor!"},"content":{"rendered":"<p><strong>G\u00fcvensiz \u00e7al\u0131\u015fma ortam\u0131 ve dikkatsizlik i\u015f kazalar\u0131na yol a\u00e7\u0131yor! <\/strong>G\u00fcncel verilere<strong>\u00a0g\u00f6re T\u00fcrkiye\u2019de i\u015f kazalar\u0131n\u0131n en \u00e7ok g\u00f6r\u00fcld\u00fc\u011f\u00fc alanlar aras\u0131nda madencilik ve ta\u015f ocakl\u0131\u011f\u0131, kanalizasyon ve at\u0131k y\u00f6netimi faaliyetleri, imalat, in\u015faat, konaklama ve yiyecek hizmetleri bulunuyor. \u00d6l\u00fcmle sonu\u00e7lanan i\u015f kazalar\u0131n\u0131n ise en fazla in\u015faat sekt\u00f6r\u00fcnde ya\u015fand\u0131\u011f\u0131n\u0131 vurgulayan uzmanlar, i\u015f g\u00fcvenli\u011fi k\u00fclt\u00fcr\u00fcn\u00fcn yerle\u015fmemi\u015f olmas\u0131n\u0131n \u00fclke a\u00e7\u0131s\u0131ndan \u00f6nemli bir sorun oldu\u011funun alt\u0131n\u0131 \u00e7iziyor. \u0130\u015f g\u00fcvenli\u011fini \u00f6nemsemeyen y\u00f6netimin oldu\u011fu i\u015f yerlerinde \u00e7al\u0131\u015fanlar\u0131n ve i\u015f g\u00fcvenli\u011fi bilinci olmayan \u00e7al\u0131\u015fanlar\u0131n risk alt\u0131nda oldu\u011funa dikkat \u00e7eken uzmanlar, \u0130SG k\u00fclt\u00fcr\u00fcn\u00fcn yayg\u0131nla\u015ft\u0131r\u0131lmas\u0131 alan\u0131nda ileti\u015fim ara\u00e7lar\u0131n\u0131n daha aktif kullan\u0131lmas\u0131, sinema, tiyatro, diziler gibi medya organlar\u0131nda \u0130SG k\u00fclt\u00fcr\u00fcn\u00fcn yer almas\u0131na y\u00f6nelik \u00e7al\u0131\u015fmalar yap\u0131lmas\u0131n\u0131n \u00f6nemine vurgu yap\u0131yor.<\/strong><\/p>\n<p><strong>\u00a0<\/strong><\/p>\n<p>\u00dcsk\u00fcdar \u00dcniversitesi\u00a0\u0130\u015f Sa\u011fl\u0131\u011f\u0131 ve G\u00fcvenli\u011fi B\u00f6l\u00fcm Ba\u015fkan\u0131 ve \u00d6\u011fretim G\u00f6revlisi Gamze Ka\u011fan, T\u00fcrkiye\u2019de s\u0131k ya\u015fanan i\u015f kazalar\u0131 ile ilgili \u00f6nemli de\u011ferlendirmelerde bulundu ve tavsiyelerini payla\u015ft\u0131.<\/p>\n<p><strong>\u00a0<\/strong><\/p>\n<h2><strong>En \u00e7ok \u00f6l\u00fcml\u00fc kaza in\u015faat sekt\u00f6r\u00fcnde ya\u015fan\u0131yor<\/strong><\/h2>\n<p><strong>\u00a0<\/strong><\/p>\n<p>Ara\u015ft\u0131rmalara g\u00f6re T\u00fcrkiye\u2019de \u00f6l\u00fcmle sonu\u00e7lanan i\u015f kazalar\u0131n\u0131n en fazla in\u015faat sekt\u00f6r\u00fcnde g\u00f6r\u00fcld\u00fc\u011f\u00fcn\u00fc belirten \u00d6\u011fretim G\u00f6revlisi Gamze Ka\u011fan s\u00f6zlerine \u015f\u00f6yle devam etti:<\/p>\n<p>&nbsp;<\/p>\n<p>\u201c\u0130n\u015faat sekt\u00f6r\u00fcnde ya\u015fanan i\u015f kazalar\u0131 en \u00e7ok \u00e7al\u0131\u015fan\u0131n d\u00fc\u015fmesi, elektrik \u00e7arpmas\u0131, malzeme d\u00fc\u015fmesi, yap\u0131 makinas\u0131 kaynakl\u0131 meydana geliyor. \u00d6l\u00fcml\u00fc i\u015f kazalar\u0131n\u0131n en \u00e7ok in\u015faat sekt\u00f6r\u00fcnde g\u00f6r\u00fclmesinin temel nedenleri ise \u00fclkemizin ihtiyac\u0131 olan altyap\u0131 ve \u00fcstyap\u0131 uygulamalar\u0131n\u0131n yo\u011fun bir \u015fekilde \u00e7\u00f6z\u00fclmeye \u00e7al\u0131\u015f\u0131lmas\u0131, in\u015faat i\u015flerinin yat\u0131r\u0131mlar\u0131n hemen hemen hepsinde g\u00f6r\u00fclmesi, in\u015faat sekt\u00f6r\u00fcn\u00fcn i\u015f g\u00fcvenli\u011finde \u00e7ok tehlikeli alanda olmas\u0131, i\u015f sa\u011fl\u0131\u011f\u0131 ve g\u00fcveli\u011fi k\u00fclt\u00fcr\u00fcn\u00fcn \u00fclkemizde yeni geli\u015fmeye ba\u015flamas\u0131d\u0131r.\u201d<\/p>\n<p>&nbsp;<\/p>\n<h2><strong>Maden ve ta\u015f ocaklar\u0131 da risk alt\u0131nda!<\/strong><\/h2>\n<p>&nbsp;<\/p>\n<p>Ka\u011fan, SGK g\u00fcncel verilerine g\u00f6re \u00fclkemizde i\u015f kazalar\u0131n\u0131n en \u00e7ok g\u00f6r\u00fcld\u00fc\u011f\u00fc sekt\u00f6rleri \u015f\u00f6yle s\u0131ralad\u0131: \u201cMadencilik ve ta\u015f ocak\u00e7\u0131l\u0131\u011f\u0131, kanalizasyon ve at\u0131k y\u00f6netimi faaliyetleri, imalat, in\u015faat, konaklama ve yiyecek hizmetleri faaliyetleri i\u015f kazalar\u0131n\u0131n en \u00e7ok ya\u015fand\u0131\u011f\u0131 sekt\u00f6rlerdir. Ayr\u0131ca madencilik ve ta\u015f ocak\u00e7\u0131l\u0131\u011f\u0131, in\u015faat, ula\u015ft\u0131rma ve depolama, tar\u0131m, ormanc\u0131l\u0131k ve bal\u0131k\u00e7\u0131l\u0131k, elektrik \u2013 gaz &#8211; buhar ve iklimlendirme \u00fcretimi ve da\u011f\u0131t\u0131m\u0131 sekt\u00f6rleri \u00f6l\u00fcml\u00fc i\u015f kazalar\u0131n\u0131n en \u00e7ok g\u00f6r\u00fcld\u00fc\u011f\u00fc sekt\u00f6rlerdir.\u201d<\/p>\n<p>&nbsp;<\/p>\n<h2><strong>G\u00fcvensiz davran\u0131\u015flar ve durumlar i\u015f kazalar\u0131na yol a\u00e7\u0131yor<\/strong><\/h2>\n<p>&nbsp;<\/p>\n<p>Ka\u011fan, i\u015f kazalar\u0131n\u0131n risklerini anlamak i\u00e7in \u00f6ncelikle i\u015f kazas\u0131na sebebiyet veren nedenleri anlamak gerekti\u011fini s\u00f6yledi ve s\u00f6zlerine \u015f\u00f6yle devam etti:<\/p>\n<p>&nbsp;<\/p>\n<p>\u201c\u0130\u015f kazalar\u0131n\u0131n olu\u015fmas\u0131na neden olan etkenlerin t\u00fcm\u00fc g\u00fcvensiz davran\u0131\u015flar ve g\u00fcvensiz durumlar olmak \u00fczere temel iki etkene indirgenebilir. \u00c7al\u0131\u015fma ortam\u0131ndaki s\u0131cakl\u0131k, nem, hava ak\u0131mlar\u0131, yetersiz ayd\u0131nlatma, g\u00fcr\u00fclt\u00fc, kirli hava gibi olumsuz fiziksel ve kimyasal etmenler \u00e7al\u0131\u015fan insanda; yorgunlu\u011fa, ilginin da\u011f\u0131lmas\u0131na, hareketlerin a\u011f\u0131rla\u015fmas\u0131na, duyu organlar\u0131n\u0131n yetersiz kalmas\u0131na neden oluyor ve bunun sunucunda da g\u00fcvensiz davran\u0131\u015flar ortaya \u00e7\u0131k\u0131yor. G\u00fcvensiz ko\u015fullar ise \u00fcretimde kullan\u0131lan teknolojinin ve \u00fcretim ara\u00e7lar\u0131n\u0131n niteli\u011finden i\u015f d\u00fczensizli\u011fine, bak\u0131m ve kontrollerin noksanl\u0131\u011f\u0131ndan denetim ve y\u00f6netim hatalar\u0131na, depolama ve istifleme yanl\u0131\u015fl\u0131klar\u0131ndan sa\u011fl\u0131ks\u0131z \u00e7evre ko\u015fullar\u0131na kadar bir\u00e7ok etkenden dolay\u0131 ortaya \u00e7\u0131k\u0131yor. \u00d6rne\u011fin zay\u0131f ayd\u0131nlatma, bozuk zemin, zemindeki ya\u011f ve petrol at\u0131klar\u0131, \u00f6l\u00e7\u00fcm ve kontrolleri yap\u0131lmam\u0131\u015f elektrik tesisat\u0131 gibi g\u00fcvensiz ko\u015fullar d\u00fc\u015fme, patlama, elektrik \u00e7arpmas\u0131 gibi i\u015f kazas\u0131 risklere yol a\u00e7\u0131yor. Dalg\u0131nl\u0131k ve dikkatsizlik, makina koruyucular\u0131n\u0131 \u00e7\u0131karmak veya uygun olmayacak \u015fekilde kullan\u0131lmas\u0131, tehlikeli h\u0131zla \u00e7al\u0131\u015fmak gibi g\u00fcvensiz davran\u0131\u015flar da d\u00fc\u015fme, yaralanma gibi \u00e7e\u015fitli riskler meydana getiriyor.\u201d<\/p>\n<p><strong>\u00a0<\/strong><\/p>\n<h2><strong>\u0130\u015f g\u00fcvenli\u011fi k\u00fclt\u00fcr\u00fcne sahip de\u011filiz\u2026<\/strong><\/h2>\n<p><strong>\u00a0<\/strong><\/p>\n<p>T\u00fcrkiye\u2019nin i\u015f kazalar\u0131n\u0131n \u00f6nlenmesi ve en aza indirgenmesi i\u00e7in 2012 y\u0131l\u0131nda \u201c6331 say\u0131l\u0131 \u0130\u015f Sa\u011fl\u0131\u011f\u0131 ve G\u00fcvenli\u011fi Kanunu\u201d nu \u00e7\u0131kararak \u00e7ok \u00f6nemli bir ad\u0131m att\u0131\u011f\u0131n\u0131 belirten \u00d6\u011fretim G\u00f6revlisi Gamze Ka\u011fan, \u201cBu kanun ile birlikte i\u015f sa\u011fl\u0131\u011f\u0131 ve g\u00fcvenli\u011fi a\u00e7\u0131s\u0131ndan koruyucu ve \u00f6nleyici bir yakla\u015f\u0131m benimsendi. Ancak bu b\u00fcy\u00fck ad\u0131m\u0131n \u00fczerinden yakla\u015f\u0131m dokuz y\u0131l ge\u00e7mi\u015f olmas\u0131 ve halen i\u015f kazalar\u0131 oranlar\u0131n\u0131n y\u00fcksek olmas\u0131 i\u015f kazalar\u0131yla m\u00fccadele de hen\u00fcz iyi bir kazan\u0131m elde edemedi\u011fimizi g\u00f6steriyor. \u0130\u015f g\u00fcvenli\u011fi sorununa sadece teknik ve yasal bir sorun olarak bak\u0131lmamas\u0131 gerekiyor. \u00dclkemiz a\u00e7\u0131s\u0131ndan bu durumda en \u00f6nemli sorunlardan bir tanesinin i\u015f g\u00fcvenli\u011fi k\u00fclt\u00fcr\u00fcn\u00fcn yerle\u015fmemi\u015f oldu\u011funu s\u00f6yleyebiliriz. \u0130\u015f g\u00fcvenli\u011fi k\u00fclt\u00fcr\u00fcn\u00fcn geli\u015ftirilmesi i\u00e7in de uzun vadeli bir eylem plan\u0131 olu\u015fturulmas\u0131 gerekiyor. Bu kapsamda i\u015f sa\u011fl\u0131\u011f\u0131 ve g\u00fcvenli\u011fiyle ilgili kurum ve kurulu\u015flar\u0131n sosyal diyalog temelli ortak \u00e7al\u0131\u015fmalar y\u00fcr\u00fctmesi fayda sa\u011flayacakt\u0131r.\u201d diye konu\u015ftu.<\/p>\n<p>&nbsp;<\/p>\n<h2><strong>\u015eirketler uzun d\u00f6nemli stratejiler uygulamal\u0131<\/strong><\/h2>\n<p>&nbsp;<\/p>\n<p>\u0130\u015fyeri d\u00fczeyinde g\u00fcvenlik k\u00fclt\u00fcr\u00fc olu\u015fturulmas\u0131nda kilit rol\u00fc oynayan i\u015fverenlerin ve y\u00f6neticilerin \u0130SG uygulamalar\u0131 konusunda uzun d\u00f6nemli bir i\u015fletme stratejisi uygulamalar\u0131 gerekti\u011fini belirten Gamze Ka\u011fan, \u201cBu ama\u00e7la \u00f6zellikle k\u00fc\u00e7\u00fck ve orta \u00f6l\u00e7ekli i\u015fletmeler ba\u015fta olmak \u00fczere i\u015fverenlere y\u00f6nelik e\u011fitim ve bilgilendirme programlar\u0131 yap\u0131lmal\u0131. Bu programlar i\u015fverenin yasal sorumluluklar\u0131, \u0130SG\u2019nin verimlili\u011fe ve i\u015f kalitesine katk\u0131s\u0131 ve \u0130SG y\u00f6netim sistemi yakla\u015f\u0131m\u0131 konular\u0131n\u0131 i\u00e7ermelidir. \u00d6zellikle \u00f6l\u00fcmc\u00fcl i\u015f kazalar\u0131n\u0131n ger\u00e7ekle\u015fti\u011fi sekt\u00f6rlerde i\u015f g\u00fcvenli\u011fi performans\u0131n\u0131n artt\u0131r\u0131lmas\u0131 ve i\u015f kazalar\u0131n\u0131n ve olumsuz sonu\u00e7lar\u0131n\u0131n azalt\u0131lmas\u0131; i\u015f sa\u011fl\u0131\u011f\u0131 ve g\u00fcvenli\u011fi alan\u0131nda daha etkin \u00f6nlemlerin al\u0131nmas\u0131n\u0131, \u00e7al\u0131\u015fanlar\u0131n i\u015f g\u00fcvenli\u011fi kurallar\u0131na uymalar\u0131n\u0131n sa\u011flanmas\u0131n\u0131, ilgili alanda yap\u0131lan yat\u0131r\u0131mlar\u0131n art\u0131r\u0131lmas\u0131n\u0131 ve \u00e7al\u0131\u015fmalar\u0131n daha kontroll\u00fc bir \u015fekilde y\u00fcr\u00fct\u00fclmesini sa\u011flar.\u201d dedi.<\/p>\n<p>&nbsp;<\/p>\n<h2><strong>\u0130leti\u015fim ara\u00e7lar\u0131 daha aktif kullan\u0131lmal\u0131<\/strong><\/h2>\n<p>&nbsp;<\/p>\n<p>\u0130nternet ve medya alan\u0131nda ya\u015fanan h\u0131zl\u0131 geli\u015fmeler ile ileti\u015fim ara\u00e7lar\u0131 rollerinin toplumsal ya\u015fam\u0131m\u0131zda ve \u00e7al\u0131\u015fma hayat\u0131m\u0131zda \u00f6nemli \u00f6l\u00e7\u00fcde artt\u0131\u011f\u0131n\u0131 belirten Ka\u011fan, \u201cBu nedenle \u0130SG k\u00fclt\u00fcr\u00fcn\u00fcn yayg\u0131nla\u015ft\u0131r\u0131lmas\u0131 alan\u0131nda ileti\u015fim ara\u00e7lar\u0131n\u0131n daha aktif kullan\u0131lmas\u0131 ve \u0130SG kavram\u0131n\u0131n sinema, tiyatro, diziler gibi medya organlar\u0131nda yer almas\u0131na y\u00f6nelik \u00e7al\u0131\u015fmalar yap\u0131lmas\u0131 faydal\u0131 olacakt\u0131r.\u201d dedi.<\/p>\n","protected":false},"excerpt":{"rendered":"<p>G\u00fcvensiz \u00e7al\u0131\u015fma ortam\u0131 ve dikkatsizlik i\u015f kazalar\u0131na yol a\u00e7\u0131yor! G\u00fcncel verilere\u00a0g\u00f6re T\u00fcrkiye\u2019de i\u015f kazalar\u0131n\u0131n en \u00e7ok g\u00f6r\u00fcld\u00fc\u011f\u00fc alanlar aras\u0131nda madencilik ve ta\u015f ocakl\u0131\u011f\u0131, kanalizasyon ve at\u0131k y\u00f6netimi faaliyetleri, imalat, in\u015faat, konaklama ve yiyecek hizmetleri bulunuyor. \u00d6l\u00fcmle sonu\u00e7lanan i\u015f kazalar\u0131n\u0131n ise en fazla in\u015faat sekt\u00f6r\u00fcnde ya\u015fand\u0131\u011f\u0131n\u0131 vurgulayan uzmanlar, i\u015f g\u00fcvenli\u011fi k\u00fclt\u00fcr\u00fcn\u00fcn yerle\u015fmemi\u015f olmas\u0131n\u0131n \u00fclke a\u00e7\u0131s\u0131ndan \u00f6nemli [&hellip;]<\/p>\n","protected":false},"author":1,"featured_media":35110,"comment_status":"open","ping_status":"open","sticky":false,"template":"","format":"standard","meta":{"ngg_post_thumbnail":0},"categories":[26],"tags":[1719],"_links":{"self":[{"href":"https:\/\/emlaktuel.com\/index.php?rest_route=\/wp\/v2\/posts\/35109"}],"collection":[{"href":"https:\/\/emlaktuel.com\/index.php?rest_route=\/wp\/v2\/posts"}],"about":[{"href":"https:\/\/emlaktuel.com\/index.php?rest_route=\/wp\/v2\/types\/post"}],"author":[{"embeddable":true,"href":"https:\/\/emlaktuel.com\/index.php?rest_route=\/wp\/v2\/users\/1"}],"replies":[{"embeddable":true,"href":"https:\/\/emlaktuel.com\/index.php?rest_route=%2Fwp%2Fv2%2Fcomments&post=35109"}],"version-history":[{"count":2,"href":"https:\/\/emlaktuel.com\/index.php?rest_route=\/wp\/v2\/posts\/35109\/revisions"}],"predecessor-version":[{"id":35112,"href":"https:\/\/emlaktuel.com\/index.php?rest_route=\/wp\/v2\/posts\/35109\/revisions\/35112"}],"wp:featuredmedia":[{"embeddable":true,"href":"https:\/\/emlaktuel.com\/index.php?rest_route=\/wp\/v2\/media\/35110"}],"wp:attachment":[{"href":"https:\/\/emlaktuel.com\/index.php?rest_route=%2Fwp%2Fv2%2Fmedia&parent=35109"}],"wp:term":[{"taxonomy":"category","embeddable":true,"href":"https:\/\/emlaktuel.com\/index.php?rest_route=%2Fwp%2Fv2%2Fcategories&post=35109"},{"taxonomy":"post_tag","embeddable":true,"href":"https:\/\/emlaktuel.com\/index.php?rest_route=%2Fwp%2Fv2%2Ftags&post=35109"}],"curies":[{"name":"wp","href":"https:\/\/api.w.org\/{rel}","templated":true}]}}