{"id":35002,"date":"2021-04-15T13:20:48","date_gmt":"2021-04-15T10:20:48","guid":{"rendered":"https:\/\/emlaktuel.com\/?p=35002"},"modified":"2021-04-15T13:20:48","modified_gmt":"2021-04-15T10:20:48","slug":"abdulkadir-akkus-akkus-satislardaki-artis-ilk-asamadaki-beklentimizi-karsiladi","status":"publish","type":"post","link":"https:\/\/emlaktuel.com\/?p=35002","title":{"rendered":"Abd\u00fclkadir Akku\u015f\/ Akku\u015f: \u201cSat\u0131\u015flardaki art\u0131\u015f, ilk a\u015famadaki beklentimizi kar\u015f\u0131lad\u0131\u201d"},"content":{"rendered":"<p><em>T\u00fcrkiye genelinde konut sat\u0131\u015flar\u0131 mart ay\u0131nda bir \u00f6nceki y\u0131l\u0131n ayn\u0131 ay\u0131na g\u00f6re %2,4 artarak 111 bin 241 oldu. <\/em>Yabanc\u0131lara yap\u0131lan<em>\u00a0konut sat\u0131\u015flar\u0131 bir \u00f6nceki y\u0131l\u0131n ayn\u0131 ay\u0131na g\u00f6re %39,9 artarak 4 bin 248 oldu. <\/em>T\u00fcrkiye genelinde<em>\u00a0mart ay\u0131nda ipotekli konut sat\u0131\u015flar\u0131 bir \u00f6nceki y\u0131l\u0131n ayn\u0131 ay\u0131na g\u00f6re %49,7 azal\u0131\u015f g\u00f6stererek 21 bin 815 oldu. T\u00dc\u0130K<\/em>\u00a0Mart 2021 konut sat\u0131\u015f istatistik sonu\u00e7lar\u0131ndan yola \u00e7\u0131kan in\u015faat sekt\u00f6r\u00fc temsilcilerinin konuyla ilgili g\u00f6r\u00fc\u015fleri;<\/p>\n<h3>Abd\u00fclkadir Akku\u015f\/ Akku\u015f Group Y\u00f6netim Kurulu Ba\u015fkan\u0131 \u201cSat\u0131\u015flardaki art\u0131\u015f, ilk a\u015famadaki beklentimizi kar\u015f\u0131lad\u0131\u201d<\/h3>\n<p>\u201cSekt\u00f6r\u00fcm\u00fczde y\u0131l\u0131n ilk 2 ay\u0131ndaki gerileme a\u015famal\u0131 olarak h\u0131z kaybetmeye ba\u015flam\u0131\u015ft\u0131. Bu tablo kar\u015f\u0131s\u0131nda martta bir hareketlenme bekliyorduk. Mart ay\u0131nda bir \u00f6nceki y\u0131l\u0131n ayn\u0131 ay\u0131na g\u00f6re ya\u015fanan y\u00fczde 2.4\u2019l\u00fck art\u0131\u015f\u0131 bir ba\u015flang\u0131\u00e7 olarak de\u011ferlendiriyoruz. T\u00fcrkiye\u2019nin konuta olan ihtiyac\u0131 giderek art\u0131yor. Bu ihtiya\u00e7, sat\u0131\u015flar\u0131 da uzun vadeli olarak etkisi alt\u0131na alacak. \u00d6te yandan y\u00fcksek faiz politikas\u0131, ipotekli konut sat\u0131\u015flar\u0131nda bir miktar gerileme ya\u015fatt\u0131 belki ama ipoteksiz konut sat\u0131\u015flar\u0131m\u0131z t\u00fcm h\u0131z\u0131yla s\u00fcr\u00fcyor. Yabanc\u0131 yat\u0131r\u0131mc\u0131 uluslararas\u0131 piyasalarda ya\u015fanan olumsuzluklar kar\u015f\u0131s\u0131nda yeniden sekt\u00f6r\u00fcm\u00fcze yat\u0131r\u0131m ata\u011f\u0131 ba\u015flatt\u0131. 2 ayl\u0131k gerilemenin ard\u0131ndan y\u00fczde 40\u2019a uzanan bir art\u0131\u015f\u0131 \u00e7ok iyi okumak laz\u0131m. Yabanc\u0131 yat\u0131r\u0131mc\u0131lar T\u00fcrkiye\u2019ye g\u00fcven mesaj\u0131 veriyor. Sekt\u00f6r\u00fcm\u00fcze yat\u0131r\u0131m yapan \u00fclke say\u0131s\u0131 da \u00e7e\u015fitleniyor. Biz bunu kendi projelerimizde g\u00f6r\u00fcyoruz. Faiz oranlar\u0131n\u0131n yeniden d\u00fc\u015f\u00fc\u015f s\u00fcrecine girmesi, en b\u00fcy\u00fck beklentimiz. Ayr\u0131ca finansman modellerinde \u00e7e\u015fitlili\u011fe gidilmesi de sat\u0131\u015flardaki ivmeyi art\u0131rabilir. Y\u0131l\u0131n 2\u2019nci \u00e7eyre\u011finde daha y\u00fcksek sat\u0131\u015f rakamlar\u0131 g\u00f6rece\u011fiz.\u201d<\/p>\n","protected":false},"excerpt":{"rendered":"<p>T\u00fcrkiye genelinde konut sat\u0131\u015flar\u0131 mart ay\u0131nda bir \u00f6nceki y\u0131l\u0131n ayn\u0131 ay\u0131na g\u00f6re %2,4 artarak 111 bin 241 oldu. Yabanc\u0131lara yap\u0131lan\u00a0konut sat\u0131\u015flar\u0131 bir \u00f6nceki y\u0131l\u0131n ayn\u0131 ay\u0131na g\u00f6re %39,9 artarak 4 bin 248 oldu. T\u00fcrkiye genelinde\u00a0mart ay\u0131nda ipotekli konut sat\u0131\u015flar\u0131 bir \u00f6nceki y\u0131l\u0131n ayn\u0131 ay\u0131na g\u00f6re %49,7 azal\u0131\u015f g\u00f6stererek 21 bin 815 oldu. T\u00dc\u0130K\u00a0Mart 2021 konut [&hellip;]<\/p>\n","protected":false},"author":1,"featured_media":30251,"comment_status":"open","ping_status":"open","sticky":false,"template":"","format":"standard","meta":{"ngg_post_thumbnail":0},"categories":[5388],"tags":[14095],"_links":{"self":[{"href":"https:\/\/emlaktuel.com\/index.php?rest_route=\/wp\/v2\/posts\/35002"}],"collection":[{"href":"https:\/\/emlaktuel.com\/index.php?rest_route=\/wp\/v2\/posts"}],"about":[{"href":"https:\/\/emlaktuel.com\/index.php?rest_route=\/wp\/v2\/types\/post"}],"author":[{"embeddable":true,"href":"https:\/\/emlaktuel.com\/index.php?rest_route=\/wp\/v2\/users\/1"}],"replies":[{"embeddable":true,"href":"https:\/\/emlaktuel.com\/index.php?rest_route=%2Fwp%2Fv2%2Fcomments&post=35002"}],"version-history":[{"count":1,"href":"https:\/\/emlaktuel.com\/index.php?rest_route=\/wp\/v2\/posts\/35002\/revisions"}],"predecessor-version":[{"id":35003,"href":"https:\/\/emlaktuel.com\/index.php?rest_route=\/wp\/v2\/posts\/35002\/revisions\/35003"}],"wp:featuredmedia":[{"embeddable":true,"href":"https:\/\/emlaktuel.com\/index.php?rest_route=\/wp\/v2\/media\/30251"}],"wp:attachment":[{"href":"https:\/\/emlaktuel.com\/index.php?rest_route=%2Fwp%2Fv2%2Fmedia&parent=35002"}],"wp:term":[{"taxonomy":"category","embeddable":true,"href":"https:\/\/emlaktuel.com\/index.php?rest_route=%2Fwp%2Fv2%2Fcategories&post=35002"},{"taxonomy":"post_tag","embeddable":true,"href":"https:\/\/emlaktuel.com\/index.php?rest_route=%2Fwp%2Fv2%2Ftags&post=35002"}],"curies":[{"name":"wp","href":"https:\/\/api.w.org\/{rel}","templated":true}]}}