{"id":34999,"date":"2021-04-15T13:17:12","date_gmt":"2021-04-15T10:17:12","guid":{"rendered":"https:\/\/emlaktuel.com\/?p=34999"},"modified":"2021-04-15T13:17:32","modified_gmt":"2021-04-15T10:17:32","slug":"abdussamet-bahadir-satis-ve-yatirim-odakli-bir-acilim-basladi","status":"publish","type":"post","link":"https:\/\/emlaktuel.com\/?p=34999","title":{"rendered":"Abd\u00fcssamet Bahad\u0131r: \u201c Sat\u0131\u015f ve yat\u0131r\u0131m odakl\u0131 bir a\u00e7\u0131l\u0131m ba\u015flad\u0131"},"content":{"rendered":"<p><em>T\u00fcrkiye genelinde konut sat\u0131\u015flar\u0131 mart ay\u0131nda bir \u00f6nceki y\u0131l\u0131n ayn\u0131 ay\u0131na g\u00f6re %2,4 artarak 111 bin 241 oldu.<\/em><\/p>\n<p><em>Yabanc\u0131lara yap\u0131lan konut sat\u0131\u015flar\u0131 bir \u00f6nceki y\u0131l\u0131n ayn\u0131 ay\u0131na g\u00f6re %39,9 artarak 4 bin 248 oldu. <\/em>T\u00fcrkiye<em>genelinde mart ay\u0131nda ipotekli konut sat\u0131\u015flar\u0131 bir \u00f6nceki y\u0131l\u0131n ayn\u0131 ay\u0131na g\u00f6re %49,7 azal\u0131\u015f g\u00f6stererek 21 bin 815 oldu. T\u00dc\u0130K<\/em>\u00a0Mart 2021 konut sat\u0131\u015f istatistik sonu\u00e7lar\u0131ndan yola \u00e7\u0131kan in\u015faat sekt\u00f6r\u00fc temsilcilerinin konuyla ilgili g\u00f6r\u00fc\u015fleri;<\/p>\n<h3>Abd\u00fcssamet Bahad\u0131r \/ Baha\u015f Holding CEO\u2019su:\u201c Sat\u0131\u015f ve yat\u0131r\u0131m odakl\u0131 bir a\u00e7\u0131l\u0131m ba\u015flad\u0131\u201d<\/h3>\n<p>\u201cSekt\u00f6r\u00fcm\u00fczde y\u0131l\u0131n ba\u015f\u0131ndan beri sat\u0131\u015flarda ya\u015fanan gerileme, marttaki art\u0131\u015fla \u00f6nemli bir a\u00e7\u0131l\u0131m yaratt\u0131. T\u00fcrkiye ekonomisinde son d\u00f6nemde ya\u015fanan g\u00fcven odakl\u0131 geli\u015fmeler, yat\u0131r\u0131mc\u0131lar\u0131 tekrar al\u0131c\u0131 pozisyonuna ge\u00e7irdi. Yabanc\u0131 yat\u0131r\u0131mc\u0131 da bu g\u00fcvenden yola \u00e7\u0131karak sekt\u00f6r\u00fcm\u00fcze yat\u0131r\u0131m hareketi ba\u015flatt\u0131. 2 ayl\u0131k gerilemenin ard\u0131ndan y\u00fczde 40\u2019a varan art\u0131\u015f, bunu g\u00f6steriyor. \u00c7evre ve \u015eehircilik Bakanl\u0131\u011f\u0131\u2019n\u0131n kentsel d\u00f6n\u00fc\u015f\u00fcm projelerine sa\u011flad\u0131\u011f\u0131 KDV indirimi, bu y\u00f6ndeki projelere h\u0131z kazand\u0131rd\u0131. Sekt\u00f6r\u00fcm\u00fczde hem sat\u0131\u015f hem de yat\u0131r\u0131m odakl\u0131 bir a\u00e7\u0131l\u0131m d\u00f6nemi ba\u015flad\u0131. Sekt\u00f6r\u00fcm\u00fcz g\u00fcvenilir yat\u0131r\u0131m arac\u0131 olarak misyonunu, ekonomiye sa\u011flad\u0131\u011f\u0131 katma de\u011ferde de a\u00e7\u0131k ara \u00f6nc\u00fc pozisyonunu koruyor. T\u00fcrkiye\u2019nin azalan stoklarla birlikte yeni konutlara ihtiyac\u0131 var. Di\u011fer yandan kentsel d\u00f6n\u00fc\u015f\u00fcm en \u00f6nemli g\u00fcndem maddemiz. Bu y\u00f6nde planlanan projeler raflardan inmeye ba\u015flad\u0131. Kentsel d\u00f6n\u00fc\u015f\u00fcmde \u00fcretim h\u0131z kazan\u0131yor. Bug\u00fcn yap\u0131lan yat\u0131r\u0131mlar, sadece yat\u0131r\u0131mc\u0131lar\u0131 nitelikli projelerle bulu\u015fturmayacak, ayn\u0131 zamanda T\u00fcrkiye\u2019nin yeni kent vizyonuna katk\u0131 sa\u011flayacak. Faiz oranlar\u0131nda yap\u0131lacak bir indirim ile daha y\u00fcksek oranlar\u0131 yakalayabiliriz\u201d<\/p>\n","protected":false},"excerpt":{"rendered":"<p>T\u00fcrkiye genelinde konut sat\u0131\u015flar\u0131 mart ay\u0131nda bir \u00f6nceki y\u0131l\u0131n ayn\u0131 ay\u0131na g\u00f6re %2,4 artarak 111 bin 241 oldu. Yabanc\u0131lara yap\u0131lan konut sat\u0131\u015flar\u0131 bir \u00f6nceki y\u0131l\u0131n ayn\u0131 ay\u0131na g\u00f6re %39,9 artarak 4 bin 248 oldu. T\u00fcrkiyegenelinde mart ay\u0131nda ipotekli konut sat\u0131\u015flar\u0131 bir \u00f6nceki y\u0131l\u0131n ayn\u0131 ay\u0131na g\u00f6re %49,7 azal\u0131\u015f g\u00f6stererek 21 bin 815 oldu. T\u00dc\u0130K\u00a0Mart 2021 [&hellip;]<\/p>\n","protected":false},"author":1,"featured_media":18528,"comment_status":"open","ping_status":"open","sticky":false,"template":"","format":"standard","meta":{"ngg_post_thumbnail":0},"categories":[5388],"tags":[9141],"_links":{"self":[{"href":"https:\/\/emlaktuel.com\/index.php?rest_route=\/wp\/v2\/posts\/34999"}],"collection":[{"href":"https:\/\/emlaktuel.com\/index.php?rest_route=\/wp\/v2\/posts"}],"about":[{"href":"https:\/\/emlaktuel.com\/index.php?rest_route=\/wp\/v2\/types\/post"}],"author":[{"embeddable":true,"href":"https:\/\/emlaktuel.com\/index.php?rest_route=\/wp\/v2\/users\/1"}],"replies":[{"embeddable":true,"href":"https:\/\/emlaktuel.com\/index.php?rest_route=%2Fwp%2Fv2%2Fcomments&post=34999"}],"version-history":[{"count":1,"href":"https:\/\/emlaktuel.com\/index.php?rest_route=\/wp\/v2\/posts\/34999\/revisions"}],"predecessor-version":[{"id":35000,"href":"https:\/\/emlaktuel.com\/index.php?rest_route=\/wp\/v2\/posts\/34999\/revisions\/35000"}],"wp:featuredmedia":[{"embeddable":true,"href":"https:\/\/emlaktuel.com\/index.php?rest_route=\/wp\/v2\/media\/18528"}],"wp:attachment":[{"href":"https:\/\/emlaktuel.com\/index.php?rest_route=%2Fwp%2Fv2%2Fmedia&parent=34999"}],"wp:term":[{"taxonomy":"category","embeddable":true,"href":"https:\/\/emlaktuel.com\/index.php?rest_route=%2Fwp%2Fv2%2Fcategories&post=34999"},{"taxonomy":"post_tag","embeddable":true,"href":"https:\/\/emlaktuel.com\/index.php?rest_route=%2Fwp%2Fv2%2Ftags&post=34999"}],"curies":[{"name":"wp","href":"https:\/\/api.w.org\/{rel}","templated":true}]}}