{"id":34876,"date":"2021-04-06T09:25:52","date_gmt":"2021-04-06T06:25:52","guid":{"rendered":"https:\/\/emlaktuel.com\/?p=34876"},"modified":"2021-04-06T09:25:52","modified_gmt":"2021-04-06T06:25:52","slug":"insaat-sektorunde-ilk-ceyrek-ve-yil-beklentileri","status":"publish","type":"post","link":"https:\/\/emlaktuel.com\/?p=34876","title":{"rendered":"\u0130n\u015faat sekt\u00f6r\u00fcnde ilk \u00e7eyrek ve y\u0131l beklentileri"},"content":{"rendered":"<p><strong><em>\u0130lk \u00e7eyre\u011fi dura\u011fan ge\u00e7iren in\u015faat sekt\u00f6r\u00fc, a\u015f\u0131 ve istikrarl\u0131 para politikalar\u0131na g\u00fcveniyor.<\/em><\/strong><\/p>\n<p>Bir y\u0131l\u0131 a\u015fk\u0131n s\u00fcredir etkisini g\u00f6steren pandeminin en \u00e7ok etkiledi\u011fi sekt\u00f6rlerin ba\u015f\u0131nda in\u015faat sekt\u00f6r\u00fc geliyor. Salg\u0131n\u0131n ilk d\u00f6nemlerinde durma noktas\u0131na gelen sekt\u00f6r, devlet te\u015fvikleri ve d\u00fc\u015fen kredi faizleri ile k\u0131sa s\u00fcreli bir canlanma ya\u015fayarak 2021 itibariyle rutin seyrine devam ediyor.<\/p>\n<p>Pandeminin global ekonomi ile birlikte in\u015faat sekt\u00f6r\u00fcn\u00fc de durgunla\u015ft\u0131rd\u0131\u011f\u0131n\u0131n alt\u0131n\u0131 \u00e7izen<strong>\u00a0Home Yap\u0131 Kurucu Orta\u011f\u0131 \u0130n\u015faat M\u00fchendisi Nevzat \u00dclk\u00fcseven<\/strong>, \u201cKoronavir\u00fcs salg\u0131n\u0131 nedeniyle k\u00fcresel ekonomi 2020 y\u0131l\u0131nda tarihi durgunluklar\u0131ndan birini ya\u015fayarak, y\u0131l\u0131 bir tarafta umudun di\u011fer tarafta da endi\u015felerin artt\u0131\u011f\u0131 kar\u0131\u015f\u0131k bir g\u00f6r\u00fcnt\u00fc i\u00e7inde tamamlad\u0131. OECD ve IMF raporlar\u0131na g\u00f6re k\u00fcresel ekonomi 2020 y\u0131l\u0131n\u0131 % 4 civar\u0131nda k\u00fc\u00e7\u00fclerek kapatt\u0131. Buna paralel olarak konut sat\u0131\u015flar\u0131 da 2020 y\u0131l\u0131n\u0131n son \u00e7eyre\u011finde y\u0131ll\u0131k bazda % 48 azald\u0131. Talepteki yava\u015flama ve gelirlerdeki azalmaya kar\u015f\u0131l\u0131k maliyetlerdeki art\u0131\u015f\u0131n s\u00fcrmesine ba\u011fl\u0131 olarak bina in\u015faat\u0131nda reel ciro azald\u0131. TU\u0130K verileri de bunu do\u011fruluyor. Pandemi ile ortaya \u00e7\u0131kan yeni ko\u015fullar i\u00e7inde AVM, ofis ve turizm tesislerinin ya\u015fad\u0131\u011f\u0131 s\u0131k\u0131nt\u0131lar nedeniyle ticari gayrimenkul sekt\u00f6r\u00fcne y\u00f6nelik al\u0131nan yap\u0131 ruhsatlar\u0131 da \u00f6nemli \u00f6l\u00e7\u00fcde gerilemi\u015ftir. Konut d\u0131\u015f\u0131 binalara y\u00f6nelik yeni talep i\u015ftah\u0131 azalmaktad\u0131r. Home Yap\u0131 olarak yatay mimari anlay\u0131\u015f\u0131 ile ger\u00e7ekle\u015ftirdi\u011fimiz projelerimiz ile pandemi s\u00fcrecinde insanlar\u0131n ihtiya\u00e7lar\u0131na cevap vermeyi ba\u015fard\u0131k.\u201d dedi.<\/p>\n<h2><strong><em>\u201cSekt\u00f6r \u0130lk \u00c7eyrekte Yatay Bir Seyir \u0130zledi\u201d\u00a0<\/em><\/strong><\/h2>\n<p>\u0130lk \u00e7eyre\u011fin dura\u011fan ge\u00e7ti\u011fine vurgu yapan\u00a0<strong>Nevzat \u00dclk\u00fcseven<\/strong>, s\u00f6zlerine \u015f\u00f6yle devam etti: \u201c\u0130n\u015faat sekt\u00f6r\u00fc, \u00e7e\u015fitli kurumlar\u0131n yay\u0131nlad\u0131\u011f\u0131 2021 y\u0131l\u0131 ilk \u00e7eyrek beklenti endekslerine g\u00f6re paralel olarak i\u00e7 pazarda yatay bir seyir ile ge\u00e7ti. 2020 sonlar\u0131ndan itibaren gerilemeye ba\u015flayan in\u015faat sekt\u00f6r\u00fc mevsimselli\u011finde etkisi ile 2021 y\u0131l\u0131 ilk \u00e7eyre\u011fi i\u015flerin daha da yava\u015flad\u0131\u011f\u0131 bir d\u00f6nem olarak \u00f6n\u00fcm\u00fcze \u00e7\u0131k\u0131yor. Kapatma ve k\u0131s\u0131tlamalar da ilk \u00e7eyrekte in\u015faat i\u015flerini olumsuz etkiledi. K\u0131saca 2021 y\u0131l\u0131 ilk \u00e7eyre\u011fi zor ge\u00e7ti diyebiliriz. Home Yap\u0131 olarak 2020 y\u0131l\u0131 son \u00e7eyre\u011fi ve 2021 y\u0131l\u0131 ilk \u00e7eyre\u011fini daha \u00e7ok taahh\u00fct i\u015flerine a\u011f\u0131rl\u0131k vererek sekt\u00f6rdeki olumsuzluklardan etkilenmeden ge\u00e7irdik.\u201d<\/p>\n<h2><strong><em>\u201cEkonomi Para Politikas\u0131 ve A\u015f\u0131 2021\u2019in Belirleyicisi Olacak\u201d<\/em><\/strong><\/h2>\n<p>Sekt\u00f6r\u00fcn 2021 y\u0131l\u0131 performans\u0131n\u0131 belirleyecek ilk unsurun d\u00fcnyada ve T\u00fcrkiye\u2018de a\u015f\u0131 uygulamas\u0131 ile bunun sonu\u00e7lar\u0131 olaca\u011f\u0131na vurgu yapan\u00a0<strong>\u00dclk\u00fcseven<\/strong>: \u201cKonut piyasas\u0131nda ge\u00e7ti\u011fimiz y\u0131l konut kredi faizlerinin d\u00fc\u015f\u00fcr\u00fclmesi, yabanc\u0131lara sat\u0131\u015flar\u0131n s\u00fcrmesi ile k\u0131sa s\u00fcreli etkili olan canlanma, in\u015faat faaliyetlerinin yeniden yava\u015flamas\u0131 ile sekt\u00f6re ili\u015fkin iyimser beklentilerin de zay\u0131flamas\u0131na neden oluyor. A\u015f\u0131 sonras\u0131 toplu ba\u011f\u0131\u015f\u0131kl\u0131k kazan\u0131lmaya ba\u015flamas\u0131 in\u015faat sekt\u00f6r\u00fcn\u00fc olumlu etkileyecektir. 2021 y\u0131l\u0131nda in\u015faat sekt\u00f6r\u00fcnde belirleyici olacak di\u011fer unsur da ekonomide uygulanacak para politikas\u0131 ve yine ekonomi ile hukuk, demokrasi alan\u0131nda yap\u0131lacak olan iyile\u015ftirmeler olacakt\u0131r. Merkez bankas\u0131 2021 y\u0131l\u0131n\u0131n \u00f6nemli bir b\u00f6l\u00fcm\u00fcnde y\u00fcksek politika faizini koruyacak gibi duruyor. Buna ba\u011fl\u0131 olarak konut kredisi ve TL ticari kredi faiz oranlar\u0131 da y\u00fcksek kalacakt\u0131r. Yani finansman taraf\u0131nda 2021\u2018i \u00e7ok fazla destekleyecek ko\u015fullar \u015fuan i\u00e7in g\u00f6r\u00fcnm\u00fcyor. Marmara depremi sonras\u0131 kentsel d\u00f6n\u00fc\u015f\u00fcm ve bina g\u00fc\u00e7lendirme alan\u0131nda yeniden ba\u015flayan hareketlilik \u00f6n\u00fcm\u00fczdeki g\u00fcnler i\u00e7in sekt\u00f6rde belki bir miktar canlanman\u0131n i\u015fareti olabilir. 2021 y\u0131l\u0131nda a\u015f\u0131n\u0131n devreye girmesiyle sat\u0131\u015flar\u0131n yukar\u0131 do\u011fru bir ivme ile tablonun yukar\u0131ya do\u011fru art\u0131\u015f y\u00f6nl\u00fc bir grafi\u011fe d\u00f6n\u00fc\u015fmesini \u00fcmit ediyoruz. Home Yap\u0131 olarak 2021 y\u0131l\u0131n\u0131n g\u00f6r\u00fc\u015fmeleri devam eden \u00e7e\u015fitli projelere imza ataca\u011f\u0131m\u0131z, elimizdeki projeleri de hayata ge\u00e7irece\u011fimiz g\u00fczel bir y\u0131l olaca\u011f\u0131n\u0131 umuyoruz.\u201d<\/p>\n","protected":false},"excerpt":{"rendered":"<p>\u0130lk \u00e7eyre\u011fi dura\u011fan ge\u00e7iren in\u015faat sekt\u00f6r\u00fc, a\u015f\u0131 ve istikrarl\u0131 para politikalar\u0131na g\u00fcveniyor. Bir y\u0131l\u0131 a\u015fk\u0131n s\u00fcredir etkisini g\u00f6steren pandeminin en \u00e7ok etkiledi\u011fi sekt\u00f6rlerin ba\u015f\u0131nda in\u015faat sekt\u00f6r\u00fc geliyor. Salg\u0131n\u0131n ilk d\u00f6nemlerinde durma noktas\u0131na gelen sekt\u00f6r, devlet te\u015fvikleri ve d\u00fc\u015fen kredi faizleri ile k\u0131sa s\u00fcreli bir canlanma ya\u015fayarak 2021 itibariyle rutin seyrine devam ediyor. Pandeminin global ekonomi [&hellip;]<\/p>\n","protected":false},"author":1,"featured_media":34877,"comment_status":"open","ping_status":"open","sticky":false,"template":"","format":"standard","meta":{"ngg_post_thumbnail":0},"categories":[5388],"tags":[1258],"_links":{"self":[{"href":"https:\/\/emlaktuel.com\/index.php?rest_route=\/wp\/v2\/posts\/34876"}],"collection":[{"href":"https:\/\/emlaktuel.com\/index.php?rest_route=\/wp\/v2\/posts"}],"about":[{"href":"https:\/\/emlaktuel.com\/index.php?rest_route=\/wp\/v2\/types\/post"}],"author":[{"embeddable":true,"href":"https:\/\/emlaktuel.com\/index.php?rest_route=\/wp\/v2\/users\/1"}],"replies":[{"embeddable":true,"href":"https:\/\/emlaktuel.com\/index.php?rest_route=%2Fwp%2Fv2%2Fcomments&post=34876"}],"version-history":[{"count":1,"href":"https:\/\/emlaktuel.com\/index.php?rest_route=\/wp\/v2\/posts\/34876\/revisions"}],"predecessor-version":[{"id":34878,"href":"https:\/\/emlaktuel.com\/index.php?rest_route=\/wp\/v2\/posts\/34876\/revisions\/34878"}],"wp:featuredmedia":[{"embeddable":true,"href":"https:\/\/emlaktuel.com\/index.php?rest_route=\/wp\/v2\/media\/34877"}],"wp:attachment":[{"href":"https:\/\/emlaktuel.com\/index.php?rest_route=%2Fwp%2Fv2%2Fmedia&parent=34876"}],"wp:term":[{"taxonomy":"category","embeddable":true,"href":"https:\/\/emlaktuel.com\/index.php?rest_route=%2Fwp%2Fv2%2Fcategories&post=34876"},{"taxonomy":"post_tag","embeddable":true,"href":"https:\/\/emlaktuel.com\/index.php?rest_route=%2Fwp%2Fv2%2Ftags&post=34876"}],"curies":[{"name":"wp","href":"https:\/\/api.w.org\/{rel}","templated":true}]}}