{"id":34843,"date":"2021-04-04T12:04:27","date_gmt":"2021-04-04T09:04:27","guid":{"rendered":"https:\/\/emlaktuel.com\/?p=34843"},"modified":"2021-04-04T12:07:04","modified_gmt":"2021-04-04T09:07:04","slug":"adiyamanda-baslatilan-istihdamda-egitim-hareketi-turkiye-capinda-yatirimlara-ornek-oluyor","status":"publish","type":"post","link":"https:\/\/emlaktuel.com\/?p=34843","title":{"rendered":"Cengiz Holding&#8217;in Ad\u0131yaman&#8217;da Bak\u0131r tesisi yat\u0131r\u0131m\u0131, yeni yat\u0131r\u0131mlara sosyal sorumluluk bili\u00e7 kazand\u0131rd\u0131"},"content":{"rendered":"<p><strong>Ba\u015flatt\u0131\u011f\u0131 istihdamda e\u011fitim hareketiyle ba\u015fta G\u00fcneydo\u011fu Anadolu B\u00f6lgesi olmak \u00fczere T\u00fcrkiye\u2019deki yat\u0131r\u0131mlar i\u00e7in rol model olan\u00a0Ad\u0131yaman Bak\u0131r \u0130\u015fletmesi Konsantrat\u00f6r Tesisi, ilin sanayile\u015fme potansiyelini ortaya \u00e7\u0131kard\u0131. 2018\u2019de faaliyete ba\u015flayan i\u015fletme, yat\u0131r\u0131mlara ticari faydan\u0131n \u00f6tesinde, sosyal sorumluluk bilincine sahip bir model kazand\u0131rd\u0131. Ad\u0131yaman, bu yeni yat\u0131r\u0131m modelinin etkisiyle sanayi yat\u0131r\u0131mlar\u0131nda G\u00fcneydo\u011fu Anadolu\u2019nun ilk be\u015f kenti aras\u0131nda yer almay\u0131 ba\u015fard\u0131.<\/strong><\/p>\n<p><strong>\u00a0<\/strong><\/p>\n<p><strong>Son y\u0131llarda dev yat\u0131r\u0131mlarla G\u00fcneydo\u011fu Anadolu b\u00f6lgesinde istihdam ve kalk\u0131nmaya hem say\u0131sal hem de niteliksel a\u00e7\u0131dan b\u00fcy\u00fck katk\u0131da bulunan Cengiz Holding, sosyal sorumluluk bilinci yakla\u015f\u0131m\u0131n\u0131n bir sonucu olarak insana yat\u0131r\u0131m\u0131 temel politika olarak belirledi. \u0130nsan odakl\u0131 politikas\u0131yla b\u00f6lge insana verdi\u011fi e\u011fitimlerle onlar\u0131 i\u015f sahibi yaparken, farkl\u0131 yetkinlikler de kazand\u0131rd\u0131. Cengiz Holding\u2019in G\u00fcneydo\u011fu Anadolu B\u00f6lgesi\u2019ni hedef alarak ba\u015flatt\u0131\u011f\u0131 istihdamda e\u011fitim hareketi, T\u00fcrkiye\u2019de son d\u00f6nemde yap\u0131lan yat\u0131r\u0131mlar i\u00e7in de \u00f6rnek te\u015fkil ediyor.<\/strong><\/p>\n<p>&nbsp;<\/p>\n<p>Ad\u0131yaman\u2019da 1950\u2019li y\u0131llarda ba\u015flayan sanayile\u015fme faaliyetleri, dev yat\u0131r\u0131mlar\u0131n katk\u0131s\u0131yla h\u0131z kazand\u0131. Ekonomisi a\u011f\u0131rl\u0131kl\u0131 olarak tar\u0131ma dayanan ilde, \u00f6zellikle zengin yeralt\u0131 kaynaklar\u0131na yap\u0131lan yat\u0131r\u0131mlar, sanayile\u015fme e\u011filimine y\u00f6n verdi. Bug\u00fcn farkl\u0131 alanlarda sanayi sicil belgesine sahip olan 449 i\u015fletmede, yakla\u015f\u0131k 15 bin ki\u015filik istihdam yarat\u0131l\u0131yor. Ad\u0131yaman, bu y\u00fckseli\u015fiyle sanayi yat\u0131r\u0131mlar\u0131nda G\u00fcneydo\u011fu Anadolu\u2019nun ilk be\u015f kenti aras\u0131nda yer al\u0131yor.<\/p>\n<h2><strong>Ad\u0131yaman\u2019\u0131n sanayi potansiyelini ortaya \u00e7\u0131kad\u0131<\/strong><\/h2>\n<p>Cengiz Holding, 110 milyon dolarl\u0131k yat\u0131r\u0131m\u0131n\u0131n eseri olan Ad\u0131yaman Bak\u0131r \u0130\u015fletmesi Konsantrat\u00f6r Tesisi arac\u0131l\u0131\u011f\u0131yla ildeki sanayile\u015fme e\u011filimine y\u00f6n veren bir yat\u0131r\u0131m\u0131 b\u00f6lgeye kazand\u0131rd\u0131. \u0130lin sanayi potansiyelini ortaya \u00e7\u0131karan Ad\u0131yaman Bak\u0131r \u0130\u015fletmesi Konsantrat\u00f6r Tesisi, yeni yat\u0131r\u0131mlar\u0131 da tetikleyen bir hareket kazand\u0131rd\u0131. B\u00f6lgenin en b\u00fcy\u00fck tesisi olan dev yat\u0131r\u0131m, T\u00fcrkiye\u2019nin en \u00f6nemli bak\u0131r yataklar\u0131ndan birinin bulundu\u011fu Ad\u0131yaman\u2019\u0131n markala\u015fma s\u00fcrecine nitelikli bir de\u011fer kazand\u0131rd\u0131. Ad\u0131yaman topraklar\u0131ndan \u00e7\u0131kar\u0131lan bak\u0131r, Ad\u0131yaman Bak\u0131r \u0130\u015fletmesi Konsantrat\u00f6r Tesisi\u2019nde %12-14 konsantre seviyesine getirilerek T\u00fcrkiye\u2019ye ve d\u00fcnyaya kazand\u0131r\u0131l\u0131yor.<\/p>\n<h2><strong>\u00dclke genelinde istihdama say\u0131sal ve nitelikli katk\u0131<\/strong><\/h2>\n<p>G\u00fcneydo\u011fu Anadolu B\u00f6lgesi\u2019nde en \u00e7ok sanayi tesislerine sahip olan iller s\u0131ralamas\u0131nda ilk 5\u2019e yerle\u015fen Ad\u0131yaman, b\u00f6lgenin giderek g\u00fc\u00e7lenen sanayi yat\u0131r\u0131mlar\u0131na en b\u00fcy\u00fck desteklerden birini veriyor. \u0130lde tar\u0131ma dayal\u0131 sanayiden madencilik gibi katma de\u011feri y\u00fcksek sekt\u00f6rleri i\u00e7eren sanayiye y\u00f6nelik bir geli\u015fim ya\u015fan\u0131yor. Cengiz Holdingtaraf\u0131ndan2018 y\u0131l\u0131nda, \u00c7ED olumlu karar\u0131yla devreye al\u0131nan Ad\u0131yaman Bak\u0131r \u0130\u015fletmesi Konsantrat\u00f6r Tesisi<strong>,\u00a0<\/strong>ilin istihdam\u0131na sadece say\u0131sal olarak de\u011fil ayn\u0131 zamanda nitelikli bir katk\u0131 sundu. B\u00f6lgenin en b\u00fcy\u00fck tesisi olarak do\u011frudan yat\u0131r\u0131m d\u00f6neminde 1100, i\u015fletme d\u00f6neminde ise450 ki\u015fiye i\u015f imk\u00e2n\u0131 yaratt\u0131. \u0130stihdam\u0131n\u0131n y\u00fczde 80\u2019inden fazlas\u0131n\u0131 ise b\u00f6lge insan\u0131 olu\u015fturdu. B\u00f6ylece Ad\u0131yaman ve civar \u015fehirlerdeki potansiyel i\u015f g\u00fcc\u00fc, b\u00f6lge ekonomisine kazand\u0131r\u0131ld\u0131. \u0130\u015fletme, \u00e7al\u0131\u015fanlar\u0131n aileleriyle birlikte hesap edildi\u011finde, 2 binden fazla ki\u015fi i\u00e7in ekmek kap\u0131s\u0131 oldu.<\/p>\n<h2><strong>Gelecek i\u00e7in projeksiyon oluyor<\/strong><\/h2>\n<p>T\u00fcrkiye\u2019nin farkl\u0131 b\u00f6lgelerinde hayata ge\u00e7irdi\u011fi dev yat\u0131r\u0131mlarla b\u00f6lgesel ekonominin geli\u015fiminde s\u0131n\u0131rlar\u0131 a\u015fan bir yakla\u015f\u0131m sunan Cengiz Holding,Ad\u0131yaman Bak\u0131r \u0130\u015fletmesi Konsantrat\u00f6r Tesisi ile T\u00fcrkiye\u2019nin y\u0131ll\u0131k bak\u0131r ihtiyac\u0131 olan 450.000 tonun 18.500 tonunu tek ba\u015f\u0131na\u00a0kar\u015f\u0131l\u0131yor.\u00a0T\u00fcrkiye\u2019de yap\u0131lan ve yap\u0131lacak yeni yat\u0131r\u0131mlara \u00f6rnek te\u015fkil ederek de misyonunu tamaml\u0131yor. \u00a0 12 y\u0131ll\u0131k bir \u00f6mr\u00fc bulunan tesis, alt yap\u0131, galeri ilerleme, sabit tesisler, ka\u00e7\u0131\u015f cepleri, havaland\u0131rma, su at\u0131m y\u00f6netimi, enerji hatlar\u0131, haberle\u015fme hatlar\u0131, s\u0131\u011f\u0131nma istasyonlar\u0131 gibi say\u0131s\u0131z ince ayr\u0131nt\u0131y\u0131 i\u00e7inde bar\u0131nd\u0131ran bir planlama ile gelece\u011fe projeksiyon tutuyor.<\/p>\n<h2><strong>\u0130stihdamda e\u011fitim hareketi<\/strong><\/h2>\n<p>Ad\u0131yaman Bak\u0131r \u0130\u015fletmesi Konsantrat\u00f6r Tesisi ile ba\u015flat\u0131lan istihdamda e\u011fitim hareketi kapsam\u0131nda, i\u015f g\u00fcvenli\u011fine uygun ve \u00e7evreye duyarl\u0131 olarak s\u00fcrd\u00fcr\u00fclen faaliyetlerde \u00e7al\u0131\u015fanlara farkl\u0131 e\u011fitimler verildi. Verilen e\u011fitimlerle \u00e7al\u0131\u015fanlara farkl\u0131 bran\u015flarda yetkinlik kazand\u0131r\u0131larak nitelikli i\u015f g\u00fcc\u00fcn\u00fcn olu\u015fmas\u0131nda \u00f6nemli bir kazan\u0131m sa\u011fland\u0131. \u0130l Milli E\u011fitim M\u00fcd\u00fcrl\u00fc\u011f\u00fc ve Ad\u0131yaman Halk E\u011fitim M\u00fcd\u00fcrl\u00fc\u011f\u00fc i\u015fbirli\u011finde s\u00fcrd\u00fcr\u00fclen e\u011fitimlerde \u00e7al\u0131\u015fanlar\u0131n teknik bilgi ve yasal donan\u0131m ihtiya\u00e7lar\u0131 en \u00fcst d\u00fczeyde ve kanunlara uygun \u015fekilde sa\u011fland\u0131. \u00c7al\u0131\u015fanlarla ba\u015flayan e\u011fitim s\u00fcreci t\u00fcm b\u00f6lgede yayg\u0131nla\u015ft\u0131r\u0131ld\u0131. Bu sayede750\u2019yi a\u015fan \u00e7al\u0131\u015fan, resmi G s\u0131n\u0131f\u0131 i\u015f makinesi operat\u00f6rl\u00fck belgesi, mesleki yeterlilik belgesi, kaynak\u00e7\u0131, tahkimat\u00e7\u0131, y\u00fcksek ak\u0131m sertifikal\u0131 elektrik\u00e7i belgesi sahibi oldu. Soluksuz s\u00fcrd\u00fcr\u00fclen e\u011fitimler, payda\u015f kat\u0131l\u0131m prensibi ile civar k\u00f6ylere ve b\u00f6lge geneline yap\u0131lan hizmetler ile desteklendi. Uluslararas\u0131 standartlarla (EBR) sosyal yard\u0131m politikalar\u0131 ile y\u00f6netilen e\u011fitimler, uluslararas\u0131 ba\u011f\u0131ms\u0131z denetim kurulu\u015flar\u0131 taraf\u0131ndan d\u00fczenli olarak denetleniyor.<strong>\u00a0<\/strong><\/p>\n<h2><strong>Nitelikli i\u015f g\u00fcc\u00fcn\u00fcn geli\u015fimesini tetikliyor<\/strong><\/h2>\n<p>Cengiz Holding, toplumsal ve ekonomik fayday\u0131 g\u00f6zeten e\u011fitim hareketini G\u00fcney Do\u011fu Anadolu b\u00f6lgesinde yayg\u0131nla\u015ft\u0131rarak T\u00fcrkiye\u2019de bir ilki hayata ge\u00e7irdi.Ad\u0131yaman Bak\u0131r \u0130\u015fletmesi Konsantrat\u00f6r Tesisi\u2019nde T\u00fcrkiye Ta\u015f K\u00f6m\u00fcr\u00fc Kurumu taraf\u0131ndan sertifikaland\u0131r\u0131lan 21 ki\u015filik maden kurtarma (Tahlisiye) ekibi kontrol\u00fcnde y\u00fcr\u00fct\u00fclen s\u00fcrekli e\u011fitim programlar\u0131, \u00e7al\u0131\u015fanlar\u0131n yeteneklerini art\u0131r\u0131yor. En geli\u015fmi\u015f teknik ekipmanlarla i\u015f g\u00fcc\u00fcn\u00fcn kalitesi y\u00fckseltiliyor. E\u011fitimlerle madencilik sekt\u00f6r\u00fcn\u00fcn de geli\u015fimine ili\u015fkin yeni alanlar yarat\u0131yor.<\/p>\n<h2><strong>Do\u011faya ve \u00e7evreye olan duyarl\u0131l\u0131\u011f\u0131 en \u00fcst seviyede<\/strong><\/h2>\n<p>Cengiz Holding, T\u00fcrkiye\u2019de toplumsal ve ekonomik fayda g\u00f6zetilerek yap\u0131lan yat\u0131r\u0131mlara \u00f6rnek olurken, do\u011fa ve \u00e7evreye duyarl\u0131l\u0131\u011f\u0131n\u0131da en \u00fcst seviyede g\u00f6zetiyor. \u00c7evre ve \u015eehircilik Bakanl\u0131\u011f\u0131\u2019ndan zorlu ve disiplinli bir s\u00fcre\u00e7 sunucunda al\u0131nabilen \u00c7evre \u0130zin ve Lisans Belgesi\u2019ne sahip olan tesis, \u00e7evre yat\u0131r\u0131mlar\u0131yla da do\u011fayla dostluk kuruyor. S\u00fcrd\u00fcr\u00fclebilirlik a\u00e7\u0131s\u0131ndan; At\u0131k Depolama Tesisi, At\u0131ksu Ar\u0131tma Tesisleri, Ge\u00e7ici Depolama Tesisleri gibi dev \u00e7evresel yat\u0131r\u0131mlar yap\u0131larak, ekonomik kayg\u0131larla \u00e7evresel ko\u015fullar g\u00f6z ard\u0131 edilmiyor. S\u0131f\u0131r At\u0131k prensibiyle \u00e7al\u0131\u015fan i\u015fletme, \u00c7evre ve \u015eehircilik Bakanl\u0131\u011f\u0131\u2019ndan verilen S\u0131f\u0131r At\u0131k Belgesi\u2019ne sahip.<\/p>\n<h2><strong>70 bin adet civar\u0131nda a\u011fa\u00e7 dikilmesi hedefleniyor<\/strong><\/h2>\n<p>Tesisin sahip oldu\u011fu \u00e7evreyle dost yakla\u015f\u0131m\u0131n\u0131n bir neticesi olarak ger\u00e7ekle\u015ftirilen a\u011fa\u00e7land\u0131rma \u00e7al\u0131\u015fmalar\u0131 kapsam\u0131nda 3 y\u0131lda yakla\u015f\u0131k 5 bin adet fidan dikimi yap\u0131ld\u0131. B\u00f6lgede a\u011fa\u00e7 dikimleri aral\u0131ks\u0131z devam ediyor. \u0130\u015fletme s\u00fcresince yakla\u015f\u0131k 70 bin a\u011fa\u00e7 dikilmesi hedefleniyor. Ayr\u0131ca madencilik faaliyetinin tamamlanmas\u0131na m\u00fcteakip ba\u015flat\u0131lacak rehabilitasyon \u00e7al\u0131\u015fmalar\u0131 kapsam\u0131nda24,3 hektarl\u0131k alan\u0131n a\u011fa\u00e7land\u0131r\u0131lmas\u0131 planlan\u0131yor. Yaban hayat\u0131n\u0131 da desteklemeyi kendine vazife edinen tesis, b\u00f6lgenin sembol\u00fc olan yaban ke\u00e7ilerinin ka\u00e7ak avlanmadan korunmas\u0131nda ve k\u0131\u015f\u0131n zor \u015fartlarda yem deste\u011fiyle hayata tutunmas\u0131nda b\u00fcy\u00fck rol \u00fcstleniyor.<\/p>\n<h3><strong>Ad\u0131yaman Bak\u0131r \u0130\u015fletmesi Konsantrat\u00f6r Tesisi\u2019nin \u00d6ne \u00c7\u0131kan \u00d6zellikleri:<\/strong><\/h3>\n<ul>\n<li>\u00d6nce insan yakla\u015f\u0131m\u0131na sahip tesiste; yeralt\u0131 s\u0131\u011f\u0131nma istasyonlar\u0131, yeralt\u0131 yemek hane istasyonlar\u0131, geri dolgu istasyonlar\u0131, yeralt\u0131 cevher nakliye bant yollar\u0131, yeralt\u0131 at\u0131k su istasyonlar\u0131, at\u0131k su ve temiz su istasyonlar\u0131 gibi bir\u00e7ok sabit tesisi i\u00e7inde bar\u0131nd\u0131rmaktad\u0131r.<\/li>\n<li>Yeralt\u0131 geri dolgulu g\u00f6\u00e7ertmeli katlar aras\u0131 \u00fcretim metodu uygulanmaktad\u0131r.<\/li>\n<li>Tam mekanize olarak \u00e7al\u0131\u015f\u0131lmaktad\u0131r.<\/li>\n<li>Her bir kat aras\u0131 mesafe 15 metre olacak \u015fekilde planlanm\u0131\u015ft\u0131r.<\/li>\n<li>Cevher ayna (drift) boylar\u0131 yakla\u015f\u0131k olarak 50-70 metre aras\u0131nda de\u011fi\u015fmektedir.<\/li>\n<li>Geri dolgu olarak \u00e7imentolu pasa dolgu kullan\u0131lmaktad\u0131r.<\/li>\n<li>\u00dcretimi yap\u0131lan her bir bo\u015fluk yukar\u0131daki dolgu sistemlerinden biri ile doldurulmaktad\u0131r.<\/li>\n<li>Y\u0131ll\u0131k 560.000 tont\u00fcvenan cevher \u00e7\u0131karmaktad\u0131r. Ortalama cevher ten\u00f6r\u00fc% 3- 3,5cu olarak planlanmaktad\u0131r.<\/li>\n<li>Tahkimats\u0131z alan diye tan\u0131mlanan t\u00fcm b\u00f6lgelerdeki \u00e7al\u0131\u015fmalar, uzaktan kontroll\u00fc insans\u0131z ekipmanlar kullan\u0131larak yap\u0131lmaktad\u0131r.<\/li>\n<\/ul>\n","protected":false},"excerpt":{"rendered":"<p>Ba\u015flatt\u0131\u011f\u0131 istihdamda e\u011fitim hareketiyle ba\u015fta G\u00fcneydo\u011fu Anadolu B\u00f6lgesi olmak \u00fczere T\u00fcrkiye\u2019deki yat\u0131r\u0131mlar i\u00e7in rol model olan\u00a0Ad\u0131yaman Bak\u0131r \u0130\u015fletmesi Konsantrat\u00f6r Tesisi, ilin sanayile\u015fme potansiyelini ortaya \u00e7\u0131kard\u0131. 2018\u2019de faaliyete ba\u015flayan i\u015fletme, yat\u0131r\u0131mlara ticari faydan\u0131n \u00f6tesinde, sosyal sorumluluk bilincine sahip bir model kazand\u0131rd\u0131. Ad\u0131yaman, bu yeni yat\u0131r\u0131m modelinin etkisiyle sanayi yat\u0131r\u0131mlar\u0131nda G\u00fcneydo\u011fu Anadolu\u2019nun ilk be\u015f kenti aras\u0131nda yer [&hellip;]<\/p>\n","protected":false},"author":1,"featured_media":34844,"comment_status":"open","ping_status":"open","sticky":false,"template":"","format":"standard","meta":{"ngg_post_thumbnail":0},"categories":[5388],"tags":[15117,12722],"_links":{"self":[{"href":"https:\/\/emlaktuel.com\/index.php?rest_route=\/wp\/v2\/posts\/34843"}],"collection":[{"href":"https:\/\/emlaktuel.com\/index.php?rest_route=\/wp\/v2\/posts"}],"about":[{"href":"https:\/\/emlaktuel.com\/index.php?rest_route=\/wp\/v2\/types\/post"}],"author":[{"embeddable":true,"href":"https:\/\/emlaktuel.com\/index.php?rest_route=\/wp\/v2\/users\/1"}],"replies":[{"embeddable":true,"href":"https:\/\/emlaktuel.com\/index.php?rest_route=%2Fwp%2Fv2%2Fcomments&post=34843"}],"version-history":[{"count":3,"href":"https:\/\/emlaktuel.com\/index.php?rest_route=\/wp\/v2\/posts\/34843\/revisions"}],"predecessor-version":[{"id":34848,"href":"https:\/\/emlaktuel.com\/index.php?rest_route=\/wp\/v2\/posts\/34843\/revisions\/34848"}],"wp:featuredmedia":[{"embeddable":true,"href":"https:\/\/emlaktuel.com\/index.php?rest_route=\/wp\/v2\/media\/34844"}],"wp:attachment":[{"href":"https:\/\/emlaktuel.com\/index.php?rest_route=%2Fwp%2Fv2%2Fmedia&parent=34843"}],"wp:term":[{"taxonomy":"category","embeddable":true,"href":"https:\/\/emlaktuel.com\/index.php?rest_route=%2Fwp%2Fv2%2Fcategories&post=34843"},{"taxonomy":"post_tag","embeddable":true,"href":"https:\/\/emlaktuel.com\/index.php?rest_route=%2Fwp%2Fv2%2Ftags&post=34843"}],"curies":[{"name":"wp","href":"https:\/\/api.w.org\/{rel}","templated":true}]}}