{"id":34840,"date":"2021-04-03T11:13:12","date_gmt":"2021-04-03T08:13:12","guid":{"rendered":"https:\/\/emlaktuel.com\/?p=34840"},"modified":"2021-04-03T11:13:12","modified_gmt":"2021-04-03T08:13:12","slug":"kaleseramik-inovatif-urunleri-ile-yer-aldigi-cindeki-yapi-fuarinda-ilgi-odagi-oldu","status":"publish","type":"post","link":"https:\/\/emlaktuel.com\/?p=34840","title":{"rendered":"Kaleseramik, inovatif \u00fcr\u00fcnleri ile yer ald\u0131\u011f\u0131 \u00c7in\u2019deki yap\u0131 fuar\u0131nda ilgi oda\u011f\u0131 oldu"},"content":{"rendered":"<p><strong>Kaleseramik, inovatif \u00fcr\u00fcnleri ile yer ald\u0131\u011f\u0131 \u00c7in\u2019deki yap\u0131 fuar\u0131nda ilgi oda\u011f\u0131 oldu.<\/strong><\/p>\n<p><strong>T\u00fcrkiye\u2019nin uluslararas\u0131 seramik pazar\u0131ndaki lider firmas\u0131 Kaleseramik, \u00c7in\u2019de d\u00fczenlenen uluslararas\u0131 Hospitality Design &amp; Supplies Expo\u2019ya (HDE) kat\u0131ld\u0131. Oteller ve ticari alanlar ba\u015fta olmak \u00fczere yap\u0131 malzemeleri alan\u0131nda sekt\u00f6r\u00fcn k\u00fcresel \u00f6l\u00e7ekteki en \u00f6nemli bulu\u015fma noktalar\u0131ndan biri olarak kabul edilen fuarda, Kaleseramik yenilik\u00e7i \u00fcr\u00fcn ve \u00e7\u00f6z\u00fcmleri ile ziyaret\u00e7ilerin ilgi oda\u011f\u0131 oldu.\u00a0<\/strong><\/p>\n<p>Y\u0131ll\u0131k 64,5 milyon metrekare \u00fcretim kapasitesi ile Avrupa\u2019n\u0131n en b\u00fcy\u00fck 5\u2019inci d\u00fcnyan\u0131n en b\u00fcy\u00fck 15\u2019inci seramik \u00fcreticisi Kaleseramik, \u00c7in\u2019in Shanghai \u015fehrinde d\u00fczenlenen Hospitality Design &amp; Supplies Expo\u2019ya damgas\u0131n\u0131 vurdu. 30 Mart \u2013 2 Nisan tarihleri aras\u0131nda d\u00fczenlenen uluslararas\u0131 fuarda ilk kez yerini alan Kaleseramik; yenilik\u00e7i \u00fcr\u00fcnlerini \u00c7inli t\u00fcketici ve profesyonellerin yan\u0131 s\u0131ra farkl\u0131 co\u011frafyalardan gelen kat\u0131l\u0131mc\u0131larla bulu\u015fturdu. Kaleseramik stand\u0131nda yer alan Kalesinterflex Porselen Plakalar ve porselen karolar ile banyo mobilya \u00fcr\u00fcnleri, i\u00e7 mekan tasar\u0131mc\u0131lar\u0131 ve sat\u0131nalma ekiplerinin yan\u0131 s\u0131ra genel fuar ziyaret\u00e7ilerinin de b\u00fcy\u00fck be\u011fenisini kazand\u0131.<\/p>\n<p>Kaleseramik\u2019in, b\u00fcy\u00fck ebatl\u0131 seramiklerle mekanlarda kesintisiz, b\u00fct\u00fcnsel bir g\u00f6r\u00fcn\u00fcm talebini kar\u015f\u0131layan geni\u015f i\u00e7erikli koleksiyonlar\u0131 ve Kalesinterflex\u2019in al\u0131\u015f\u0131lm\u0131\u015f\u0131n d\u0131\u015f\u0131nda yeni kullan\u0131m alanlar\u0131 fuar alan\u0131nda farkl\u0131 \u015fekillerde sergilendi. Fuar\u2019da ayr\u0131ca Kale Banyo\u2019nun her t\u00fcketicinin kendi ya\u015fam alan\u0131n\u0131 kurgulamas\u0131 i\u00e7in farkl\u0131 tarzlara \u00f6zel tasar\u0131mlar ve hayat\u0131 kolayla\u015ft\u0131ran i\u015flevsel \u00e7\u00f6z\u00fcmler sundu\u011fu banyo mobilyalar\u0131 da yer ald\u0131.<\/p>\n<h2><strong>Kalesinterflex uluslararas\u0131 pazarda da b\u00fcy\u00fck ilgi g\u00f6r\u00fcyor<\/strong><\/h2>\n<p>Seramik sekt\u00f6r\u00fcne bug\u00fcne kadar bir\u00e7ok inovatif \u00fcr\u00fcn kazand\u0131ran Kalebodur; sadece \u00fclkemizde de\u011fil, yurt d\u0131\u015f\u0131ndaki \u00e7ok \u00f6nemli projelerin de tercih edilen markas\u0131 olmaya devam ediyor. \u00d6zellikle Kalebodur imzas\u0131 ta\u015f\u0131yan d\u00fcnyan\u0131n en b\u00fcy\u00fck, en ince, en hafif, en fonksiyonel ve en \u00f6zel porselen seramiklerinden biri olan Kalesinterflex; \u00e7evre dostu yap\u0131s\u0131, kolay kullan\u0131m\u0131 ve \u00fcst\u00fcn \u00f6zellikleriyle mimari projelerin vazge\u00e7ilmez \u00fcr\u00fcn\u00fc haline gelmi\u015f durumda.<\/p>\n<p>Ar-Ge ve porselen teknolojisine yap\u0131lan yat\u0131r\u0131mlar\u0131n bir sonucu ve ayn\u0131 zamanda Kale Grubu\u2019nun kurucusu \u0130brahim Bodur\u2019un vizyonunun, sezgisinin, g\u00fcc\u00fcn\u00fcn ve cesaretinin bir \u00f6rne\u011fi olan Kalesinterflex, kullan\u0131c\u0131lar\u0131n\u0131n deyimi ile devrim niteli\u011finde bir \u00fcr\u00fcn olarak sekt\u00f6rde de fark yarat\u0131yor. Kaleseramik taraf\u0131ndan 16 y\u0131ldan beri geli\u015ftirilmeye devam edilen Kalesinterflex, i\u00e7 mekan duvar ve zeminlerin yan\u0131 s\u0131ra d\u0131\u015f cephelerde mimarlar\u0131n \u00f6ncelikli tercihleri aras\u0131nda yer al\u0131yor.<\/p>\n<p>D\u00fcnyan\u0131n en b\u00fcy\u00fck seramik karo \u00fcreticisi \u00c7in ba\u015fta olmak \u00fczere bir\u00e7ok \u00fclkeye ihra\u00e7 edilen Kalesinterflex, bug\u00fcn art\u0131k konvansiyonel kullan\u0131m alanlar\u0131n\u0131n d\u0131\u015f\u0131nda mutfak mobilya ve tezgahlar\u0131ndan d\u0131\u015f mekan mobilyalar\u0131na, banyo mobilyalar\u0131ndan lavaboya pek \u00e7ok alanda kullan\u0131l\u0131yor.<\/p>\n","protected":false},"excerpt":{"rendered":"<p>Kaleseramik, inovatif \u00fcr\u00fcnleri ile yer ald\u0131\u011f\u0131 \u00c7in\u2019deki yap\u0131 fuar\u0131nda ilgi oda\u011f\u0131 oldu. T\u00fcrkiye\u2019nin uluslararas\u0131 seramik pazar\u0131ndaki lider firmas\u0131 Kaleseramik, \u00c7in\u2019de d\u00fczenlenen uluslararas\u0131 Hospitality Design &amp; Supplies Expo\u2019ya (HDE) kat\u0131ld\u0131. Oteller ve ticari alanlar ba\u015fta olmak \u00fczere yap\u0131 malzemeleri alan\u0131nda sekt\u00f6r\u00fcn k\u00fcresel \u00f6l\u00e7ekteki en \u00f6nemli bulu\u015fma noktalar\u0131ndan biri olarak kabul edilen fuarda, Kaleseramik yenilik\u00e7i \u00fcr\u00fcn ve [&hellip;]<\/p>\n","protected":false},"author":1,"featured_media":34841,"comment_status":"open","ping_status":"open","sticky":false,"template":"","format":"standard","meta":{"ngg_post_thumbnail":0},"categories":[26],"tags":[15116],"_links":{"self":[{"href":"https:\/\/emlaktuel.com\/index.php?rest_route=\/wp\/v2\/posts\/34840"}],"collection":[{"href":"https:\/\/emlaktuel.com\/index.php?rest_route=\/wp\/v2\/posts"}],"about":[{"href":"https:\/\/emlaktuel.com\/index.php?rest_route=\/wp\/v2\/types\/post"}],"author":[{"embeddable":true,"href":"https:\/\/emlaktuel.com\/index.php?rest_route=\/wp\/v2\/users\/1"}],"replies":[{"embeddable":true,"href":"https:\/\/emlaktuel.com\/index.php?rest_route=%2Fwp%2Fv2%2Fcomments&post=34840"}],"version-history":[{"count":1,"href":"https:\/\/emlaktuel.com\/index.php?rest_route=\/wp\/v2\/posts\/34840\/revisions"}],"predecessor-version":[{"id":34842,"href":"https:\/\/emlaktuel.com\/index.php?rest_route=\/wp\/v2\/posts\/34840\/revisions\/34842"}],"wp:featuredmedia":[{"embeddable":true,"href":"https:\/\/emlaktuel.com\/index.php?rest_route=\/wp\/v2\/media\/34841"}],"wp:attachment":[{"href":"https:\/\/emlaktuel.com\/index.php?rest_route=%2Fwp%2Fv2%2Fmedia&parent=34840"}],"wp:term":[{"taxonomy":"category","embeddable":true,"href":"https:\/\/emlaktuel.com\/index.php?rest_route=%2Fwp%2Fv2%2Fcategories&post=34840"},{"taxonomy":"post_tag","embeddable":true,"href":"https:\/\/emlaktuel.com\/index.php?rest_route=%2Fwp%2Fv2%2Ftags&post=34840"}],"curies":[{"name":"wp","href":"https:\/\/api.w.org\/{rel}","templated":true}]}}