{"id":34835,"date":"2021-04-03T10:40:44","date_gmt":"2021-04-03T07:40:44","guid":{"rendered":"https:\/\/emlaktuel.com\/?p=34835"},"modified":"2021-04-03T10:40:44","modified_gmt":"2021-04-03T07:40:44","slug":"azerbaycandan-turk-muteahhitlere-karabagin-yeniden-imari-icin-davet-geldi","status":"publish","type":"post","link":"https:\/\/emlaktuel.com\/?p=34835","title":{"rendered":"Azerbaycan\u2019dan T\u00fcrk m\u00fcteahhitlere Karaba\u011f\u2019\u0131n yeniden imar\u0131 i\u00e7in davet geldi"},"content":{"rendered":"<p><strong>Azerbaycan\u2019dan T\u00fcrk m\u00fcteahhitlere\u00a0<\/strong><strong>Karaba\u011f\u2019\u0131n yeniden imar\u0131 i\u00e7in davet geldi.<\/strong><strong>\u00a0Az<\/strong><strong>erbaycan Cumhurba\u015fkan\u0131 \u0130lham Aliyev, T\u00fcrk m\u00fcteahhitleri Karaba\u011f\u2019a davet etti. Ticaret Bakan\u0131 Ruhsar Pekcan ba\u015fkanl\u0131\u011f\u0131ndaki heyet ile ger\u00e7ekle\u015ftirilen temaslarda konu\u015fan Aliyev, \u201cKaraba\u011f\u2019\u0131n y\u0131k\u0131k altyap\u0131s\u0131n\u0131n ve \u00fcstyap\u0131s\u0131n\u0131n yeniden imar\u0131 i\u00e7in T\u00fcrk m\u00fcteahhitlerine \u00f6ncelik verece\u011fiz. Firmalar\u0131n\u0131z\u0131, yat\u0131r\u0131mc\u0131lar\u0131n\u0131z\u0131 bekliyoruz\u201d dedi.<\/strong><\/p>\n<p><strong>\u00a0<\/strong><\/p>\n<p><strong>Aliyev ile g\u00f6r\u00fc\u015fen heyette bulunan T\u00fcrkiye M\u00fcteahhitler Birli\u011fi (TMB) Ba\u015fkan\u0131 Erdal Eren, \u201cM\u00fcteahhitlik firmalar\u0131m\u0131z Karaba\u011f\u2019\u0131n yeniden imar\u0131 s\u00fcrecinde gerekeni yapmaya haz\u0131rd\u0131r. Azerbaycanl\u0131 firmalarla ortakl\u0131k kurmaya da istekliyiz\u201d diye konu\u015ftu.<\/strong><\/p>\n<p>&nbsp;<\/p>\n<p>Ticaret Bakan\u0131 Ruhsar Pekcan ba\u015fkanl\u0131\u011f\u0131nda, i\u015f d\u00fcnyas\u0131n\u0131n \u00e7at\u0131 kurulu\u015flar\u0131n\u0131n ba\u015fkanlar\u0131ndan olu\u015fan heyet, Azerbaycan\u2019da temaslarda bulundu. T\u00fcrkiye ile Azerbaycan aras\u0131ndaki mevcut ili\u015fkilerin de\u011ferlendirilmesi ve geli\u015ftirilmesi amac\u0131yla 1-2 Nisan 2021 tarihlerinde Azerbaycan\u2019a d\u00fczenlenen resmi ziyarete T\u00fcrkiye M\u00fcteahhitler Birli\u011fi (TMB) Ba\u015fkan\u0131 Erdal Eren de kat\u0131ld\u0131.<\/p>\n<p>&nbsp;<\/p>\n<p>Heyeti kabul eden Azerbaycan Cumhurba\u015fkan\u0131 \u0130lham Aliyev, g\u00f6r\u00fc\u015fmede yapt\u0131\u011f\u0131 konu\u015fmada, \u201cKaraba\u011f\u2019\u0131n y\u0131k\u0131k alt ve \u00fcstyap\u0131s\u0131n\u0131n yeniden imar\u0131 i\u00e7in T\u00fcrk m\u00fcteahhitlere \u00f6ncelik verece\u011fiz. Firmalar\u0131n\u0131z\u0131, yat\u0131r\u0131mc\u0131lar\u0131n\u0131z\u0131 bekliyoruz\u201d dedi. G\u00f6r\u00fc\u015fmede bulunan TMB Ba\u015fkan\u0131 Eren de \u201cM\u00fcteahhitlik firmalar\u0131m\u0131z b\u00f6lgenin yeniden imar\u0131nda gerekeni yapamaya haz\u0131rd\u0131r. Azerbaycanl\u0131 firmalarla ortakl\u0131k kurmaya da istekliyiz\u201d kar\u015f\u0131l\u0131\u011f\u0131n\u0131 verdi.<\/p>\n<p>&nbsp;<\/p>\n<p>Erdal Eren ziyaret kapsam\u0131nda ger\u00e7ekle\u015ftirilen resmi g\u00f6r\u00fc\u015fmeler ve i\u015fadamlar\u0131 ile d\u00fczenlenen yuvarlak masa toplant\u0131s\u0131nda da T\u00fcrkiye M\u00fcteahhitler Birli\u011fi olarak,\u00a0ihtiya\u00e7lar\u0131n yerinde tespiti i\u00e7in Azerbaycan\u2019a en k\u0131sa zamanda m\u00fcteahhitlerden olu\u015facak bir inceleme ziyareti d\u00fczenlemek, muhatap kurulu\u015f ve firmalarla do\u011frudan temas edilmesini sa\u011flamak \u00a0arzusunda oldu\u011funu vurgulam\u0131\u015ft\u0131r.<\/p>\n<p>&nbsp;<\/p>\n<h2><strong>\u2018\u00dcst\u00fcm\u00fcze d\u00fc\u015fen g\u00f6revi lay\u0131\u011f\u0131yla yerine getiririz\u2019<\/strong><\/h2>\n<p>Azerbaycan ziyaretinin ard\u0131ndan de\u011ferlendirmelerde bulunan TMB Ba\u015fkan\u0131 Erdal Eren, \u015funlar\u0131 s\u00f6yledi: \u201cT\u00fcrkiye ve Azerbaycan iki devlet bir millet anlay\u0131\u015f\u0131yla hareket etmektedir. Sekt\u00f6r\u00fcm\u00fcz, \u00fclkede bug\u00fcne adar yakla\u015f\u0131k 15 milyar dolar b\u00fcy\u00fckl\u00fc\u011f\u00fcnde proje \u00fcstlenmi\u015ftir. Da\u011fl\u0131k Karaba\u011f\u2019da ortaya \u00e7\u0131kacak ihtiya\u00e7lar ile yeniden imar \u00e7al\u0131\u015fmalar\u0131nda da T\u00fcrk m\u00fcteahhitlerin aktif rol \u00fcstlenmeleri ve Azerbaycan ekonomisine en iyi \u015fekilde katk\u0131da bulunmalar\u0131 bu y\u0131l i\u00e7in \u00f6nceliklerimiz aras\u0131nda yer alacakt\u0131r. Karde\u015f \u00fclke Azerbaycan i\u00e7in \u00fcst\u00fcm\u00fcze d\u00fc\u015fen her t\u00fcrl\u00fc g\u00f6revi \u00fcstleniriz. B\u00f6lgede ilk a\u015famada 27 milyar dolarl\u0131k bir yat\u0131r\u0131m ihtiyac\u0131 oldu\u011fu ifade edilmektedir. \u00dclkelerimiz aras\u0131ndaki yak\u0131n ili\u015fkilerin yan\u0131 s\u0131ra sekt\u00f6rel ortakl\u0131klar\u0131m\u0131z ve olumlu ge\u00e7mi\u015f deneyimlerimiz \u00e7er\u00e7evesinde m\u00fcteahhitlerimiz<strong>\u00a0<\/strong>Azerbaycan i\u00e7in \u00fcst\u00fcm\u00fcze d\u00fc\u015fen her g\u00f6revi lay\u0131\u011f\u0131yla yerine getirecektir. Bu imkanlar\u0131 de\u011ferlendirmek \u00fczere en k\u0131sa zamanda Azerbaycan\u2019a bir m\u00fcteahhitlik heyeti ger\u00e7ekle\u015ftirmeyi planl\u0131yoruz<\/p>\n","protected":false},"excerpt":{"rendered":"<p>Azerbaycan\u2019dan T\u00fcrk m\u00fcteahhitlere\u00a0Karaba\u011f\u2019\u0131n yeniden imar\u0131 i\u00e7in davet geldi.\u00a0Azerbaycan Cumhurba\u015fkan\u0131 \u0130lham Aliyev, T\u00fcrk m\u00fcteahhitleri Karaba\u011f\u2019a davet etti. Ticaret Bakan\u0131 Ruhsar Pekcan ba\u015fkanl\u0131\u011f\u0131ndaki heyet ile ger\u00e7ekle\u015ftirilen temaslarda konu\u015fan Aliyev, \u201cKaraba\u011f\u2019\u0131n y\u0131k\u0131k altyap\u0131s\u0131n\u0131n ve \u00fcstyap\u0131s\u0131n\u0131n yeniden imar\u0131 i\u00e7in T\u00fcrk m\u00fcteahhitlerine \u00f6ncelik verece\u011fiz. Firmalar\u0131n\u0131z\u0131, yat\u0131r\u0131mc\u0131lar\u0131n\u0131z\u0131 bekliyoruz\u201d dedi. \u00a0 Aliyev ile g\u00f6r\u00fc\u015fen heyette bulunan T\u00fcrkiye M\u00fcteahhitler Birli\u011fi (TMB) Ba\u015fkan\u0131 Erdal [&hellip;]<\/p>\n","protected":false},"author":1,"featured_media":34836,"comment_status":"open","ping_status":"open","sticky":false,"template":"","format":"standard","meta":{"ngg_post_thumbnail":0},"categories":[5388],"tags":[5074,15115,4157],"_links":{"self":[{"href":"https:\/\/emlaktuel.com\/index.php?rest_route=\/wp\/v2\/posts\/34835"}],"collection":[{"href":"https:\/\/emlaktuel.com\/index.php?rest_route=\/wp\/v2\/posts"}],"about":[{"href":"https:\/\/emlaktuel.com\/index.php?rest_route=\/wp\/v2\/types\/post"}],"author":[{"embeddable":true,"href":"https:\/\/emlaktuel.com\/index.php?rest_route=\/wp\/v2\/users\/1"}],"replies":[{"embeddable":true,"href":"https:\/\/emlaktuel.com\/index.php?rest_route=%2Fwp%2Fv2%2Fcomments&post=34835"}],"version-history":[{"count":1,"href":"https:\/\/emlaktuel.com\/index.php?rest_route=\/wp\/v2\/posts\/34835\/revisions"}],"predecessor-version":[{"id":34837,"href":"https:\/\/emlaktuel.com\/index.php?rest_route=\/wp\/v2\/posts\/34835\/revisions\/34837"}],"wp:featuredmedia":[{"embeddable":true,"href":"https:\/\/emlaktuel.com\/index.php?rest_route=\/wp\/v2\/media\/34836"}],"wp:attachment":[{"href":"https:\/\/emlaktuel.com\/index.php?rest_route=%2Fwp%2Fv2%2Fmedia&parent=34835"}],"wp:term":[{"taxonomy":"category","embeddable":true,"href":"https:\/\/emlaktuel.com\/index.php?rest_route=%2Fwp%2Fv2%2Fcategories&post=34835"},{"taxonomy":"post_tag","embeddable":true,"href":"https:\/\/emlaktuel.com\/index.php?rest_route=%2Fwp%2Fv2%2Ftags&post=34835"}],"curies":[{"name":"wp","href":"https:\/\/api.w.org\/{rel}","templated":true}]}}