{"id":34833,"date":"2021-04-03T10:34:51","date_gmt":"2021-04-03T07:34:51","guid":{"rendered":"https:\/\/emlaktuel.com\/?p=34833"},"modified":"2021-04-04T14:15:33","modified_gmt":"2021-04-04T11:15:33","slug":"2020nin-son-ceyreginde-yasanan-yuksek-uretim-artisi-yeni-yilin-ilk-ayinda-da-devam-etti-q","status":"publish","type":"post","link":"https:\/\/emlaktuel.com\/?p=34833","title":{"rendered":"2020\u2019nin son \u00e7eyre\u011finde ya\u015fanan y\u00fcksek \u00fcretim art\u0131\u015f\u0131 yeni y\u0131l\u0131n ilk ay\u0131nda da devam etti"},"content":{"rendered":"<p><strong>2020\u2019nin son \u00e7eyre\u011finde ya\u015fanan y\u00fcksek \u00fcretim art\u0131\u015f\u0131<br \/>\nyeni y\u0131l\u0131n ilk ay\u0131nda da devam etti<\/strong><\/p>\n<p><strong>T\u00fcrkiye \u0130MSAD, yap\u0131 sekt\u00f6r\u00fc ve ekonomi \u00e7evreleri taraf\u0131ndan dikkatle izlenen ayl\u0131k sekt\u00f6r raporunu a\u00e7\u0131klad\u0131. \u2018T\u00fcrkiye \u0130MSAD Mart 2021 Sekt\u00f6r Raporu\u2019na g\u00f6re, i<\/strong><strong>n\u015faat malzemeleri sanayi \u00fcretimi, yeni y\u0131l\u0131n ilk ay\u0131nda ge\u00e7en y\u0131l\u0131n ayn\u0131 ay\u0131na g\u00f6re y\u00fczde 17,8 artt\u0131.\u00a0<\/strong><strong>2020 y\u0131l\u0131n\u0131 2019\u2019a g\u00f6re \u00fcretimde y\u00fczde 9,1 b\u00fcy\u00fcyerek kapatan in\u015faat malzemeleri sanayisi,\u00a0<\/strong><strong>ge\u00e7en y\u0131l\u0131n son \u00e7eyre\u011finde ya\u015fanan y\u00fcksek \u00fcretim art\u0131\u015f\u0131n\u0131 yeni y\u0131l\u0131n ilk ay\u0131nda da s\u00fcrd\u00fcrd\u00fc. \u00a0<\/strong><\/p>\n<p>\u0130n\u015faat malzemesi sekt\u00f6r\u00fcn\u00fcn \u00e7at\u0131 kurulu\u015fu\u00a0<strong>T\u00fcrkiye \u0130n\u015faat Malzemesi Sanayicileri Derne\u011fi (T\u00fcrkiye \u0130MSAD)\u00a0<\/strong>taraf\u0131ndan haz\u0131rlanan \u2018<strong>Mart 2021 Sekt\u00f6r Raporu<\/strong>\u2019nda \u015fu tespitler yer ald\u0131:\u00a0\u0130n\u015faat malzemeleri sanayi \u00fcretimi yeni y\u0131l\u0131n ilk ay\u0131nda, ge\u00e7en y\u0131l\u0131n ayn\u0131 ay\u0131na g\u00f6re y\u00fczde<strong>\u00a017,8\u00a0<\/strong>artt\u0131. B\u00f6ylece ge\u00e7en y\u0131l\u0131n son \u00e7eyre\u011finde ya\u015fanan y\u00fcksek \u00fcretim art\u0131\u015f\u0131 ocak ay\u0131nda da devam etti.\u00a0\u00dcretimde 2020 y\u0131l\u0131 son \u00e7eyre\u011finde bir \u00f6nceki y\u0131l\u0131n son \u00e7eyre\u011fine g\u00f6re ger\u00e7ekle\u015fen y\u00fczde 19 y\u00fckseli\u015fte i\u00e7eride mevcut in\u015faat i\u015flerindeki canlanma ve d\u0131\u015f pazarlardaki talep art\u0131\u015f\u0131 etkili oldu. 2021 y\u0131l\u0131n\u0131n ocak ay\u0131nda ya\u015fanan benzer taleplerin etkileri, \u00fcretim art\u0131\u015f\u0131n\u0131 destekledi.<\/p>\n<p>2021 y\u0131l\u0131n\u0131n ocak ay\u0131nda\u00a0<strong>22<\/strong>\u00a0alt sekt\u00f6r\u00fcn\u00a0<strong>21<\/strong>\u2019inde \u00fcretim 2020 y\u0131l\u0131 ocak ay\u0131na g\u00f6re artt\u0131. 2021 Ocak ay\u0131nda\u00a0<strong>18\u00a0<\/strong>alt sekt\u00f6rde \u00fcretim ayn\u0131 zamanda \u00e7ift haneli ve y\u00fcksek oranlar ile ger\u00e7ekle\u015fti. En y\u00fcksek \u00fcretim art\u0131\u015f\u0131 y\u00fczde\u00a0<strong>76,8<\/strong>\u00a0ile tu\u011fla ve kiremit sekt\u00f6r\u00fcnde oldu. Seramik kaplama malzemeleri \u00fcretimi y\u00fczde\u00a0<strong>33,8<\/strong>, \u0131s\u0131tma ve so\u011futma donan\u0131mlar\u0131 \u00fcretimi y\u00fczde\u00a0<strong>32,6<\/strong>, \u00e7imento ve betondan e\u015fya y\u00fczde\u00a0<strong>32<\/strong>\u00a0b\u00fcy\u00fcd\u00fc. Haz\u0131r beton \u00fcretimi ve \u00e7imento \u00fcretimi ocak ay\u0131nda y\u00fczde\u00a0<strong>23,1\u00a0<\/strong>y\u00fckseldi.<\/p>\n<p>Kilit ve donan\u0131m e\u015fyalar\u0131 \u00fcretimi y\u00fczde\u00a0<strong>30,6<\/strong>, birle\u015ftirilmi\u015f parke yer d\u00f6\u015femeleri \u00fcretimi y\u00fczde\u00a0<strong>29,9<\/strong>\u00a0ve ah\u015fap in\u015faat malzemeleri \u00fcretimi ise y\u00fczde\u00a0<strong>27,2\u00a0<\/strong>artt\u0131. Demir \u00e7elikten \u00e7ubuk ve profiller \u00fcretimi y\u00fczde\u00a0<strong>14,7<\/strong>, demir \u00e7elik in\u015faat \u00fcr\u00fcnleri \u00fcretimi y\u00fczde\u00a0<strong>13,2<\/strong>\u00a0b\u00fcy\u00fcme g\u00f6sterdi. 2021 y\u0131l\u0131 ocak ay\u0131nda, \u00fcretiminde gerileme ya\u015fanan tek alt sekt\u00f6r y\u00fczde\u00a0<strong>5,5<\/strong>\u00a0ile in\u015faat camlar\u0131 oldu.<\/p>\n<h2><strong>Ocak ay\u0131nda in\u015faat malzemeleri ihracat\u0131 y\u00fczde 3,7 artt\u0131 \u00a0 \u00a0 \u00a0 \u00a0 \u00a0 \u00a0 \u00a0 \u00a0 \u00a0 \u00a0 \u00a0 \u00a0 \u00a0\u00a0<\/strong><\/h2>\n<p>2021 y\u0131l\u0131n\u0131n ocak ay\u0131nda in\u015faat malzemeleri ihracat\u0131 ge\u00e7en y\u0131l\u0131n ocak ay\u0131na g\u00f6re y\u00fczde\u00a0<strong>3,7<\/strong>\u00a0artt\u0131 ve\u00a0<strong>1,82<\/strong>\u00a0milyar dolar olarak ger\u00e7ekle\u015fti. Ge\u00e7en y\u0131l\u0131n ikinci yar\u0131s\u0131nda ba\u015flayan ihracattaki b\u00fcy\u00fcme yeni y\u0131l\u0131n ilk ay\u0131nda devam etti. Avrupa ba\u015fta olmak \u00fczere pazarlar\u0131m\u0131zda Covid-19 salg\u0131n\u0131 sonras\u0131 y\u0131l\u0131n ikinci \u00e7eyre\u011finden itibaren beklenen canlanmadan dolay\u0131 sipari\u015fler ocak ay\u0131nda da y\u00fcksek ihracat yap\u0131lmas\u0131n\u0131 sa\u011flad\u0131. \u0130hracat\u0131n \u00f6n\u00fcm\u00fczdeki aylarda a\u015f\u0131lama iyimserli\u011finden olumlu etkilenmesi, yeni kapatmalar\u0131n ise s\u0131n\u0131rlay\u0131c\u0131 etkisinin olmas\u0131 bekleniyor.<\/p>\n<h2><strong>\u0130thalat ocak ay\u0131nda 616 milyon dolar olarak ger\u00e7ekle\u015fti \u00a0 \u00a0 \u00a0 \u00a0 \u00a0 \u00a0 \u00a0 \u00a0 \u00a0 \u00a0<\/strong><\/h2>\n<p>2021 y\u0131l\u0131 ocak ay\u0131nda in\u015faat malzemeleri ithalat\u0131 ge\u00e7en y\u0131l\u0131n ayn\u0131 ay\u0131na g\u00f6re y\u00fczde\u00a0<strong>11,5\u00a0<\/strong>artarak\u00a0<strong>616<\/strong>\u00a0milyon dolar oldu. \u0130thalat ge\u00e7en y\u0131l\u0131n haziran ay\u0131ndan itibaren b\u00fcy\u00fcme g\u00f6stermeye devam ediyor. \u0130n\u015faat sekt\u00f6r\u00fcnde devam eden i\u015flerin h\u0131zlanmas\u0131 ithalat\u0131 destekledi. Ocak ay\u0131nda d\u00f6viz kurlar\u0131n\u0131n g\u00f6receli olarak d\u00fc\u015f\u00fck kalmas\u0131 da ithalat\u0131 \u00f6zendirdi. \u0130thalat\u0131n, y\u00fckselen faizler sonras\u0131 in\u015faat i\u015flerindeki olas\u0131 yava\u015flama ile \u00f6n\u00fcm\u00fczdeki aylarda dura\u011fanla\u015faca\u011f\u0131 \u00f6ng\u00f6r\u00fcl\u00fcyor.<\/p>\n<h2><strong>\u0130n\u015faat sekt\u00f6r\u00fcnde b\u00fcy\u00fcme y\u0131l\u0131n ikinci yar\u0131s\u0131nda bekleniyor \u00a0 \u00a0 \u00a0 \u00a0<\/strong><\/h2>\n<p>\u0130n\u015faat sekt\u00f6r\u00fc 2021 y\u0131l\u0131na bir \u00f6nceki seneden gelen likidite olanaklar\u0131 ile g\u00f6receli olarak rahat girdi. 2020 y\u0131l\u0131nda geni\u015fleyen kredi olanaklar\u0131 ve konut sat\u0131\u015flar\u0131 in\u015faat sekt\u00f6r\u00fcn\u00fc destekledi. 2021 y\u0131l\u0131n\u0131n ilk \u00e7eyre\u011finde s\u0131k\u0131 para politikas\u0131 ve y\u00fcksek faiz oranlar\u0131n\u0131n yava\u015flat\u0131c\u0131 etkileri oldu. \u0130kinci \u00e7eyrekte ise salg\u0131n\u0131n \u00fc\u00e7\u00fcnc\u00fc dalgas\u0131 ve k\u0131s\u0131tlamalar\u0131n sekt\u00f6r\u00fc olumsuz etkileyece\u011fi, bu \u00e7er\u00e7evede in\u015faat sekt\u00f6r\u00fcnde b\u00fcy\u00fcmeye ge\u00e7i\u015fin, y\u0131l\u0131n ikinci yar\u0131s\u0131nda ba\u015flayaca\u011f\u0131 \u00f6ng\u00f6r\u00fcl\u00fcyor. A\u015f\u0131laman\u0131n olumlu sonu\u00e7lar\u0131 ve faizlerde gerileme beklentilerinin ger\u00e7ekle\u015fmesi halinde y\u0131l\u0131n ikinci yar\u0131s\u0131nda in\u015faat sekt\u00f6r\u00fcnde b\u00fcy\u00fcmenin h\u0131zlanmas\u0131 bekleniyor.<\/p>\n<h2><strong>\u0130n\u015faat Sekt\u00f6r\u00fc G\u00fcven Endeksi mart ay\u0131nda 0,6 puan artt\u0131<\/strong><\/h2>\n<p>\u0130n\u015faat Sekt\u00f6r\u00fc G\u00fcven Endeksi yeni y\u0131la\u00a0<strong>1,7<\/strong>\u00a0puan art\u0131\u015f ile ba\u015flam\u0131\u015f, \u015fubat ay\u0131nda da\u00a0<strong>3,2<\/strong>\u00a0puan daha artarak\u00a0<strong>85,5<\/strong>\u00a0puana y\u00fckselmi\u015fti. G\u00fcven Endeksi\u2019nde art\u0131\u015f mart ay\u0131nda da devam etti. \u0130n\u015faat Sekt\u00f6r\u00fc G\u00fcven Endeksi mart ay\u0131nda bir \u00f6nceki aya g\u00f6re\u00a0<strong>0,6<\/strong>\u00a0puan y\u00fckseldi. \u0130n\u015faat sekt\u00f6r\u00fc yeni y\u0131la ili\u015fkin iyimserli\u011fini s\u00fcrd\u00fcr\u00fcyor. Mevcut i\u015fler seviyesi ve yeni al\u0131nan i\u015fler seviyesi de g\u00fcveni destekliyor<\/p>\n","protected":false},"excerpt":{"rendered":"<p>2020\u2019nin son \u00e7eyre\u011finde ya\u015fanan y\u00fcksek \u00fcretim art\u0131\u015f\u0131 yeni y\u0131l\u0131n ilk ay\u0131nda da devam etti T\u00fcrkiye \u0130MSAD, yap\u0131 sekt\u00f6r\u00fc ve ekonomi \u00e7evreleri taraf\u0131ndan dikkatle izlenen ayl\u0131k sekt\u00f6r raporunu a\u00e7\u0131klad\u0131. \u2018T\u00fcrkiye \u0130MSAD Mart 2021 Sekt\u00f6r Raporu\u2019na g\u00f6re, in\u015faat malzemeleri sanayi \u00fcretimi, yeni y\u0131l\u0131n ilk ay\u0131nda ge\u00e7en y\u0131l\u0131n ayn\u0131 ay\u0131na g\u00f6re y\u00fczde 17,8 artt\u0131.\u00a02020 y\u0131l\u0131n\u0131 2019\u2019a g\u00f6re \u00fcretimde [&hellip;]<\/p>\n","protected":false},"author":1,"featured_media":31687,"comment_status":"open","ping_status":"open","sticky":false,"template":"","format":"standard","meta":{"ngg_post_thumbnail":0},"categories":[5388],"tags":[8735,8715],"_links":{"self":[{"href":"https:\/\/emlaktuel.com\/index.php?rest_route=\/wp\/v2\/posts\/34833"}],"collection":[{"href":"https:\/\/emlaktuel.com\/index.php?rest_route=\/wp\/v2\/posts"}],"about":[{"href":"https:\/\/emlaktuel.com\/index.php?rest_route=\/wp\/v2\/types\/post"}],"author":[{"embeddable":true,"href":"https:\/\/emlaktuel.com\/index.php?rest_route=\/wp\/v2\/users\/1"}],"replies":[{"embeddable":true,"href":"https:\/\/emlaktuel.com\/index.php?rest_route=%2Fwp%2Fv2%2Fcomments&post=34833"}],"version-history":[{"count":2,"href":"https:\/\/emlaktuel.com\/index.php?rest_route=\/wp\/v2\/posts\/34833\/revisions"}],"predecessor-version":[{"id":34856,"href":"https:\/\/emlaktuel.com\/index.php?rest_route=\/wp\/v2\/posts\/34833\/revisions\/34856"}],"wp:featuredmedia":[{"embeddable":true,"href":"https:\/\/emlaktuel.com\/index.php?rest_route=\/wp\/v2\/media\/31687"}],"wp:attachment":[{"href":"https:\/\/emlaktuel.com\/index.php?rest_route=%2Fwp%2Fv2%2Fmedia&parent=34833"}],"wp:term":[{"taxonomy":"category","embeddable":true,"href":"https:\/\/emlaktuel.com\/index.php?rest_route=%2Fwp%2Fv2%2Fcategories&post=34833"},{"taxonomy":"post_tag","embeddable":true,"href":"https:\/\/emlaktuel.com\/index.php?rest_route=%2Fwp%2Fv2%2Ftags&post=34833"}],"curies":[{"name":"wp","href":"https:\/\/api.w.org\/{rel}","templated":true}]}}