{"id":34830,"date":"2021-04-02T13:33:34","date_gmt":"2021-04-02T10:33:34","guid":{"rendered":"https:\/\/emlaktuel.com\/?p=34830"},"modified":"2021-04-02T13:33:34","modified_gmt":"2021-04-02T10:33:34","slug":"atik-geri-donusumunu-kapsayan-yikim-yonetmeligi-yolda","status":"publish","type":"post","link":"https:\/\/emlaktuel.com\/?p=34830","title":{"rendered":"At\u0131k geri d\u00f6n\u00fc\u015f\u00fcm\u00fcn\u00fc kapsayan y\u0131k\u0131m y\u00f6netmeli\u011fi yolda"},"content":{"rendered":"<div class=\"mail-message-content collapsible zoom-normal mail-show-images \">\n<div class=\"clear\">\n<div>\n<div dir=\"ltr\">\n<div dir=\"ltr\">\n<div dir=\"ltr\">\n<p><strong>Ye\u015fil d\u00f6n\u00fc\u015f\u00fcm i\u00e7in h\u0131zl\u0131 sonu\u00e7 verecek ad\u0131mlar at\u0131l\u0131yor<\/strong><\/p>\n<p><strong>\u00c7evre ve \u015eehircilik Bakanl\u0131\u011f\u0131, kentsel d\u00f6n\u00fc\u015f\u00fcmde at\u0131klar\u0131n geri d\u00f6n\u00fc\u015f\u00fcm\u00fcn\u00fc de i\u00e7eren y\u0131k\u0131m y\u00f6netmeli\u011fini haz\u0131rl\u0131yor. Altensis Kurucu Orta\u011f\u0131 Dr. Emre Il\u0131cal\u0131, kentsel d\u00f6n\u00fc\u015f\u00fcm s\u00fcrecinin do\u011fru y\u00f6netildi\u011fi takdirde s\u00fcrd\u00fcr\u00fclebilirlik ad\u0131na bunun gibi bir\u00e7ok f\u0131rsat\u0131 da beraberinde getirece\u011fini belirtti. Dr.Il\u0131cal\u0131, &#8220;Elektrikli ara\u00e7 \u015farj istasyonlar\u0131n\u0131n yerle\u015ftirilmesi, ya\u011fmur sular\u0131n\u0131n geri kazan\u0131m\u0131 gibi \u00f6nemli ad\u0131mlara \u015fimdi bir yenisi daha ekleniyor. Y\u0131k\u0131m y\u00f6ntemleri ve at\u0131k y\u00f6netimi konular\u0131nda halihaz\u0131rda ge\u00e7erli mevzuat bulunmakla beraber, benzer konularda oldu\u011fu gibi uygulamaya ge\u00e7irilmesinde zorluklar ya\u015fan\u0131yordu. Bu noktada yeni y\u00f6netmeli\u011fin \u00f6zellikle uygulamaya y\u00f6nelik pratik \u00e7\u00f6z\u00fcmler getirmesi \u00e7ok \u00f6nemli&#8221; dedi. Dr.Il\u0131cal\u0131&#8217;ya g\u00f6re ye\u015fil d\u00f6n\u00fc\u015f\u00fcmde s\u0131ra \u00e7at\u0131larda fotovoltaik g\u00fcne\u015f enerjisi sistemlerinin zorunlu olmas\u0131na \u00a0geliyor.<\/strong><\/p>\n<p>\u00c7evre ve \u015eehircilik Bakanl\u0131\u011f\u0131, kentsel d\u00f6n\u00fc\u015f\u00fcmde at\u0131klar\u0131n geri d\u00f6n\u00fc\u015f\u00fcm\u00fcn\u00fc de i\u00e7eren bir y\u0131k\u0131m y\u00f6netmeli\u011fi haz\u0131rlad\u0131\u011f\u0131n\u0131 duyurdu. \u00c7evre ve \u015eehircilik Bakan\u0131 Murat Kurum, y\u0131k\u0131m yapacak m\u00fcteahhitlerin s\u0131n\u0131fland\u0131r\u0131lmas\u0131, hatal\u0131 y\u0131k\u0131m yapan m\u00fcteahhitlere cezai i\u015flem uygulanmas\u0131 gibi maddeler i\u00e7eren y\u00f6netmelikle y\u0131k\u0131m sonras\u0131 ortaya \u00e7\u0131kan t\u00fcm at\u0131klar\u0131n geri d\u00f6n\u00fc\u015f\u00fcmde kullan\u0131larak ekonomiye kazand\u0131r\u0131lmas\u0131n\u0131n da ama\u00e7land\u0131\u011f\u0131n\u0131 a\u00e7\u0131klad\u0131.<\/p>\n<p>Konuyu de\u011ferlendiren Altensis Kurucu Orta\u011f\u0131 Dr. Emre Il\u0131cal\u0131, son d\u00f6nemde \u00e7\u0131kan kanun ve y\u00f6netmeliklerde bir s\u00fcredir \u00e7evre dostu ve s\u00fcrd\u00fcr\u00fclebilir kentlere y\u00f6nelik stratejiler eklenerek ye\u015fil d\u00f6n\u00fc\u015f\u00fcme giden yolda \u00f6nemli ad\u0131mlar at\u0131ld\u0131\u011f\u0131n\u0131 belirtti. Dr. Il\u0131cal\u0131, &#8220;Altensis olarak kentsel d\u00f6n\u00fc\u015f\u00fcm\u00fcn kentlerin s\u00fcrd\u00fcr\u00fclebilirli\u011fi ad\u0131na \u00f6n\u00fcm\u00fcze koydu\u011fu f\u0131rsatlar\u0131n ka\u00e7\u0131r\u0131lmamas\u0131 ve gelecek nesillere b\u0131rakaca\u011f\u0131m\u0131z ya\u015fam kalitesinin tehlikeye at\u0131lmamas\u0131 i\u00e7in, h\u0131zl\u0131 sonu\u00e7 verecek baz\u0131 ad\u0131mlar\u0131n stratejiye mutlaka eklenmesi gerekti\u011fini zaman zaman dile getirdik. Son d\u00f6nemde buna ili\u015fkin birka\u00e7 ad\u0131m\u0131n at\u0131ld\u0131\u011f\u0131n\u0131 sevinerek izlemekteyiz&#8221; dedi.<\/p>\n<h3><strong>Ya\u011fmur suyunun depolanmas\u0131 art\u0131k zorunlu<\/strong><\/h3>\n<p>Ge\u00e7ti\u011fimiz haftalarda ya\u011fmur suyunun geri kazan\u0131lmas\u0131 i\u00e7in binalarda depolanmas\u0131 ve bah\u00e7e vs. sulamas\u0131nda kullan\u0131lmas\u0131n\u0131 zorunlu k\u0131lan y\u00f6netmelik uygulamaya sokulurken, yeni reform paketi i\u00e7inde de \u00e7evre kirlili\u011finde \u00f6nemli bir fakt\u00f6r olan ula\u015f\u0131m kaynakl\u0131 karbon emisyonlar\u0131n\u0131 azaltmak i\u00e7in elektrikli ara\u00e7 \u015farj noktalar\u0131n\u0131n altyap\u0131s\u0131n\u0131n haz\u0131rlanmas\u0131 zorunlu k\u0131l\u0131nm\u0131\u015ft\u0131. Yine ayn\u0131 reform paketinde ye\u015fil organize sanayi b\u00f6lgeleri te\u015fvik edilerek ye\u015fil alanlar\u0131n artt\u0131r\u0131lmas\u0131 ve enerji verimlili\u011fine y\u00f6nelik ek uygulamalara i\u015faret edilmesi de ye\u015fil d\u00f6n\u00fc\u015f\u00fcm stratejisini g\u00fc\u00e7lendirmi\u015fti.<\/p>\n<h2><strong>S\u0131ra at\u0131k y\u00f6netim plan\u0131na geldi<\/strong><\/h2>\n<p>\u015eimdi s\u0131ra at\u0131klar\u0131n geri kazand\u0131r\u0131lmas\u0131na gelirken, Dr. Emre Il\u0131cal\u0131 &#8220;Kentsel d\u00f6n\u00fc\u015f\u00fcmde y\u0131k\u0131mda ortaya \u00e7\u0131kacak at\u0131klar\u0131n mutlaka iyi y\u00f6netilmesi, asbest vb. zararl\u0131 at\u0131klar\u0131n an\u0131nda bertaraf edilmesi, tekrar kullan\u0131m ve geri kazan\u0131m opsiyonlar\u0131n\u0131n ara\u015ft\u0131r\u0131lmas\u0131 hem \u00e7evre hem de ekonomi a\u00e7\u0131s\u0131ndan \u00e7ok \u00f6nemlidir.\u00a0\u00a0Bakanl\u0131\u011f\u0131n da ge\u00e7mi\u015f d\u00f6nemlerde, 2023 y\u0131l\u0131nda at\u0131k y\u00f6netiminden ekonomiye 10 milyar TL katk\u0131 sa\u011flanmas\u0131 y\u00f6n\u00fcnde a\u00e7\u0131klamalar\u0131 bulunmaktad\u0131r&#8221; dedi.<\/p>\n<p>At\u0131k y\u00f6netimine ili\u015fkin mevzuat bulunmakla beraber, \u00e7ok da\u011f\u0131n\u0131k ve pratikte uygulanmas\u0131n\u0131n zor oldu\u011funa i\u015faret eden Dr. Il\u0131cal\u0131, &#8220;Bu mevzuata ek olarak gerekli at\u0131k geri kazan\u0131m ve bertaraf altyap\u0131s\u0131 haz\u0131rland\u0131ktan sonra kentsel d\u00f6n\u00fc\u015f\u00fcm projelerine \u00f6zg\u00fc, olduk\u00e7a pratik bir \u0130n\u015faat At\u0131k Y\u00f6netim Plan\u0131 olu\u015fturulmal\u0131d\u0131r.&#8221; diye konu\u015ftu.<\/p>\n<h2><strong>\u015eimdi g\u00f6zler \u00c7at\u0131lara \u00e7evrildi<\/strong><\/h2>\n<p>Bakanl\u0131ktan konuya ili\u015fkin bir sonraki hamlenin \u00e7at\u0131 tipi fotovoltaik sistemlere dair olmas\u0131 gerekti\u011fini belirten Dr. Emre Il\u0131cal\u0131, g\u00fcne\u015f enerjisi kayna\u011f\u0131n\u0131 kentsel d\u00f6n\u00fc\u015f\u00fcme entegre etmenin en etkin yolunun, lisans gerektirmeyen, \u015febekeye ba\u011flanmas\u0131na gerek olmayan, \u00f6zt\u00fcketim i\u00e7in kullan\u0131lacak \u00e7at\u0131 tipi fotovoltaik sistemler oldu\u011funu s\u00f6yledi. Dr.Il\u0131cal\u0131, \u00a0&#8220;Bu konuda son y\u0131llarda mevzuatta \u00f6nemli de\u011fi\u015fiklikler yap\u0131ld\u0131. Ama bu imkan\u0131 daha mikro \u00f6l\u00e7ekte de olsa, her binaya yayabilmek i\u00e7in \u00f6zellikle kentsel d\u00f6n\u00fc\u015f\u00fcm s\u00fcrecine entegrasyonu \u00e7ok \u00f6nemli. Bunlar\u0131n boyutlar\u0131n\u0131n hesaplanmas\u0131nda proje kapsam\u0131nda uygun \u00e7at\u0131 miktarlar\u0131 kullan\u0131larak bir hesap cetveli haz\u0131rlanabilir. T\u00fcrkiye gibi cari a\u00e7\u0131\u011f\u0131n\u0131n ciddi k\u0131sm\u0131 enerji ithalat\u0131ndan kaynaklanan ve de ciddi anlamda g\u00fcne\u015f enerjisi potansiyeline sahip bir \u00fclkede bu uygulamalar ciddi kazan\u0131mlar sa\u011flayacakt\u0131r&#8221; dedi.<\/p>\n<p>Konu ile ilgili haz\u0131rlanan bas\u0131n b\u00fclteni ve g\u00f6rsel ekte bilgilerinize sunulmu\u015ftur.<\/p>\n<\/div>\n<\/div>\n<\/div>\n<\/div>\n<\/div>\n<\/div>\n","protected":false},"excerpt":{"rendered":"<p>Ye\u015fil d\u00f6n\u00fc\u015f\u00fcm i\u00e7in h\u0131zl\u0131 sonu\u00e7 verecek ad\u0131mlar at\u0131l\u0131yor \u00c7evre ve \u015eehircilik Bakanl\u0131\u011f\u0131, kentsel d\u00f6n\u00fc\u015f\u00fcmde at\u0131klar\u0131n geri d\u00f6n\u00fc\u015f\u00fcm\u00fcn\u00fc de i\u00e7eren y\u0131k\u0131m y\u00f6netmeli\u011fini haz\u0131rl\u0131yor. Altensis Kurucu Orta\u011f\u0131 Dr. Emre Il\u0131cal\u0131, kentsel d\u00f6n\u00fc\u015f\u00fcm s\u00fcrecinin do\u011fru y\u00f6netildi\u011fi takdirde s\u00fcrd\u00fcr\u00fclebilirlik ad\u0131na bunun gibi bir\u00e7ok f\u0131rsat\u0131 da beraberinde getirece\u011fini belirtti. Dr.Il\u0131cal\u0131, &#8220;Elektrikli ara\u00e7 \u015farj istasyonlar\u0131n\u0131n yerle\u015ftirilmesi, ya\u011fmur sular\u0131n\u0131n geri kazan\u0131m\u0131 gibi [&hellip;]<\/p>\n","protected":false},"author":1,"featured_media":34831,"comment_status":"open","ping_status":"open","sticky":false,"template":"","format":"standard","meta":{"ngg_post_thumbnail":0},"categories":[5388],"tags":[15114],"_links":{"self":[{"href":"https:\/\/emlaktuel.com\/index.php?rest_route=\/wp\/v2\/posts\/34830"}],"collection":[{"href":"https:\/\/emlaktuel.com\/index.php?rest_route=\/wp\/v2\/posts"}],"about":[{"href":"https:\/\/emlaktuel.com\/index.php?rest_route=\/wp\/v2\/types\/post"}],"author":[{"embeddable":true,"href":"https:\/\/emlaktuel.com\/index.php?rest_route=\/wp\/v2\/users\/1"}],"replies":[{"embeddable":true,"href":"https:\/\/emlaktuel.com\/index.php?rest_route=%2Fwp%2Fv2%2Fcomments&post=34830"}],"version-history":[{"count":1,"href":"https:\/\/emlaktuel.com\/index.php?rest_route=\/wp\/v2\/posts\/34830\/revisions"}],"predecessor-version":[{"id":34832,"href":"https:\/\/emlaktuel.com\/index.php?rest_route=\/wp\/v2\/posts\/34830\/revisions\/34832"}],"wp:featuredmedia":[{"embeddable":true,"href":"https:\/\/emlaktuel.com\/index.php?rest_route=\/wp\/v2\/media\/34831"}],"wp:attachment":[{"href":"https:\/\/emlaktuel.com\/index.php?rest_route=%2Fwp%2Fv2%2Fmedia&parent=34830"}],"wp:term":[{"taxonomy":"category","embeddable":true,"href":"https:\/\/emlaktuel.com\/index.php?rest_route=%2Fwp%2Fv2%2Fcategories&post=34830"},{"taxonomy":"post_tag","embeddable":true,"href":"https:\/\/emlaktuel.com\/index.php?rest_route=%2Fwp%2Fv2%2Ftags&post=34830"}],"curies":[{"name":"wp","href":"https:\/\/api.w.org\/{rel}","templated":true}]}}