{"id":34758,"date":"2021-03-24T16:10:42","date_gmt":"2021-03-24T13:10:42","guid":{"rendered":"https:\/\/emlaktuel.com\/?p=34758"},"modified":"2021-03-24T16:10:42","modified_gmt":"2021-03-24T13:10:42","slug":"uludag-ekonomi-zirvesinde-enerjide-yeni-dengeler-masaya-yatirildi","status":"publish","type":"post","link":"https:\/\/emlaktuel.com\/?p=34758","title":{"rendered":"Uluda\u011f Ekonomi Zirvesi\u2019nde\u00a0  enerjide yeni dengeler masaya yat\u0131r\u0131ld\u0131"},"content":{"rendered":"<p>&nbsp;<\/p>\n<p><strong>Galata Wind sponsorlu\u011funda ger\u00e7ekle\u015fen \u201cEnerjide Yeni Dengeler\u201d oturumunda T\u00fcrkiye\u2019nin ve enerji piyasas\u0131ndaki rol\u00fc ve bu alandaki beklentiler, T\u00fcrkiye\u2019nin dev enerji \u015firketlerinin \u00fcst d\u00fczey y\u00f6neticileri taraf\u0131ndan ele al\u0131nd\u0131.<\/strong><\/p>\n<p>Global Resources Partnership Y\u00f6netim Kurulu Ba\u015fkan\u0131 Mehmet \u00d6\u011f\u00fct\u00e7\u00fc\u2019n\u00fcn moderat\u00f6rl\u00fc\u011f\u00fcndeki panele SOCAR T\u00fcrkiye Rafineri ve Petrokimya \u0130\u015f Birimi Ba\u015fkan Anar Mammadov, Enerji Ticareti Derne\u011fi Y\u00f6netim Kurulu Ba\u015fkan\u0131 ve Do\u011fan Enerji CEO\u2019su Burak Kuyan, Do\u011fanlar Holding Y\u00f6netim Kurulu Ba\u015fkan\u0131 Davut Do\u011fan, Sanko Enerji CEO\u2019su Hakan Y\u0131ld\u0131r\u0131m ve Zorlu Enerji CEO\u2019su Sinan Ak kat\u0131ld\u0131.<\/p>\n<h2><strong>Mammadov: Pandemiyle petrokimyan\u0131n \u00f6nemi artt\u0131, T\u00fcrkiye bu alanda \u00e7ok b\u00fcy\u00fck bir pazar<\/strong><\/h2>\n<p>Salg\u0131nda en \u00e7ok etkilenen sekt\u00f6rlerden birinin enerji sekt\u00f6r\u00fc oldu\u011funu s\u00f6yleyen\u00a0SOCAR T\u00fcrkiye Rafineri ve Petrokimya \u0130\u015f Birimi Ba\u015fkan Anar Mammadov,\u201cTarihte g\u00f6r\u00fclmeyen bir krizden ge\u00e7tik. Tedarik zincirleri k\u0131r\u0131ld\u0131, rafineriler \u00fcretim k\u0131st\u0131, sekt\u00f6r olumsuz etkilendi. Ancak bu d\u00f6nemde maske dahil pek \u00e7ok malzemenin \u00fcretimde kullan\u0131lan petrokimya \u00fcr\u00fcnleri b\u00fcy\u00fck \u00f6nem kazand\u0131. Bu durum m\u00fc\u015fterilerimizin ihtiya\u00e7lar\u0131n\u0131 kar\u015f\u0131lamak i\u00e7in farkl\u0131 bak\u0131\u015f a\u00e7\u0131lar\u0131 geli\u015ftirmemize neden oldu. \u00d6rne\u011fin jet yak\u0131t\u0131na talep s\u0131f\u0131rlan\u0131nca biz bunu y\u00fczde 100 motorine \u00e7evirdik, \u00e7\u00fcnk\u00fc T\u00fcrkiye\u2019de bu alanda a\u00e7\u0131k vard\u0131. Burada Star Rafineri entegrasyonunun b\u00fcy\u00fck faydas\u0131n\u0131 g\u00f6rd\u00fck. Star Petkim entegrasyonuyla \u00fcretimi ge\u00e7en y\u0131l\u0131n \u00fczerinde kapatt\u0131k. En b\u00fcy\u00fck f\u0131rsatlar\u0131 petrokimya end\u00fcstrisinde g\u00f6r\u00fcyoruz, T\u00fcrkiye bu alanda \u00e7ok b\u00fcy\u00fck ve \u00f6nemli bir pazar\u201d dedi.<\/p>\n<h2><strong>Kuyan: 2030 y\u0131l\u0131nda yenilenebilir enerjide d\u00fcnyada s\u00f6z sahibi olmak istiyoruz<\/strong><\/h2>\n<p>Enerji Ticareti Derne\u011fi Y\u00f6netim Kurulu Ba\u015fkan\u0131 ve Do\u011fan Enerji CEO\u2019su Burak Kuyan, Galata Wind olarak sadece yenilenebilir enerjide varl\u0131k g\u00f6stereceklerini taahh\u00fct ederek, global arenada da alternatif yenilenebilir enerji teknolojilerine yat\u0131r\u0131m yapacaklar\u0131ndan bahsetti. Hem T\u00fcrkiye\u2019de hem yurtd\u0131\u015f\u0131nda b\u00fcy\u00fcme hedefleri oldu\u011fundan bahsederek, \u201cHalka arza haz\u0131rland\u0131\u011f\u0131m\u0131z Galata Wind Enerji A.\u015e. ile bir yandan yenilenebilir enerji kaynaklar\u0131 taraf\u0131nda yeni projeler ile yurt i\u00e7inde ve yurt d\u0131\u015f\u0131nda b\u00fcy\u00fcmeyi hedeflerken bir yandan da da\u011f\u0131t\u0131k ve alternatif enerji teknolojilerine yat\u0131r\u0131m yapmak konusunda \u00e7al\u0131\u015fmaya devam ediyoruz. \u00a0Bizim bu \u00fclkeye olan inanc\u0131m\u0131z hi\u00e7bir zaman bitmeyecek, yat\u0131r\u0131mlar\u0131m\u0131z\u0131 yapmaya devam edece\u011fiz. Do\u011fam\u0131z gere\u011fi s\u00fcrd\u00fcr\u00fclebilirli\u011fe ve gelece\u011fe odaklan\u0131yoruz. Yenilenebilir enerjinin gelecek i\u00e7in \u00f6nemli bir var olma unsuru oldu\u011funu g\u00f6rd\u00fck. 2030 y\u0131l\u0131nda bu alanda global \u00f6l\u00e7ekte s\u00f6z sahibi olan bir \u015firkete d\u00f6n\u00fc\u015fme vizyonuyla hareket ediyoruz.\u201d \u015feklinde konu\u015ftu.<\/p>\n<h2><strong>Do\u011fan: At\u0131klardan enerji \u00fcreterek ve d\u00f6n\u00fc\u015ft\u00fcrerek \u00e7evrenin korunmas\u0131na katk\u0131da bulunuyoruz<\/strong><\/h2>\n<p>Do\u011fanlar Holding, daha \u00e7ok mobilya ve in\u015faat sekt\u00f6r\u00fcndeki faaliyetleriyle tan\u0131nsa da enerjinin sevdikleri bir alan oldu\u011funu belirten Do\u011fanlar Holding Y\u00f6netim Kurulu Ba\u015fkan\u0131 Davut Do\u011fan, \u201cT\u00fcrkiye\u2019deki enerji d\u00f6n\u00fc\u015f\u00fcm\u00fc \u00e7er\u00e7evesinde termik santrallerin yasaklanmas\u0131yla y\u00f6n\u00fcm\u00fcz\u00fc biyogaza ve biyok\u00fctleye \u00e7evirdik. T\u00fcrkiye\u2019de her g\u00fcn ki\u015fi ba\u015f\u0131na 1 kilo \u00e7\u00f6p \u00fcretiliyor. Bu, g\u00fcnde 80 bin ton i\u015flenebilecek potansiyel demek. Bunun 45 bin tonu i\u015flem g\u00f6r\u00fcyor, 9 bin tonunu biz i\u015fliyoruz. Biz sadece elektrik \u00fcretmiyoruz. Bertaraf ayr\u0131\u015ft\u0131rma gelirlerimiz var. At\u0131klardaki cam, plastik, metal gibi hammaddeleri ayr\u0131\u015ft\u0131r\u0131p sat\u0131yoruz. Enerji \u00fcretmenin yan\u0131nda s\u0131f\u0131r at\u0131k projesiyle end\u00fcstriye ve \u00e7evreye katk\u0131da bulunuyoruz. Seralara su ve \u0131s\u0131, tarlalara g\u00fcbre satma potansiyelimiz var. Sadece elektrik \u00fcretimi de\u011fil, entegre yak\u0131t \u00fcretimi kavram\u0131n\u0131 benimseyen bir yolday\u0131z\u201d dedi.<\/p>\n<h2><strong>Y\u0131ld\u0131r\u0131m: Geriye d\u00f6n\u00fcp bakt\u0131\u011f\u0131m\u0131zda gurur duyaca\u011f\u0131m\u0131z hikayeler biriktirdik<\/strong><\/h2>\n<p>Sanko Enerji CEO\u2019su Hakan Y\u0131ld\u0131r\u0131m, \u00fclke olarak enerjide yeni bir denge olu\u015fturmak isteniyorsa daha fazla ortak akla ba\u015fvurulmas\u0131 gerekti\u011fini s\u00f6yledi. 90\u2019larda kendi i\u015ftiraklerinin elektrik \u00fcretimini kar\u015f\u0131lamak i\u00e7in \u00e7\u0131kt\u0131klar\u0131 yolda r\u00fczg\u00e2r, hidroelektrik, jeotermal gibi pek \u00e7ok alanda faaliyet g\u00f6steren bir enerji \u015firketine d\u00f6n\u00fc\u015ft\u00fcklerini s\u00f6yleyen Y\u0131ld\u0131r\u0131m, \u201c2020 zor bir y\u0131ld\u0131, ama bu zor d\u00f6nemi atlatt\u0131\u011f\u0131m\u0131zda bundan \u00e7ok daha g\u00fc\u00e7l\u00fc \u00e7\u0131kaca\u011f\u0131m\u0131za inan\u0131yorum. 2020\u2019de enerji sekt\u00f6r\u00fc \u00e7al\u0131\u015fanlar\u0131 olarak yeni enerji tesislerini devreye sokmak ve mevcut tesisleri ayakta tutmak i\u00e7in b\u00fcy\u00fck fedak\u00e2rl\u0131k g\u00f6sterdik. T\u0131pk\u0131 sa\u011fl\u0131k sekt\u00f6r\u00fc \u00e7al\u0131\u015fanlar\u0131 gibi geriye d\u00f6n\u00fcp bakt\u0131\u011f\u0131m\u0131zda gurur duyaca\u011f\u0131m\u0131z hikayeler biriktirdik. D\u00fcnyada enerji sekt\u00f6r\u00fc iklim de\u011fi\u015fikli\u011fi ve dijitalle\u015fme olarak iki mega trend etraf\u0131nda \u015fekilleniyor. Biz kurum olarak stratejilerimizi bu iki mega trend etraf\u0131nda kurguluyoruz. Y\u00fczde y\u00fcz yenilenebilir enerji portf\u00f6y\u00fcne sahip, dijital d\u00f6n\u00fc\u015f\u00fcm\u00fcn\u00fc tamamlam\u0131\u015f, \u00e7al\u0131\u015fanlar\u0131 mutlu, en fazla kad\u0131n \u00e7al\u0131\u015fana ve y\u00f6neticiye sahip, T\u00fcrkiye\u2019nin en b\u00fcy\u00fck \u015firketine d\u00f6n\u00fc\u015fmek istiyoruz.\u201d<\/p>\n<h2><strong>Ak: T\u00fcrkiye\u2019nin en b\u00fcy\u00fck elektrikli ara\u00e7 \u015farj a\u011f\u0131n\u0131 kurduk, bunu yurtd\u0131\u015f\u0131na da ta\u015f\u0131yaca\u011f\u0131z<\/strong><\/h2>\n<p>Zorlu Enerji CEO\u2019su Sinan Ak, paneldeki konu\u015fmas\u0131nda\u00a0pandemide sahada olman\u0131n getirdi\u011fi zorluklardan ve bununla nas\u0131l m\u00fccadele ettiklerinden bahsetti. Ak, \u015funlar\u0131 s\u00f6yledi: \u201c2500 \u00e7al\u0131\u015fan\u0131m\u0131z bu d\u00f6nemde i\u015fe gitmek, ar\u0131zalara m\u00fcdahale etmek, evlere ula\u015fmak zorundayd\u0131lar. Pandemi d\u00f6neminde en \u00f6ncelikli konumuz \u00e7al\u0131\u015fanlar\u0131m\u0131z\u0131n sa\u011fl\u0131\u011f\u0131n\u0131 korumak, hastalan\u0131rlarsa da en iyi ko\u015fullarda yeniden sa\u011fl\u0131klar\u0131na kavu\u015fturmak oldu. Bunun i\u00e7in en iyi uygulamalar\u0131 s\u00fcrekli takip ettik, sertifikalar\u0131m\u0131z\u0131 ald\u0131k ve bu zor d\u00f6nemi sa\u011fl\u0131k a\u00e7\u0131s\u0131ndan ba\u015far\u0131yla ge\u00e7irdik. Bu d\u00f6nem yeni yat\u0131r\u0131mlara ba\u015flamak i\u00e7in zor bir y\u0131ld\u0131, o nedenle 2020\u2019yi yat\u0131r\u0131mlara haz\u0131rl\u0131k y\u0131l\u0131 olarak de\u011ferlendirdik. Bizim hedefimiz \u00f6zellikle jeotermalde b\u00fcy\u00fcmek. D\u00fcnya de\u011fi\u015fiyor, her alanda buna uyum sa\u011flamak gerekiyor. \u00d6rne\u011fin elektrikli ara\u00e7lar\u0131 T\u00fcrkiye\u2019ye getirmek ad\u0131na b\u00fcy\u00fck yat\u0131r\u0131m yapt\u0131k, T\u00fcrkiye\u2019nin en b\u00fcy\u00fck elektrikli ara\u00e7 \u015farj a\u011f\u0131n\u0131 kurduk. \u00d6n\u00fcm\u00fczdeki d\u00f6nemde belki 20-30 bin ek lokasyona ihtiyac\u0131m\u0131z olacak. Bu giri\u015fimimizi yak\u0131n d\u00f6nemde yurtd\u0131\u015f\u0131nda da yayg\u0131nla\u015ft\u0131rmay\u0131 hedefliyoruz.\u201d<\/p>\n<p>Uluda\u011f Ekonomi Zirvesi\u2019nin Ana Sponsorlu\u011funu Vodafone Business \u00fcstleniyor. Gold Sponsorlar aras\u0131nda Bank of America, Biotrend, Do\u011fan Trend Otomotiv markalar\u0131ndan Silence, Do\u011fan Holding markalar\u0131ndan Galata Wind, Google ve Papara yer al\u0131yor. Zirve\u2019nin Etkinlik Sponsoru Sanko Holding; Oturum Sponsorlar\u0131 BSH, Citibank T\u00fcrkiye, Deloitte T\u00fcrkiye, P&amp;G ve markalar\u0131ndan Fairy, Reckitt-Benckiser markalar\u0131ndan Finish, Bunge G\u0131da markalar\u0131ndan Komili, \u0130talya Ticaret Merkezi ITA, Odeabank; Destek Sponsorlar\u0131 ise Do\u011fan D\u0131\u015f Ticaret ve Sistem9 oldu.<\/p>\n<p><strong>\u00a0<\/strong><\/p>\n<p><strong>Uluda\u011f Ekonomi Zirvesi ile ilgili en g\u00fcncel bilgileri\u00a0<\/strong><strong>http:\/\/www.<wbr \/>uludagekonomizirvesi.org\u00a0<\/strong><strong>adres<wbr \/>inden ve sosyal medya hesaplar\u0131ndan takip edebilirsiniz:<\/strong><\/p>\n<div>\n<ul>\n<li><strong>Twitter\u00a0<\/strong><strong>@UEkonomiZirvesi<\/strong><\/li>\n<\/ul>\n<\/div>\n<h1>o\u00a0\u00a0Instagram @uludagekonomizirvesi<\/h1>\n<p>o\u00a0 \u00a0<strong>Youtube\u00a0<\/strong><strong>&#8211;\u00a0<\/strong><strong>Uluda\u011f Ekonomi Zirvesi<\/strong><\/p>\n<p>o\u00a0 \u00a0<strong>Facebook\u00a0<\/strong><strong>facebook.com\/<wbr \/>UludagEkonomiZirvesi<\/strong><\/p>\n<div>\n<ul>\n<li><strong>Linkedin\u00a0<\/strong><strong>www.linkedin.com\/<wbr \/>company\/uluda\u011f-ekonomi-<wbr \/>zirvesi\/<\/strong><\/li>\n<\/ul>\n<\/div>\n<p>&nbsp;<\/p>\n<p>Zirvede yer alan t\u00fcm konu\u015fma ve oturumlar\u00a0https:\/\/www.<wbr \/>uludagekonomizirvesi.org\u00a0adresinden canl\u0131 olarak takip edilebiliyor<\/p>\n","protected":false},"excerpt":{"rendered":"<p>&nbsp; Galata Wind sponsorlu\u011funda ger\u00e7ekle\u015fen \u201cEnerjide Yeni Dengeler\u201d oturumunda T\u00fcrkiye\u2019nin ve enerji piyasas\u0131ndaki rol\u00fc ve bu alandaki beklentiler, T\u00fcrkiye\u2019nin dev enerji \u015firketlerinin \u00fcst d\u00fczey y\u00f6neticileri taraf\u0131ndan ele al\u0131nd\u0131. Global Resources Partnership Y\u00f6netim Kurulu Ba\u015fkan\u0131 Mehmet \u00d6\u011f\u00fct\u00e7\u00fc\u2019n\u00fcn moderat\u00f6rl\u00fc\u011f\u00fcndeki panele SOCAR T\u00fcrkiye Rafineri ve Petrokimya \u0130\u015f Birimi Ba\u015fkan Anar Mammadov, Enerji Ticareti Derne\u011fi Y\u00f6netim Kurulu Ba\u015fkan\u0131 ve [&hellip;]<\/p>\n","protected":false},"author":1,"featured_media":34759,"comment_status":"open","ping_status":"open","sticky":false,"template":"","format":"standard","meta":{"ngg_post_thumbnail":0},"categories":[5388],"tags":[],"_links":{"self":[{"href":"https:\/\/emlaktuel.com\/index.php?rest_route=\/wp\/v2\/posts\/34758"}],"collection":[{"href":"https:\/\/emlaktuel.com\/index.php?rest_route=\/wp\/v2\/posts"}],"about":[{"href":"https:\/\/emlaktuel.com\/index.php?rest_route=\/wp\/v2\/types\/post"}],"author":[{"embeddable":true,"href":"https:\/\/emlaktuel.com\/index.php?rest_route=\/wp\/v2\/users\/1"}],"replies":[{"embeddable":true,"href":"https:\/\/emlaktuel.com\/index.php?rest_route=%2Fwp%2Fv2%2Fcomments&post=34758"}],"version-history":[{"count":1,"href":"https:\/\/emlaktuel.com\/index.php?rest_route=\/wp\/v2\/posts\/34758\/revisions"}],"predecessor-version":[{"id":34760,"href":"https:\/\/emlaktuel.com\/index.php?rest_route=\/wp\/v2\/posts\/34758\/revisions\/34760"}],"wp:featuredmedia":[{"embeddable":true,"href":"https:\/\/emlaktuel.com\/index.php?rest_route=\/wp\/v2\/media\/34759"}],"wp:attachment":[{"href":"https:\/\/emlaktuel.com\/index.php?rest_route=%2Fwp%2Fv2%2Fmedia&parent=34758"}],"wp:term":[{"taxonomy":"category","embeddable":true,"href":"https:\/\/emlaktuel.com\/index.php?rest_route=%2Fwp%2Fv2%2Fcategories&post=34758"},{"taxonomy":"post_tag","embeddable":true,"href":"https:\/\/emlaktuel.com\/index.php?rest_route=%2Fwp%2Fv2%2Ftags&post=34758"}],"curies":[{"name":"wp","href":"https:\/\/api.w.org\/{rel}","templated":true}]}}