{"id":34707,"date":"2021-03-22T11:03:27","date_gmt":"2021-03-22T08:03:27","guid":{"rendered":"https:\/\/emlaktuel.com\/?p=34707"},"modified":"2021-03-22T11:03:27","modified_gmt":"2021-03-22T08:03:27","slug":"emlak-katilimdan-turkiyenin-ilk-ortakliga-dayali-sukuk-ihraci","status":"publish","type":"post","link":"https:\/\/emlaktuel.com\/?p=34707","title":{"rendered":"Emlak Kat\u0131l\u0131m\u2019dan T\u00fcrkiye\u2019nin ilk Ortakl\u0131\u011fa Dayal\u0131 Sukuk \u0130hrac\u0131"},"content":{"rendered":"<p>T\u00fcrkiye Emlak Kat\u0131l\u0131m Bankas\u0131\u2019dan bir ilk daha. Nisan\u00a02020\u2019den bu yana yurti\u00e7i piyasalar\u0131nda ger\u00e7ekle\u015ftirdi\u011fi kira sertifikas\u0131 (sukuk) ihra\u00e7lar\u0131yla kaynak \u00e7e\u015fitlili\u011fini art\u0131rarak sukuk piyasas\u0131na h\u0131zl\u0131 giri\u015f yapan Emlak Kat\u0131l\u0131m, 17-18 Mart tarihlerinde talep toplamas\u0131n\u0131 ger\u00e7ekle\u015ftirdi\u011fi 455 g\u00fcn vadeli ve yakla\u015f\u0131k 47 milyon TL tutarl\u0131 sukuk ihrac\u0131yla, Kat\u0131l\u0131m Bankac\u0131l\u0131\u011f\u0131na \u00f6zel bir fon toplama y\u00f6ntemi olan \u00d6zel Fon Hesab\u0131 Havuzu \u00fczerinden T\u00fcrkiye\u2019nin ilk emek-sermaye ortakl\u0131\u011f\u0131na dayal\u0131 sukuk ihrac\u0131n\u0131 ger\u00e7ekle\u015ftirdi.<\/p>\n<p>Emlak Kat\u0131l\u0131m, sekt\u00f6rde bir ilki ger\u00e7ekle\u015ftirerek Kat\u0131l\u0131m Bankac\u0131l\u0131\u011f\u0131na \u00f6zel bir fon toplama y\u00f6ntemi olan \u00d6zel Fon Hesab\u0131 Havuzu \u00fczerinden T\u00fcrkiye\u2019nin ilk emek-sermaye ortakl\u0131\u011f\u0131na dayal\u0131 sukuk ihrac\u0131n\u0131 ger\u00e7ekle\u015ftirdi. S\u00f6z konusu sukuk ihrac\u0131 Emlak Kat\u0131l\u0131m\u2019\u0131n y\u00fczde 100 ba\u011fl\u0131 ortakl\u0131\u011f\u0131 olan Emlak Kat\u0131l\u0131m Varl\u0131k Kiralama A.\u015e. (Emlak VK\u015e) \u00fczerinden ihra\u00e7 edildi. Emlak Kat\u0131l\u0131m, Ortakl\u0131\u011fa Dayal\u0131 Kira Sertifikas\u0131ndan sa\u011flam\u0131\u015f oldu\u011fu fonu \u00d6zel Fon Hesab\u0131 Havuzunda murabaha, leasing, kat\u0131lma hesab\u0131 ve\/veya kat\u0131l\u0131m finans prensiplerine uygun yat\u0131r\u0131m ara\u00e7lar\u0131nda de\u011ferlendilmesini ve fonun Emlak VK\u015e ad\u0131na profesyonel bir \u015fekilde y\u00f6netilmesini sa\u011flayacakt\u0131r. Yat\u0131r\u0131mc\u0131lar ise Emlak VK\u015e \u00fczerinden ortakl\u0131\u011fa dayal\u0131 kira sertifikas\u0131 sat\u0131n alarak, Emlak Kat\u0131l\u0131m ile ba\u015fta anla\u015f\u0131lan 95\/5 kar payla\u015f\u0131m oran\u0131 \u00fczerinden \u00d6zel Fon Hesab\u0131 Havuzunun getirisine ortak olacaklar ve vade sonunda ve\/veya d\u00f6nemsel getiri \u00f6deme tarihlerinde \u00d6zel Fon Hesab\u0131 Havuzuna yans\u0131yan kar ba\u015fta belirlenen kar payla\u015f\u0131m oran\u0131nca yat\u0131r\u0131mc\u0131larla payla\u015f\u0131lacakt\u0131r. B\u00f6ylelikle Emlak Kat\u0131l\u0131m, yakla\u015f\u0131k 16 y\u0131l sonra Kat\u0131l\u0131m Bankalar\u0131nda kullan\u0131lan \u00d6zel Fon Hesab\u0131 Havuzlar\u0131n\u0131 ortakl\u0131\u011fa dayal\u0131 sukuk ihrac\u0131 ile tozlu raflardan kald\u0131rarak sekt\u00f6rde tekrardan canland\u0131rm\u0131\u015f oluyor.<\/p>\n<p>&nbsp;<\/p>\n<h2>Ortakl\u0131\u011fa ve Risk Payla\u015f\u0131m\u0131na Dayal\u0131 Sermaye Piyasas\u0131 Ara\u00e7lar\u0131n\u0131 \u00d6nemsiyoruz<\/h2>\n<p>T\u00fcrkiye Emlak Kat\u0131l\u0131m Bankas\u0131 A.\u015e. Genel M\u00fcd\u00fcr\u00fc Nevzat Bayraktar, konuyla ilgili yapt\u0131\u011f\u0131 a\u00e7\u0131klamada \u015funlar\u0131 ifade etti. \u201cBilindi\u011fi \u00fczere kira sertifikalar\u0131 kat\u0131l\u0131m bankalar\u0131 a\u00e7\u0131s\u0131ndan \u00f6nemli bir fon toplama arac\u0131. Emlak Kat\u0131l\u0131m olarak Nisan 2020\u2019den itibaren bu zamana kadar yakla\u015f\u0131k 7.6 milyar TL tutarl\u0131 49 adet kira sertifikas\u0131 ihrac\u0131 ger\u00e7ekle\u015ftirdik. Kat\u0131l\u0131m finans\u0131n \u00f6z\u00fcne daha \u00e7ok yak\u0131\u015fan risk payla\u015f\u0131m\u0131 ve ortakl\u0131k temelli \u00fcr\u00fcnlerin piyasada yer bulmas\u0131n\u0131 ve geli\u015fmesini \u00f6nemsiyoruz. Bu minvalde 17-18 Mart tarihlerinde talep toplamas\u0131n\u0131 ger\u00e7ekle\u015ftirdi\u011fimiz 455 g\u00fcn vadeli, be\u015f d\u00f6nemsel kar pay\u0131 \u00f6demeli ve yakla\u015f\u0131k 47 milyon TL tutarl\u0131 sukuk ihrac\u0131 ile T\u00fcrkiye\u2019nin ilk emek-sermaye ortakl\u0131\u011f\u0131na dayal\u0131 sukuk ihrac\u0131n\u0131 ger\u00e7ekle\u015ftirdik. S\u00f6z konusu ihra\u00e7, piyasadaki di\u011fer kira sertifikas\u0131 ihra\u00e7lar\u0131ndan farkl\u0131 olarak yat\u0131r\u0131mc\u0131lara Emlak Kat\u0131l\u0131m ile emek-sermaye ortakl\u0131\u011f\u0131 (Mudarebe) kurmalar\u0131na f\u0131rsat vermektedir.\u201d<br \/>\nEmlak Kat\u0131l\u0131m\u2019\u0131n ge\u00e7en y\u0131l ihra\u00e7 etti\u011fi T\u00fcrkiye\u2019nin ilk getirisi kat\u0131lma havuzuna referansl\u0131 sukuk ihrac\u0131na ek olarak Ortakl\u0131\u011fa Dayal\u0131 Sukuk \u0130hrac\u0131 ile \u00d6zel Fon Hesab\u0131 Havuzu \u00fczerinden T\u00fcrkiye\u2019nin ilk emek-sermaye ortakl\u0131\u011f\u0131na dayal\u0131 sukuk ihrac\u0131n\u0131 ger\u00e7ekle\u015ftirmi\u015f olman\u0131n mutlulu\u011funu ya\u015fad\u0131klar\u0131n\u0131 belirten Bayraktar, s\u00f6zlerine \u015f\u00f6yle devam etti: \u201c\u015eubat 2021\u2019de Sermaye Piyasas\u0131 Kurulundan alm\u0131\u015f oldu\u011fumuz 15 milyar TL tutarl\u0131 kira sertifikas\u0131 ihra\u00e7 tavan\u0131 onay\u0131 alt\u0131nda, bankam\u0131z\u0131n b\u00fcy\u00fcmesine ve artan \u015fube a\u011f\u0131m\u0131za paralel, bu y\u0131l da ihra\u00e7lar\u0131m\u0131z\u0131 art\u0131rmaya ve kat\u0131l\u0131m finans prensiplerine uygun sermaye piyasas\u0131 ara\u00e7lar\u0131n\u0131 geli\u015ftirmeye ve sekt\u00f6r\u00fcn geli\u015fmesine katk\u0131 sa\u011flamaya devam edece\u011fiz.\u201d<\/p>\n<h2>\nDinamik Havuz Getirisi ve Likidite Avantaj\u0131<\/h2>\n<p>Yat\u0131r\u0131mc\u0131lara bir\u00e7ok a\u00e7\u0131dan avantaj sa\u011flayan \u00d6zel Fon Hesab\u0131 Havuzlar\u0131, yap\u0131lar\u0131 itibariyle Emlak Kat\u0131l\u0131m\u2019\u0131n t\u00fcm fon kulland\u0131r\u0131m i\u015flemlerinden ayr\u0131 olarak, vade ba\u015flang\u0131\u00e7 d\u00f6nemi i\u00e7in ge\u00e7erli piyasa \u015fartlar\u0131na g\u00f6re yat\u0131r\u0131ma y\u00f6nlendirilecek ve bu sayede yat\u0131r\u0131mc\u0131lara kat\u0131lma hesaplar\u0131na k\u0131yasla daha dinamik ve rekabet\u00e7i bir getiri imkan\u0131 sunacakt\u0131r. Yat\u0131r\u0131mc\u0131lar\u0131n nakde ihtiya\u00e7 duymalar\u0131 halinde her d\u00f6nemsel kar pay\u0131 \u00f6deme tarihlerinde (91 g\u00fcn), \u00d6zel Fon Hesab\u0131 Havuzunun performans\u0131na ba\u011fl\u0131 olarak, o tarihe kadar ger\u00e7ekle\u015fen k\u00e2r tutar\u0131n\u0131 alarak ellerinde bulundurduklar\u0131 kira sertifikalar\u0131n\u0131 Emlak Kat\u0131l\u0131m\u2019a satabilecektir.<\/p>\n","protected":false},"excerpt":{"rendered":"<p>T\u00fcrkiye Emlak Kat\u0131l\u0131m Bankas\u0131\u2019dan bir ilk daha. Nisan\u00a02020\u2019den bu yana yurti\u00e7i piyasalar\u0131nda ger\u00e7ekle\u015ftirdi\u011fi kira sertifikas\u0131 (sukuk) ihra\u00e7lar\u0131yla kaynak \u00e7e\u015fitlili\u011fini art\u0131rarak sukuk piyasas\u0131na h\u0131zl\u0131 giri\u015f yapan Emlak Kat\u0131l\u0131m, 17-18 Mart tarihlerinde talep toplamas\u0131n\u0131 ger\u00e7ekle\u015ftirdi\u011fi 455 g\u00fcn vadeli ve yakla\u015f\u0131k 47 milyon TL tutarl\u0131 sukuk ihrac\u0131yla, Kat\u0131l\u0131m Bankac\u0131l\u0131\u011f\u0131na \u00f6zel bir fon toplama y\u00f6ntemi olan \u00d6zel Fon Hesab\u0131 [&hellip;]<\/p>\n","protected":false},"author":1,"featured_media":33793,"comment_status":"open","ping_status":"open","sticky":false,"template":"","format":"standard","meta":{"ngg_post_thumbnail":0},"categories":[5388],"tags":[14744],"_links":{"self":[{"href":"https:\/\/emlaktuel.com\/index.php?rest_route=\/wp\/v2\/posts\/34707"}],"collection":[{"href":"https:\/\/emlaktuel.com\/index.php?rest_route=\/wp\/v2\/posts"}],"about":[{"href":"https:\/\/emlaktuel.com\/index.php?rest_route=\/wp\/v2\/types\/post"}],"author":[{"embeddable":true,"href":"https:\/\/emlaktuel.com\/index.php?rest_route=\/wp\/v2\/users\/1"}],"replies":[{"embeddable":true,"href":"https:\/\/emlaktuel.com\/index.php?rest_route=%2Fwp%2Fv2%2Fcomments&post=34707"}],"version-history":[{"count":1,"href":"https:\/\/emlaktuel.com\/index.php?rest_route=\/wp\/v2\/posts\/34707\/revisions"}],"predecessor-version":[{"id":34708,"href":"https:\/\/emlaktuel.com\/index.php?rest_route=\/wp\/v2\/posts\/34707\/revisions\/34708"}],"wp:featuredmedia":[{"embeddable":true,"href":"https:\/\/emlaktuel.com\/index.php?rest_route=\/wp\/v2\/media\/33793"}],"wp:attachment":[{"href":"https:\/\/emlaktuel.com\/index.php?rest_route=%2Fwp%2Fv2%2Fmedia&parent=34707"}],"wp:term":[{"taxonomy":"category","embeddable":true,"href":"https:\/\/emlaktuel.com\/index.php?rest_route=%2Fwp%2Fv2%2Fcategories&post=34707"},{"taxonomy":"post_tag","embeddable":true,"href":"https:\/\/emlaktuel.com\/index.php?rest_route=%2Fwp%2Fv2%2Ftags&post=34707"}],"curies":[{"name":"wp","href":"https:\/\/api.w.org\/{rel}","templated":true}]}}