{"id":34697,"date":"2021-03-18T09:28:21","date_gmt":"2021-03-18T06:28:21","guid":{"rendered":"https:\/\/emlaktuel.com\/?p=34697"},"modified":"2021-03-22T22:23:44","modified_gmt":"2021-03-22T19:23:44","slug":"avrupa-konutlari-2020nin-en-itibarli-markasi-secildi","status":"publish","type":"post","link":"https:\/\/emlaktuel.com\/?p=34697","title":{"rendered":"Avrupa Konutlar\u0131 2020&#8217;nin en itibarl\u0131 markas\u0131 se\u00e7ildi"},"content":{"rendered":"<p>Markal\u0131 konut sekt\u00f6r\u00fcnde bug\u00fcne dek onlarca yenili\u011fe imza atan Avrupa Konutlar\u0131 markas\u0131, \u201c2020\u2019nin En \u0130tibarl\u0131 Markas\u0131\u201d \u00f6d\u00fcl\u00fcne lay\u0131k g\u00f6r\u00fcld\u00fc. Marketing T\u00fcrkiye taraf\u0131ndan Gayrimenkul kategorisinde \u201cAvrupa Konutlar\u0131\u201d markas\u0131na verilen \u00f6d\u00fcl, \u00fclke genelinde \u00e7ok say\u0131da markan\u0131n incelenmesi sonras\u0131 geldi.<\/p>\n<p>T\u00fcrkiye\u2019nin \u00f6nde gelen reklam ve medya sekt\u00f6r\u00fc yay\u0131mc\u0131lar\u0131ndan Marketing T\u00fcrkiye\u2019nin Akademetre Research &amp; Strategic Planning ile birlikte yedi y\u0131ld\u0131r d\u00fczenledi\u011fi ve \u201cY\u0131l\u0131n \u0130tibarl\u0131s\u0131\u201dn\u0131 belirledi\u011fi \u201cMarka De\u011feri ve Alg\u0131 Ara\u015ft\u0131rmas\u0131 2020\u201d sonu\u00e7land\u0131.<\/p>\n<p>Gayrimenkul kategorisinde 12 ilde yap\u0131lan ara\u015ft\u0131rman\u0131n sonucunda Avrupa Konutlar\u0131 markas\u0131 \u201c2020\u2019nin En \u0130tibarl\u0131 Markas\u0131\u201d \u00f6d\u00fcl\u00fcne lay\u0131k g\u00f6r\u00fcld\u00fc.<\/p>\n<h2>Serhan \u00c7etinsaya: Bu noktaya ekibimizle birlikte geldik<\/h2>\n<p>Markal\u0131 konut kavram\u0131n\u0131n ilk olarak \u201cAvrupa Konutlar\u0131\u201d markas\u0131yla \u00fclke insan\u0131n\u0131n haf\u0131zas\u0131na kaz\u0131nd\u0131\u011f\u0131n\u0131 belirten Arta\u015f \u0130n\u015faat Y\u00f6netim Kurulu \u00dcyesi Serhan \u00c7etinsaya; \u201cAvrupa Konutlar\u0131 markal\u0131 ilk konut projemizden bug\u00fcne temel prensibimiz, markam\u0131z\u0131 tercih eden t\u00fcketicilerin beklenti ve taleplerine en iyi \u015fekilde yan\u0131t vermek oldu. Bu ama\u00e7 do\u011frultusunda t\u00fcm projelerimizin lokasyonlar\u0131n\u0131n belirlenmesinden, geli\u015ftirilmesine, donat\u0131lar\u0131na, teslim sonras\u0131 hizmetlerine kadar her bir detay\u0131 t\u00fcketicilerimizin talepleri do\u011frultusunda \u015fekillendi. Bug\u00fcn on binlerle ifade etti\u011fimiz Avrupa Konutlar\u0131 sakinlerinin markan\u0131n in\u015fas\u0131nda b\u00fcy\u00fck katk\u0131s\u0131 var. T\u00fcketicilerimizin taleplerine bu denli \u00f6nem vermemiz; s\u00fcrekli kendimizi yeni tutmam\u0131za, trendleri yak\u0131ndan takip etmemize ve ilkleri ger\u00e7ekle\u015ftirme konusunda cesaretli davranmam\u0131za katk\u0131 sa\u011flad\u0131. En \u00f6nemlisi, biz bu noktaya ekibimizle birlikte geldik. Hem i\u00e7 b\u00fcnyedeki marka tak\u0131m\u0131m\u0131z hem de y\u0131llarca birlikte yol y\u00fcr\u00fcd\u00fc\u011f\u00fcm\u00fcz ajans\u0131m\u0131z \u201cFikirevim Reklam Ajans\u0131\u201d ile birlikte stratejiler geli\u015ftirdik. Masa etraf\u0131nda tart\u0131\u015ft\u0131k ve uygulad\u0131k. Pandemi s\u00fcrecinde topluma umut vadetmemiz gerekti\u011finden yola \u00e7\u0131karak \u00f6nemli bir reklam kampanyas\u0131 haz\u0131rlay\u0131p t\u00fcm mecralarda yay\u0131nlad\u0131k. Payla\u015ft\u0131\u011f\u0131m\u0131z mesajda halk\u0131m\u0131za \u201cBug\u00fcnler de ge\u00e7ecek\u2026\u201d dedik. Ve b\u00fcy\u00fck be\u011feni ile ciddi destek g\u00f6rd\u00fck. Bug\u00fcn geldi\u011fimiz noktada da Avrupa Konutlar\u0131 markam\u0131z T\u00fcrkiye\u2019nin pazarlama ve marka alan\u0131ndaki sayg\u0131n otoritesi Marketing T\u00fcrkiye taraf\u0131ndan \u201c2020\u2019nin En \u0130tibarl\u0131 Markas\u0131\u201d \u00f6d\u00fcl\u00fcne lay\u0131k g\u00f6r\u00fcld\u00fc.\u201d dedi.<\/p>\n<p style=\"padding-left: 30px; text-align: left;\">Marketing T\u00fcrkiye\u2019nin B\u00fct\u00fcnle\u015fik Pazarlama \u00d6d\u00fclleri kapsam\u0131nda d\u00fczenledi\u011fi \u201cThe One Awards\u201d \u00f6d\u00fcl t\u00f6reninde \u201c2020\u2019nin En \u0130tibarl\u0131 Markas\u0131\u201d \u00f6d\u00fcl\u00fcn\u00fc Arta\u015f \u0130n\u015faat Y\u00f6netim Kurulu \u00dcyesi Serhan \u00c7etinsaya teslim ald\u0131.<\/p>\n","protected":false},"excerpt":{"rendered":"<p>Markal\u0131 konut sekt\u00f6r\u00fcnde bug\u00fcne dek onlarca yenili\u011fe imza atan Avrupa Konutlar\u0131 markas\u0131, \u201c2020\u2019nin En \u0130tibarl\u0131 Markas\u0131\u201d \u00f6d\u00fcl\u00fcne lay\u0131k g\u00f6r\u00fcld\u00fc. Marketing T\u00fcrkiye taraf\u0131ndan Gayrimenkul kategorisinde \u201cAvrupa Konutlar\u0131\u201d markas\u0131na verilen \u00f6d\u00fcl, \u00fclke genelinde \u00e7ok say\u0131da markan\u0131n incelenmesi sonras\u0131 geldi. T\u00fcrkiye\u2019nin \u00f6nde gelen reklam ve medya sekt\u00f6r\u00fc yay\u0131mc\u0131lar\u0131ndan Marketing T\u00fcrkiye\u2019nin Akademetre Research &amp; Strategic Planning ile birlikte yedi [&hellip;]<\/p>\n","protected":false},"author":1,"featured_media":34712,"comment_status":"open","ping_status":"open","sticky":false,"template":"","format":"standard","meta":{"ngg_post_thumbnail":0},"categories":[5388],"tags":[130],"_links":{"self":[{"href":"https:\/\/emlaktuel.com\/index.php?rest_route=\/wp\/v2\/posts\/34697"}],"collection":[{"href":"https:\/\/emlaktuel.com\/index.php?rest_route=\/wp\/v2\/posts"}],"about":[{"href":"https:\/\/emlaktuel.com\/index.php?rest_route=\/wp\/v2\/types\/post"}],"author":[{"embeddable":true,"href":"https:\/\/emlaktuel.com\/index.php?rest_route=\/wp\/v2\/users\/1"}],"replies":[{"embeddable":true,"href":"https:\/\/emlaktuel.com\/index.php?rest_route=%2Fwp%2Fv2%2Fcomments&post=34697"}],"version-history":[{"count":1,"href":"https:\/\/emlaktuel.com\/index.php?rest_route=\/wp\/v2\/posts\/34697\/revisions"}],"predecessor-version":[{"id":34698,"href":"https:\/\/emlaktuel.com\/index.php?rest_route=\/wp\/v2\/posts\/34697\/revisions\/34698"}],"wp:featuredmedia":[{"embeddable":true,"href":"https:\/\/emlaktuel.com\/index.php?rest_route=\/wp\/v2\/media\/34712"}],"wp:attachment":[{"href":"https:\/\/emlaktuel.com\/index.php?rest_route=%2Fwp%2Fv2%2Fmedia&parent=34697"}],"wp:term":[{"taxonomy":"category","embeddable":true,"href":"https:\/\/emlaktuel.com\/index.php?rest_route=%2Fwp%2Fv2%2Fcategories&post=34697"},{"taxonomy":"post_tag","embeddable":true,"href":"https:\/\/emlaktuel.com\/index.php?rest_route=%2Fwp%2Fv2%2Ftags&post=34697"}],"curies":[{"name":"wp","href":"https:\/\/api.w.org\/{rel}","templated":true}]}}