{"id":34665,"date":"2021-03-15T10:38:45","date_gmt":"2021-03-15T07:38:45","guid":{"rendered":"https:\/\/emlaktuel.com\/?p=34665"},"modified":"2021-03-15T10:38:45","modified_gmt":"2021-03-15T07:38:45","slug":"markali-konut-satislarinda-pesinat-kullanim-orani-artti","status":"publish","type":"post","link":"https:\/\/emlaktuel.com\/?p=34665","title":{"rendered":"Markal\u0131 konut sat\u0131\u015flar\u0131nda pe\u015finat kullan\u0131m oran\u0131 artt\u0131"},"content":{"rendered":"<p><strong>\u2018REIDIN-GYODER Yeni Konut Fiyat Endeksi\u2019 \u015eubat 2021 sonu\u00e7lar\u0131 a\u00e7\u0131kland\u0131. Endekse g\u00f6re \u015fubat ay\u0131nda fiyatlar, bir \u00f6nceki aya g\u00f6re %0.20, ge\u00e7en y\u0131l\u0131n ayn\u0131 d\u00f6nemine g\u00f6re ise %6.28 oran\u0131nda artt\u0131.\u00a0<\/strong><strong>Markal\u0131 projelerden konut sat\u0131n alan m\u00fc\u015fterilerin pe\u015finat, senet ve banka kredisi kullan\u0131m oranlar\u0131 incelendi\u011finde, pe\u015finat kullan\u0131m oran\u0131n\u0131n %57.50\u2019ye y\u00fckseldi\u011fi \u015fubat ay\u0131nda markal\u0131 konut sat\u0131\u015flar\u0131n\u0131n %49.95\u2019i bitmi\u015f, %50.05\u2019i bitmemi\u015f konut stoklar\u0131ndan ger\u00e7ekle\u015fti.\u00a0<\/strong><\/p>\n<p><strong><br \/>\nKamuoyunda \u2018markal\u0131 projeler\u2019 olarak adland\u0131r\u0131lan, a\u011f\u0131rl\u0131kl\u0131 olarak kurumsal gayrimenkul \u015firketlerinin \u00fcretti\u011fi konutlar \u00fczerinden geli\u015ftirilen \u2018<\/strong><strong>REIDIN-GYODER Yeni Konut Fiyat Endeksi<\/strong>\u2019 sonu\u00e7lar\u0131na g\u00f6re; \u015fubat ay\u0131nda, bir \u00f6nceki aya g\u00f6re\u00a0<strong>%<\/strong><strong>0.20<\/strong>, ge\u00e7en y\u0131l\u0131n ayn\u0131 d\u00f6nemine g\u00f6re\u00a0<strong>%6.28\u00a0<\/strong>ve endeksin ba\u015flang\u0131\u00e7 d\u00f6nemi olan 2010 y\u0131l\u0131 Ocak ay\u0131na g\u00f6re ise\u00a0<strong>%104.70<\/strong>\u00a0oran\u0131nda nominal art\u0131\u015f ger\u00e7ekle\u015fti.<\/p>\n<p>&nbsp;<\/p>\n<h2><strong>T\u00fcm konut tiplerinde art\u0131\u015f<\/strong><\/h2>\n<p>Yeni Konut Fiyat Endeksi&#8217;nde, \u015fubat ay\u0131nda bir \u00f6nceki aya g\u00f6re 1+1 konut tipinde\u00a0<strong>%0.21, \u00a0<\/strong>2+1 konut tipinde\u00a0<strong>%0.25<\/strong>, 3+1 konut tipinde\u00a0<strong>%0.10<\/strong>\u00a0ve 4+1 konut tipinde\u00a0<strong>%0.06<\/strong>\u00a0oran\u0131nda nominal art\u0131\u015f ya\u015fand\u0131.<\/p>\n<h2><strong><br \/>\nYabanc\u0131ya sat\u0131\u015f oran\u0131 %7<\/strong><\/h2>\n<p>\u015eubat ay\u0131nda, markal\u0131 konut projeleri kapsam\u0131nda ger\u00e7ekle\u015ftirilen sat\u0131\u015flar\u0131n %<strong>7<\/strong>\u2019lik (son 6 ayl\u0131k ortalama\u00a0<strong>%7.53<\/strong>) k\u0131sm\u0131n\u0131n yabanc\u0131 yat\u0131r\u0131mc\u0131lara yap\u0131ld\u0131\u011f\u0131 g\u00f6zlendi. Bu sat\u0131\u015flarda\u00a0<strong>%48.94<\/strong>\u00a0oran\u0131nda 2+1 \u00f6zellikteki konutlar tercih edildi.<\/p>\n<p>&nbsp;<\/p>\n<h2><strong>\u015eubat ay\u0131nda pe\u015finat kullan\u0131m oran\u0131 artt\u0131: %57.50<\/strong><\/h2>\n<p>Markal\u0131 projelerden konut sat\u0131n alan m\u00fc\u015fterilerin pe\u015finat, senet ve banka kredisi kullan\u0131m oranlar\u0131 incelendi\u011finde; \u015fubat ay\u0131nda pe\u015finat kullan\u0131m oran\u0131\u00a0<strong>%57.50<\/strong>, banka kredisi kullan\u0131m oran\u0131\u00a0<strong>%17.02<\/strong>\u00a0ve senet kullan\u0131m oran\u0131\u00a0<strong>%25.48<\/strong>\u00a0olarak ger\u00e7ekle\u015fti. Ocak ay\u0131nda pe\u015finat kullan\u0131m oran\u0131\u00a0<strong>%51.22,<\/strong>\u00a0banka kredisi kullan\u0131m oran\u0131\u00a0<strong>%22.59\u00a0<\/strong>ve senet kullan\u0131m oran\u0131\u00a0<strong>%26.19\u00a0<\/strong>olarak ger\u00e7ekle\u015fmi\u015fti.<\/p>\n<p>&nbsp;<\/p>\n<h2><strong>Stok erime h\u0131z\u0131: %4.02<\/strong><\/h2>\n<p>&nbsp;<\/p>\n<p>\u015eubat ay\u0131nda markal\u0131 konutlardaki stok erime h\u0131z\u0131 rakamlar\u0131 de\u011ferlendirildi\u011finde, adet baz\u0131nda\u00a0<strong>%4.02<\/strong>\u00a0oran\u0131nda erime g\u00f6zlendi. Ocak ay\u0131nda stok erime h\u0131z\u0131<strong>\u00a0%5.39<\/strong>\u00a0oran\u0131nda ger\u00e7ekle\u015fmi\u015fti.<\/p>\n<p>&nbsp;<\/p>\n<h2><strong>Sat\u0131\u015flar\u0131n %49.95\u2019i bitmi\u015f konut stoklar\u0131ndan<\/strong><\/h2>\n<p>&nbsp;<\/p>\n<p>\u015eubat ay\u0131nda sat\u0131\u015f\u0131 ger\u00e7ekle\u015ftirilen markal\u0131 konutlar\u0131n\u00a0<strong>%49.95<\/strong>\u2019i bitmi\u015f konut stoklar\u0131ndan,\u00a0<strong>%50.05<\/strong>\u2019i bitmemi\u015f konut stoklar\u0131ndan olu\u015ftu. Ocak ay\u0131nda ise markal\u0131 konut sat\u0131\u015flar\u0131n\u0131n\u00a0<strong>%34.55<\/strong>\u2019i bitmi\u015f,\u00a0<strong>%65.45<\/strong>\u2019i bitmemi\u015f konut stoklar\u0131ndan olu\u015fmu\u015ftu.<\/p>\n","protected":false},"excerpt":{"rendered":"<p>\u2018REIDIN-GYODER Yeni Konut Fiyat Endeksi\u2019 \u015eubat 2021 sonu\u00e7lar\u0131 a\u00e7\u0131kland\u0131. Endekse g\u00f6re \u015fubat ay\u0131nda fiyatlar, bir \u00f6nceki aya g\u00f6re %0.20, ge\u00e7en y\u0131l\u0131n ayn\u0131 d\u00f6nemine g\u00f6re ise %6.28 oran\u0131nda artt\u0131.\u00a0Markal\u0131 projelerden konut sat\u0131n alan m\u00fc\u015fterilerin pe\u015finat, senet ve banka kredisi kullan\u0131m oranlar\u0131 incelendi\u011finde, pe\u015finat kullan\u0131m oran\u0131n\u0131n %57.50\u2019ye y\u00fckseldi\u011fi \u015fubat ay\u0131nda markal\u0131 konut sat\u0131\u015flar\u0131n\u0131n %49.95\u2019i bitmi\u015f, %50.05\u2019i bitmemi\u015f [&hellip;]<\/p>\n","protected":false},"author":1,"featured_media":32293,"comment_status":"open","ping_status":"open","sticky":false,"template":"","format":"standard","meta":{"ngg_post_thumbnail":0},"categories":[5388],"tags":[689],"_links":{"self":[{"href":"https:\/\/emlaktuel.com\/index.php?rest_route=\/wp\/v2\/posts\/34665"}],"collection":[{"href":"https:\/\/emlaktuel.com\/index.php?rest_route=\/wp\/v2\/posts"}],"about":[{"href":"https:\/\/emlaktuel.com\/index.php?rest_route=\/wp\/v2\/types\/post"}],"author":[{"embeddable":true,"href":"https:\/\/emlaktuel.com\/index.php?rest_route=\/wp\/v2\/users\/1"}],"replies":[{"embeddable":true,"href":"https:\/\/emlaktuel.com\/index.php?rest_route=%2Fwp%2Fv2%2Fcomments&post=34665"}],"version-history":[{"count":1,"href":"https:\/\/emlaktuel.com\/index.php?rest_route=\/wp\/v2\/posts\/34665\/revisions"}],"predecessor-version":[{"id":34666,"href":"https:\/\/emlaktuel.com\/index.php?rest_route=\/wp\/v2\/posts\/34665\/revisions\/34666"}],"wp:featuredmedia":[{"embeddable":true,"href":"https:\/\/emlaktuel.com\/index.php?rest_route=\/wp\/v2\/media\/32293"}],"wp:attachment":[{"href":"https:\/\/emlaktuel.com\/index.php?rest_route=%2Fwp%2Fv2%2Fmedia&parent=34665"}],"wp:term":[{"taxonomy":"category","embeddable":true,"href":"https:\/\/emlaktuel.com\/index.php?rest_route=%2Fwp%2Fv2%2Fcategories&post=34665"},{"taxonomy":"post_tag","embeddable":true,"href":"https:\/\/emlaktuel.com\/index.php?rest_route=%2Fwp%2Fv2%2Ftags&post=34665"}],"curies":[{"name":"wp","href":"https:\/\/api.w.org\/{rel}","templated":true}]}}