{"id":34614,"date":"2021-03-05T11:15:21","date_gmt":"2021-03-05T08:15:21","guid":{"rendered":"https:\/\/emlaktuel.com\/?p=34614"},"modified":"2021-03-05T11:15:21","modified_gmt":"2021-03-05T08:15:21","slug":"faizsiz-konutta-yeni-donem-basliyor","status":"publish","type":"post","link":"https:\/\/emlaktuel.com\/?p=34614","title":{"rendered":"Faizsiz konutta yeni d\u00f6nem ba\u015fl\u0131yor"},"content":{"rendered":"<p><strong>Faizsiz ev ve ara\u00e7 edindirme ile ilgili uzun s\u00fcredir beklenen yasa, TBMM\u2019den ge\u00e7ti. Uygulamaya ge\u00e7ecek yasayla birlikte belirlenen \u015fartlara sahip olan \u015firketler yasal bir stat\u00fc alt\u0131nda hizmet verebilecek.<\/strong><\/p>\n<p><strong>\u00a0<\/strong><\/p>\n<p>Tasarruf finansman\u0131 \u015firketlerinin denetim alt\u0131na al\u0131nmas\u0131n\u0131 ama\u00e7layan kanun teklifi, TBMM Genel Kurulu\u2019nda yap\u0131lan g\u00f6r\u00fc\u015fmeler sonras\u0131nda kabul edildi. Sekt\u00f6rdeki \u015firket temsilcileri i\u00e7in baz\u0131 yapt\u0131r\u0131mlar ve y\u00fck\u00fcml\u00fcl\u00fckler getiren yasayla, sisteme girmeyi planlayan vatanda\u015flar\u0131n sahip oldu\u011fu haklar korunarak, sekt\u00f6r\u00fcn daha g\u00fcvenli bir \u015fekilde b\u00fcy\u00fcmesi hedefleniyor. Yasayla birlikte faizsiz sistemde yeni bir d\u00f6neme girildi\u011fini belirten Emin Grup Y\u00f6netim Kurulu Ba\u015fkan Yard\u0131mc\u0131s\u0131 M. Musab \u00dcst\u00fcn, yasal stat\u00fcn\u00fcn kazan\u0131lmas\u0131yla sisteme g\u00fcvenin ve sistemin konut ve ara\u00e7 sat\u0131\u015flar\u0131ndaki pay\u0131n\u0131n artaca\u011f\u0131n\u0131 dile getirdi. \u00dcst\u00fcn, \u201cSistemin korunmas\u0131n\u0131 ve \u00f6n\u00fcn\u00fcn a\u00e7\u0131lmas\u0131n\u0131 sa\u011flayan yasan\u0131n \u00e7\u0131kmas\u0131nda eme\u011fi ge\u00e7enlere te\u015fekk\u00fcr ediyorum. D\u00fczenleme ile 30 y\u0131ld\u0131r i\u015fleyen tasarrufa dayal\u0131 faizsiz finansman sistemi yasal bir stat\u00fc haline getirilerek \u00fclkemize kazand\u0131r\u0131lm\u0131\u015f ve vatanda\u015flar\u0131m\u0131z\u0131n hizmetine sunulmu\u015f oldu. Meclis\u2019ten ge\u00e7en yasayla birlikte sekt\u00f6r i\u00e7in s\u00fcre\u00e7 beklenildi\u011fi gibi noktaland\u0131. Bundan memnuniyet duyuyoruz. Art\u0131k yeni ba\u015flayan d\u00f6nemde vatanda\u015flar\u0131m\u0131za daha fazla hizmet ederek \u00fclkemizin ekonomisine sa\u011flad\u0131\u011f\u0131m\u0131z katk\u0131lar\u0131 art\u0131rmaya odaklanmal\u0131y\u0131z.\u201d a\u00e7\u0131klamas\u0131nda bulundu.<\/p>\n<h2><strong>Yeni d\u00f6neme uyum \u00e7al\u0131\u015fmalar\u0131 ba\u015fl\u0131yor<\/strong><\/h2>\n<p>Yasa s\u00fcre\u00e7lerinin tamamlanmas\u0131yla yeni d\u00f6nem i\u00e7in uyum \u00e7al\u0131\u015fmalar\u0131na ge\u00e7ilece\u011fini belirten Emin Grup Y\u00f6netim Kurulu Ba\u015fkan Yard\u0131mc\u0131s\u0131 M. Musab \u00dcst\u00fcn, sermaye g\u00fcc\u00fcne sahip, kurumsal bir yap\u0131s\u0131 olan ve yasayla getirilen di\u011fer y\u00fck\u00fcml\u00fcl\u00fckleri kar\u015f\u0131layan \u015firketlerle\u00a0sekt\u00f6r\u00fcn b\u00fcy\u00fcmesinin ve \u00e7ok daha iyi noktalara ta\u015f\u0131nmas\u0131n\u0131n m\u00fcmk\u00fcn olaca\u011f\u0131n\u0131 belirtti. \u00dcst\u00fcn, \u201cYasayla getirilen y\u00fck\u00fcml\u00fcklerin, belirlenen 6 ayl\u0131k uyum s\u00fcrecinin ba\u015flamas\u0131yla birlikte sekt\u00f6re girmeye \u00e7al\u0131\u015fan, sermaye g\u00fcc\u00fc ve bu alanda belirli bir ge\u00e7mi\u015fi olmayanlar\u0131n \u00f6n\u00fcnde bir bariyer olabilece\u011fini d\u00fc\u015f\u00fcn\u00fcyoruz. B\u00f6ylelikle k\u00f6kl\u00fc ve tecr\u00fcbeli firmalar\u0131n i\u00e7inde oldu\u011fu daha \u015feffaf bir d\u00f6nem ba\u015flayacak. BDDK denetimleriyle sekt\u00f6rdeki faaliyetlerin sonu\u00e7lar\u0131n\u0131n raporlanmas\u0131, sistemin devlet otoritelerince kontrol edilebilir hale gelmesi g\u00fcven unsurunun g\u00fc\u00e7lenmesini sa\u011flayacakt\u0131r.\u201d dedi.<\/p>\n<h2><strong>Eminevim 300 milyon TL\u2019lik sermaye g\u00fcc\u00fcyle yeni d\u00f6neme haz\u0131r<\/strong><\/h2>\n<p>Mecliste kabul edilen ve sistemde faaliyet g\u00f6sterebilmek i\u00e7in 100 milyon TL\u2019lik sermaye \u015fart\u0131 getiren yasa hakk\u0131nda de\u011ferlendirmelerini payla\u015fan \u00dcst\u00fcn, tasarruf finansman\u0131 alan\u0131nda 30 y\u0131ld\u0131r hizmet veren bir \u015firket olarak yeni d\u00f6neme haz\u0131r olduklar\u0131n\u0131 belirtti. \u015eirketin sermaye g\u00fcc\u00fcn\u00fcn 300 milyon TL oldu\u011funu ifade eden \u00dcst\u00fcn, \u015f\u00f6yle konu\u015ftu: \u201cBug\u00fcne kadar 180 bini a\u015fk\u0131n ev ve ara\u00e7 teslimat\u0131 yapan, \u00fclke ekonomisine y\u0131lda 4 milyar TL katk\u0131 sunan bir \u015firket olarak 300 milyon TL\u2019lik sermaye g\u00fcc\u00fcm\u00fczle yeni d\u00f6neme haz\u0131r\u0131z. 30 y\u0131ld\u0131r aral\u0131ks\u0131z hizmet vererek bir sekt\u00f6r haline gelmesinde \u00e7ok b\u00fcy\u00fck bir pay sahibi oldu\u011fumuz tasarruf finansman\u0131 alan\u0131nda, gerek sermaye g\u00fcc\u00fcm\u00fcz gerekse kurumsal yap\u0131 ve birikimlerimizle liderlik etmeye devam edece\u011fiz.<\/p>\n<h2><strong>Sistem y\u0131lda 100 bini a\u015fk\u0131n ki\u015fiyi finanse edecek<\/strong><\/h2>\n<p>Faizsiz finansman sisteminin insanlar\u0131n konut ve ara\u00e7 ihtiya\u00e7lar\u0131n\u0131 kar\u015f\u0131lamada bug\u00fcne kadar \u00f6nemli bir finansal g\u00f6rev \u00fcstlendi\u011fini belirten Emin Grup Y\u00f6netim Kurulu Ba\u015fkan Yard\u0131mc\u0131s\u0131 M. Musab \u00dcst\u00fcn, bundan sonra da sistemin \u00fcstlenece\u011fi g\u00f6revlerle \u00f6zellikle ipotekli konut sat\u0131\u015flar\u0131nda pay\u0131n\u0131n y\u00fczde 2\u2019lerden y\u00fczde 10\u2019lara kadar \u00e7\u0131kabilece\u011fini ifade etti. \u00dcst\u00fcn \u015f\u00f6yle konu\u015ftu: \u201cYasal alt yap\u0131 ile bankac\u0131l\u0131k d\u0131\u015f\u0131ndaki finansal sekt\u00f6r\u00fcn geli\u015fiminin sa\u011flanaca\u011f\u0131na ve sistemin konvansiyonel modellere ba\u015far\u0131l\u0131 bir alternatif olaca\u011f\u0131na inan\u0131yoruz. Bu a\u00e7\u0131dan yasal stat\u00fc ile \u00f6nemli bir alternatif haline gelecek sistemle,\u00a0Eminevim olarak bir y\u0131lda yapt\u0131\u011f\u0131m\u0131z\u00a0hem konut hem de ara\u00e7 teslimatlar\u0131n\u0131 y\u0131ll\u0131k\u00a025-30 binlerden 2-3 y\u0131ll\u0131k periyodlar i\u00e7inde 100 binlere \u00e7\u0131karabilmek m\u00fcmk\u00fcn hale gelebilir. Y\u0131ll\u0131k yapt\u0131\u011f\u0131m\u0131z 25 bine yak\u0131n teslimatla \u00fclke ekonomisine sa\u011flad\u0131\u011f\u0131m\u0131z y\u0131ll\u0131k 4 milyar TL d\u00fczeyindeki ekonomik katk\u0131y\u0131 da yine 2-3 y\u0131ll\u0131k periyodlar i\u00e7inde\u00a0y\u0131lda 25 \u2013 30 milyar TL\u2019ye \u00e7\u0131karabiliriz. Hedeflenen bu art\u0131\u015flar \u00f6zellikle konut ve ara\u00e7 pazar\u0131na da can suyu olacak\u201d<\/p>\n","protected":false},"excerpt":{"rendered":"<p>Faizsiz ev ve ara\u00e7 edindirme ile ilgili uzun s\u00fcredir beklenen yasa, TBMM\u2019den ge\u00e7ti. Uygulamaya ge\u00e7ecek yasayla birlikte belirlenen \u015fartlara sahip olan \u015firketler yasal bir stat\u00fc alt\u0131nda hizmet verebilecek. \u00a0 Tasarruf finansman\u0131 \u015firketlerinin denetim alt\u0131na al\u0131nmas\u0131n\u0131 ama\u00e7layan kanun teklifi, TBMM Genel Kurulu\u2019nda yap\u0131lan g\u00f6r\u00fc\u015fmeler sonras\u0131nda kabul edildi. Sekt\u00f6rdeki \u015firket temsilcileri i\u00e7in baz\u0131 yapt\u0131r\u0131mlar ve y\u00fck\u00fcml\u00fcl\u00fckler getiren [&hellip;]<\/p>\n","protected":false},"author":1,"featured_media":33351,"comment_status":"open","ping_status":"open","sticky":false,"template":"","format":"standard","meta":{"ngg_post_thumbnail":0},"categories":[5388],"tags":[13666],"_links":{"self":[{"href":"https:\/\/emlaktuel.com\/index.php?rest_route=\/wp\/v2\/posts\/34614"}],"collection":[{"href":"https:\/\/emlaktuel.com\/index.php?rest_route=\/wp\/v2\/posts"}],"about":[{"href":"https:\/\/emlaktuel.com\/index.php?rest_route=\/wp\/v2\/types\/post"}],"author":[{"embeddable":true,"href":"https:\/\/emlaktuel.com\/index.php?rest_route=\/wp\/v2\/users\/1"}],"replies":[{"embeddable":true,"href":"https:\/\/emlaktuel.com\/index.php?rest_route=%2Fwp%2Fv2%2Fcomments&post=34614"}],"version-history":[{"count":1,"href":"https:\/\/emlaktuel.com\/index.php?rest_route=\/wp\/v2\/posts\/34614\/revisions"}],"predecessor-version":[{"id":34615,"href":"https:\/\/emlaktuel.com\/index.php?rest_route=\/wp\/v2\/posts\/34614\/revisions\/34615"}],"wp:featuredmedia":[{"embeddable":true,"href":"https:\/\/emlaktuel.com\/index.php?rest_route=\/wp\/v2\/media\/33351"}],"wp:attachment":[{"href":"https:\/\/emlaktuel.com\/index.php?rest_route=%2Fwp%2Fv2%2Fmedia&parent=34614"}],"wp:term":[{"taxonomy":"category","embeddable":true,"href":"https:\/\/emlaktuel.com\/index.php?rest_route=%2Fwp%2Fv2%2Fcategories&post=34614"},{"taxonomy":"post_tag","embeddable":true,"href":"https:\/\/emlaktuel.com\/index.php?rest_route=%2Fwp%2Fv2%2Ftags&post=34614"}],"curies":[{"name":"wp","href":"https:\/\/api.w.org\/{rel}","templated":true}]}}