{"id":34495,"date":"2021-02-27T16:53:40","date_gmt":"2021-02-27T13:53:40","guid":{"rendered":"https:\/\/emlaktuel.com\/?p=34495"},"modified":"2021-02-27T16:53:40","modified_gmt":"2021-02-27T13:53:40","slug":"surdurulebilirligin-gelecegi-yesil-rapido-2021de-konusulacak-2","status":"publish","type":"post","link":"https:\/\/emlaktuel.com\/?p=34495","title":{"rendered":"S\u00fcrd\u00fcr\u00fclebilirli\u011fin gelece\u011fi Ye\u015fil Rapido 2021\u2019de konu\u015fulacak"},"content":{"rendered":"<p><strong><u>Mimarl\u0131k ve yap\u0131 sekt\u00f6r\u00fcn\u00fcn profesyonelleri online olarak bir araya geliyor.<\/u><\/strong><\/p>\n<p><strong>Daha ya\u015fanabilir kentler ve sa\u011fl\u0131kl\u0131 yap\u0131l\u0131 \u00e7evreler tasarlaman\u0131n \u00f6nemini s\u00fcrd\u00fcr\u00fclebilirlik \u00e7er\u00e7evesinde ele alan Ye\u015fil Rapido Konferans serisi, bu y\u0131l \u201cNefes Alan Bir D\u00fcnya \u0130\u00e7in Tasar\u0131m\u201d temas\u0131yla online olarak hayata ge\u00e7iyor.<\/strong>\u00a0<strong>\u00dclkemizdeki yap\u0131 sekt\u00f6r\u00fcn\u00fcn \u00e7evre duyarl\u0131l\u0131\u011f\u0131 konusunda geli\u015fimine destek olmak amac\u0131yla ger\u00e7ekle\u015fecek olan organizasyon; 3 Mart, 22 Mart ve 14 Nisan 2021 tarihlerinde \u00fc\u00e7 ayr\u0131 oturumla \u00fccretsiz olarak takip edilebilecek. Konferanslara kat\u0131l\u0131m i\u00e7in\u00a0yesilrapido.com\u00a0\u00fczerinden kay\u0131t yap\u0131labilir.\u00a0<\/strong><\/p>\n<p>Mimarl\u0131k ve in\u015faat s\u00fcre\u00e7lerinin \u00e7evresel etkilerini masaya yat\u0131rmaya ve yeni \u00e7\u00f6z\u00fcm \u00f6nerileri sunmaya haz\u0131rlanan online konferans serisi Ye\u015fil Rapido 2021, Ekoyap\u0131 Dergisi, ArcheThink ortakl\u0131\u011f\u0131nda ger\u00e7ekle\u015fecek. \u00a0D\u00f6rken Sistem stratejik ortakl\u0131\u011f\u0131 ve Roca\u2019n\u0131n konferans sponsorlu\u011fun ile ba\u015flayacak olan seri; tasar\u0131m ve mimarl\u0131k sekt\u00f6rleri \u00f6zelinde \u201cs\u00fcrd\u00fcr\u00fclebilirlik\u201d konusuna odaklanacak, ulusal ve uluslararas\u0131 bir\u00e7ok \u00f6nemli isme ev sahipli\u011fi yapacak.<\/p>\n<h2><strong>Yap\u0131 sekt\u00f6r\u00fcn\u00fcn t\u00fcm temsilcileri bu konferans serisinde olacak<\/strong><\/h2>\n<p>Ye\u015fil Rapido T\u00fcrkiye\u2019deki mimarl\u0131k ve s\u00fcrd\u00fcr\u00fclebilirlik \u00e7er\u00e7evesinde yap\u0131lan tek konferans olma \u00f6zelli\u011fini ta\u015f\u0131yor. Konferans\u0131n bu y\u0131lki konu\u015fmac\u0131lar ise;\u00a0<strong>Architecture 2030 CEO\u2019su Edward Mazria, \u00a0Waterloo \u00dcniversitesi \u0130n\u015faat ve \u00c7evre M\u00fchendisli\u011fi B\u00f6l\u00fcm\u00fc ve Mimarl\u0131k Fak\u00fcltesi Do\u00e7enti Dr. John Straube, GG Loop Kurucusu Giacomo Garziano<\/strong>\u00a0olacak. Ayn\u0131 zamanda sekt\u00f6r\u00fcn \u00e7ok de\u011ferli T\u00fcrk temsilcileri de konu\u015fmac\u0131 olarak yer alacak.<\/p>\n<p>Konferans, yap\u0131 sekt\u00f6r\u00fcn\u00fcn t\u00fcm temsilcileri, yap\u0131 \u00fcreticileri, mimarlar, i\u00e7 mimarlar, peyzaj mimarlar\u0131, \u015fehir planc\u0131lar\u0131, m\u00fchendisler, m\u00fcteahhitler, konuyla ilgili akademik ki\u015filer, kamu g\u00f6revlileri, sivil toplum \u00f6rg\u00fctleri, yap\u0131 malzemesi \u00fcreticileri, ilgili b\u00f6l\u00fcmlerin \u00f6\u011frencileri ve s\u00fcrd\u00fcr\u00fclebilirlik alg\u0131s\u0131 y\u00fcksek ilgilileri online platformda bulu\u015fturacak.<\/p>\n<h2><strong>S\u00fcrd\u00fcr\u00fclebilirlik ve daha ya\u015fanabilir \u00e7evre kavramlar\u0131na yeni bir perspektif kazand\u0131r\u0131yor<\/strong><\/h2>\n<p>Ye\u015fil Rapido\u2019nun temellerinin 2010 y\u0131l\u0131nda yay\u0131n hayat\u0131na ba\u015flayan Ekoyap\u0131 Dergisi taraf\u0131ndan at\u0131ld\u0131\u011f\u0131n\u0131 ve organizasyonlar kapsam\u0131nda, be\u015f Ye\u015fil Bina E\u011fitimi ve \u00fc\u00e7 uluslararas\u0131 konferans ger\u00e7ekle\u015ftirdiklerini ifade eden\u00a0<strong>Ekoyap\u0131 Dergisi Genel Yay\u0131n Y\u00f6netmeni Sevda Yayla<\/strong>; \u201cBu zamana kadar d\u00fcnya \u00e7ap\u0131nda mimarl\u0131k ve tasar\u0131m alan\u0131ndaki \u00e7ok \u00f6nemli otoriteleri konferans kapsam\u0131nda a\u011f\u0131rlayarak \u00fclkemizdeki s\u00fcrd\u00fcr\u00fclebilirlik fark\u0131ndal\u0131\u011f\u0131n\u0131n artmas\u0131 ve bu konunun yenilik\u00e7i bir perspektif kazanmas\u0131n\u0131 ama\u00e7lad\u0131k. Yapt\u0131\u011f\u0131m\u0131z organizasyonlar, her y\u0131l farkl\u0131 ana temalar \u00e7er\u00e7evesinde s\u00fcrd\u00fcr\u00fclebilirlik ve daha ya\u015fanabilir yap\u0131l\u0131 alanlar kavramlar\u0131n\u0131n alt\u0131n\u0131 \u00e7izerek, sonu\u00e7 odakl\u0131 payla\u015f\u0131mlara sahne oldu. Bu y\u0131l ise yine \u00e7ok \u00f6nemli i\u015f birlikleri ve sayg\u0131n isimlerle birlikte Ye\u015fil Rapido organizasyonu 2021 y\u0131l\u0131nda g\u00fcn\u00fcm\u00fcz ko\u015fullar\u0131na uyarlanarak online platforma ta\u015f\u0131d\u0131k. Ye\u015fil Rapido ile bu sene ba\u015fta mimar, m\u00fchendis ve tasar\u0131mc\u0131lar olmak \u00fczere herkesi, s\u00fcrd\u00fcr\u00fclebilirlik konusu ile ilgili bak\u0131\u015f a\u00e7\u0131m\u0131z\u0131 de\u011fi\u015ftirmeye davet ediyoruz\u201d dedi.<\/p>\n<h2><strong>\u201cNefes Alan Bir D\u00fcnya i\u00e7in Tasar\u0131m\u201d temas\u0131yla ger\u00e7ekle\u015fecek<\/strong><\/h2>\n<p>Mimarl\u0131k ve yap\u0131 sekt\u00f6r\u00fcn\u00fcn profesyonellerini bulu\u015fturacak olan konferans serisi ile ilgili konu\u015fan\u00a0<strong>ArcheThink Kurucusu Selin Uysal<\/strong>; \u201cBu y\u0131lki temam\u0131z\u00a0<em>Nefes Alan Bir D\u00fcnya i\u00e7in Tasar\u0131m<\/em>. Pandemi d\u00f6neminde, \u00e7ok s\u0131radan bir eylem gibi alg\u0131lanan nefes alman\u0131n asl\u0131nda canl\u0131 ya\u015fam\u0131 i\u00e7in ne denli \u00f6nemli bir dinamik oldu\u011fu konusunda ciddi bir deneyim ya\u015fad\u0131k. Bu seneki konu ba\u015fl\u0131\u011f\u0131m\u0131z da ya\u015fad\u0131\u011f\u0131m\u0131z bu ola\u011fan\u00fcst\u00fc s\u00fcre\u00e7le paralellik olu\u015fturuyor. Pandeminin s\u00fcrd\u00fcr\u00fclebilirlik kavram\u0131n\u0131 \u00e7ok daha \u00f6nemli k\u0131ld\u0131\u011f\u0131n\u0131 d\u00fc\u015f\u00fcn\u00fcyoruz.Bu y\u0131l ger\u00e7ekle\u015fecek seminerlerde; mimarl\u0131k ve tasar\u0131m s\u00fcre\u00e7lerinde s\u00fcrd\u00fcr\u00fclebilirlik \u00e7er\u00e7evesinde karbon sal\u0131n\u0131m\u0131n\u0131 azaltacak ve enerji tasarrufu sa\u011flayacak \u00e7\u00f6z\u00fcmler ve somut \u00f6rnekler ile ele al\u0131nacak. Ayn\u0131 zamanda sa\u011fl\u0131kl\u0131 binalar \u00fcretmek i\u00e7in gereken parametreler, yap\u0131 biyolojisi ve yap\u0131lar\u0131n insan sa\u011fl\u0131\u011f\u0131 \u00fczerindeki etkileri, kentlere yap\u0131lacak ye\u015fil m\u00fcdahaleler gibi konu ba\u015fl\u0131klar\u0131 tart\u0131\u015f\u0131lacak. \u00a0 Biz de bu konuda d\u00fcnyadan ve \u00fclkemizden do\u011fru \u00f6rnekleri \u00f6ne \u00e7\u0131kartmay\u0131, global anlamda alanlar\u0131n\u0131n en \u00f6nemli isimleri ile \u00a0 ve yapt\u0131klar\u0131 ile \u00a0ger\u00e7ek, \u00f6l\u00e7\u00fclebilir fayda yaratan \u00f6neriler getiren konu\u015fmac\u0131lar ile sekt\u00f6re ilham vermeyi ama\u00e7l\u0131yoruz\u201d dedi.<\/p>\n<p>www.yesilrapido.com<\/p>\n","protected":false},"excerpt":{"rendered":"<p>Mimarl\u0131k ve yap\u0131 sekt\u00f6r\u00fcn\u00fcn profesyonelleri online olarak bir araya geliyor. Daha ya\u015fanabilir kentler ve sa\u011fl\u0131kl\u0131 yap\u0131l\u0131 \u00e7evreler tasarlaman\u0131n \u00f6nemini s\u00fcrd\u00fcr\u00fclebilirlik \u00e7er\u00e7evesinde ele alan Ye\u015fil Rapido Konferans serisi, bu y\u0131l \u201cNefes Alan Bir D\u00fcnya \u0130\u00e7in Tasar\u0131m\u201d temas\u0131yla online olarak hayata ge\u00e7iyor.\u00a0\u00dclkemizdeki yap\u0131 sekt\u00f6r\u00fcn\u00fcn \u00e7evre duyarl\u0131l\u0131\u011f\u0131 konusunda geli\u015fimine destek olmak amac\u0131yla ger\u00e7ekle\u015fecek olan organizasyon; 3 Mart, 22 [&hellip;]<\/p>\n","protected":false},"author":1,"featured_media":34496,"comment_status":"open","ping_status":"open","sticky":false,"template":"","format":"standard","meta":{"ngg_post_thumbnail":0},"categories":[58],"tags":[],"_links":{"self":[{"href":"https:\/\/emlaktuel.com\/index.php?rest_route=\/wp\/v2\/posts\/34495"}],"collection":[{"href":"https:\/\/emlaktuel.com\/index.php?rest_route=\/wp\/v2\/posts"}],"about":[{"href":"https:\/\/emlaktuel.com\/index.php?rest_route=\/wp\/v2\/types\/post"}],"author":[{"embeddable":true,"href":"https:\/\/emlaktuel.com\/index.php?rest_route=\/wp\/v2\/users\/1"}],"replies":[{"embeddable":true,"href":"https:\/\/emlaktuel.com\/index.php?rest_route=%2Fwp%2Fv2%2Fcomments&post=34495"}],"version-history":[{"count":1,"href":"https:\/\/emlaktuel.com\/index.php?rest_route=\/wp\/v2\/posts\/34495\/revisions"}],"predecessor-version":[{"id":34497,"href":"https:\/\/emlaktuel.com\/index.php?rest_route=\/wp\/v2\/posts\/34495\/revisions\/34497"}],"wp:featuredmedia":[{"embeddable":true,"href":"https:\/\/emlaktuel.com\/index.php?rest_route=\/wp\/v2\/media\/34496"}],"wp:attachment":[{"href":"https:\/\/emlaktuel.com\/index.php?rest_route=%2Fwp%2Fv2%2Fmedia&parent=34495"}],"wp:term":[{"taxonomy":"category","embeddable":true,"href":"https:\/\/emlaktuel.com\/index.php?rest_route=%2Fwp%2Fv2%2Fcategories&post=34495"},{"taxonomy":"post_tag","embeddable":true,"href":"https:\/\/emlaktuel.com\/index.php?rest_route=%2Fwp%2Fv2%2Ftags&post=34495"}],"curies":[{"name":"wp","href":"https:\/\/api.w.org\/{rel}","templated":true}]}}