{"id":34322,"date":"2021-02-17T11:59:31","date_gmt":"2021-02-17T08:59:31","guid":{"rendered":"https:\/\/emlaktuel.com\/?p=34322"},"modified":"2021-02-17T11:59:31","modified_gmt":"2021-02-17T08:59:31","slug":"10-milyar-dolarlik-sektor-bahari-bekliyor","status":"publish","type":"post","link":"https:\/\/emlaktuel.com\/?p=34322","title":{"rendered":"10 milyar dolarl\u0131k sekt\u00f6r, bahar\u0131 bekliyor!"},"content":{"rendered":"<p><strong>Sek\u00f6rel ticaretin yeniden hareketlenece\u011fi d\u00f6nemin ba\u015flang\u0131c\u0131nda d\u00fczenlenen HOST \u0130stanbul, firmalara can suyu olacak\u2026<\/strong><\/p>\n<p><strong>T\u00fcrkiye ev ve mutfak e\u015fyalar\u0131 sekt\u00f6r\u00fc, bahar f\u0131rsatlar\u0131n\u0131 bekliyor<\/strong><\/p>\n<p><strong>Tarsus Turkey taraf\u0131ndan 25 \u2013 28 Mart tarihlerinde T\u00fcyap\u2019ta d\u00fczenlenecek olan 15. Uluslararas\u0131 T\u00fcrkiye Ev ve Mutfak E\u015fyas\u0131 \u00dcreticileri Fuar\u0131 HOST \u0130stanbul, durgun bir d\u00f6nemden ge\u00e7en i\u00e7 pazara ticari hareketlilik getirecek. Aralar\u0131nda zincir perakendecilerin de bulundu\u011fu sat\u0131n almac\u0131lara, d\u00fcnya standartlar\u0131nda yerli \u00fcretim yapan sekt\u00f6r firmalar\u0131n\u0131n, bir\u00e7o\u011fu stoklu olan \u00fcr\u00fcnlerini avantajl\u0131 fiyatlarla tedarik etme f\u0131rsat\u0131 sunacak fuar, yeni ithal \u00fcr\u00fcnleri de profesyonel ziyaret\u00e7ileriyle bulu\u015fturacak. B<\/strong><strong>ahar sezonunun b\u00f6lgedeki tek ev ve mutfak e\u015fyalar\u0131 fuar\u0131 HOST \u0130stanbul ayn\u0131 zamanda <\/strong><strong>y\u0131l\u0131n ilk uluslararas\u0131 \u00f6l\u00e7ekte y\u00fcz y\u00fcze ticaret bulu\u015fmas\u0131 olacak.<\/strong><strong>\u00a0<\/strong><\/p>\n<p>10 milyar dolar pazar hacmine sahip T\u00fcrkiye ev ve mutfak e\u015fyalar\u0131 sekt\u00f6r\u00fcnde y\u0131l\u0131n ilk bulu\u015fmas\u0131 i\u00e7in geri say\u0131m ba\u015flad\u0131. K\u00fcresel durgunlu\u011fa ra\u011fmen ihracat rakamlar\u0131n\u0131 korumay\u0131 ba\u015faran sekt\u00f6r, d\u0131\u015f ticaretteki hareketli\u011fi art\u0131rmak ve i\u00e7 pazarda yeniden ivme kazanmak i\u00e7in bahar\u0131 bekliyor. Tedarik zincirinde \u00f6zellikle \u00c7in\u2019e alternatif olarak T\u00fcrkiye\u2019nin \u00f6ne \u00e7\u0131kmaya ba\u015flad\u0131\u011f\u0131, sat\u0131n almalar\u0131n yeniden hareketlendi\u011fi ve Ramazan ay\u0131 \u00f6ncesinde ev ve mutfak e\u015fyalar\u0131 \u00fcr\u00fcnlerine olan talebin artaca\u011f\u0131 bir d\u00f6nemde ger\u00e7ekle\u015fecek olan HOST \u0130stanbul, t\u00fcm payda\u015flar\u0131na e\u015fsiz ticaret f\u0131rsatlar\u0131 sunmaya haz\u0131rlan\u0131yor.<\/p>\n<p>25 \u2013 28 Mart 2021 tarihlerinde T\u00fcyap\u2019ta 15.\u2019si d\u00fczenlenecek olan HOST \u0130stanbul, yeni d\u0131\u015f pazarlara a\u00e7\u0131lmay\u0131 hedefleyen T\u00fcrkiye ev ve mutfak e\u015fyalar\u0131 sekt\u00f6r\u00fcne alternatif ihracat kanallar\u0131 olu\u015ftururken, kat\u0131l\u0131mc\u0131 firmalar\u0131n yerli \u00fcretim, kaliteli ve fiyat avantajl\u0131 \u00fcr\u00fcnlerini ba\u015fta zincir perakendeciler olmak \u00fczere yurt i\u00e7indeki sat\u0131n almac\u0131larla bulu\u015fturarak, i\u00e7 pazar\u0131 da hareketlendirecek.<\/p>\n<p>Sergilenen zengin \u00fcr\u00fcn \u00e7e\u015fitli\u011fiyle ev ve mutfak e\u015fyalar\u0131 sekt\u00f6r\u00fcn\u00fcn b\u00f6lgesindeki en \u00f6nemli ticaret fuarlar\u0131ndan birisi olarak g\u00f6sterilen HOST \u0130stanbul\u2019da cam, porselen ve seramikten elektrikli ev aletlerine, metal mutfak e\u015fyalar\u0131ndan plastik ev gere\u00e7leri\/bah\u00e7e aksesuarlar\u0131na, dekoratif \u00fcr\u00fcnlerden mutfak e\u015fyalar\u0131na kadar y\u00fczlerce yeni tasar\u0131m sergilenecek.<\/p>\n<p><strong>Detayl\u0131 Bilgi \u0130\u00e7in: www.hostistanbulfair.com <\/strong><\/p>\n","protected":false},"excerpt":{"rendered":"<p>Sek\u00f6rel ticaretin yeniden hareketlenece\u011fi d\u00f6nemin ba\u015flang\u0131c\u0131nda d\u00fczenlenen HOST \u0130stanbul, firmalara can suyu olacak\u2026 T\u00fcrkiye ev ve mutfak e\u015fyalar\u0131 sekt\u00f6r\u00fc, bahar f\u0131rsatlar\u0131n\u0131 bekliyor Tarsus Turkey taraf\u0131ndan 25 \u2013 28 Mart tarihlerinde T\u00fcyap\u2019ta d\u00fczenlenecek olan 15. Uluslararas\u0131 T\u00fcrkiye Ev ve Mutfak E\u015fyas\u0131 \u00dcreticileri Fuar\u0131 HOST \u0130stanbul, durgun bir d\u00f6nemden ge\u00e7en i\u00e7 pazara ticari hareketlilik getirecek. Aralar\u0131nda zincir [&hellip;]<\/p>\n","protected":false},"author":1,"featured_media":34323,"comment_status":"open","ping_status":"open","sticky":false,"template":"","format":"standard","meta":{"ngg_post_thumbnail":0},"categories":[26],"tags":[15048],"_links":{"self":[{"href":"https:\/\/emlaktuel.com\/index.php?rest_route=\/wp\/v2\/posts\/34322"}],"collection":[{"href":"https:\/\/emlaktuel.com\/index.php?rest_route=\/wp\/v2\/posts"}],"about":[{"href":"https:\/\/emlaktuel.com\/index.php?rest_route=\/wp\/v2\/types\/post"}],"author":[{"embeddable":true,"href":"https:\/\/emlaktuel.com\/index.php?rest_route=\/wp\/v2\/users\/1"}],"replies":[{"embeddable":true,"href":"https:\/\/emlaktuel.com\/index.php?rest_route=%2Fwp%2Fv2%2Fcomments&post=34322"}],"version-history":[{"count":1,"href":"https:\/\/emlaktuel.com\/index.php?rest_route=\/wp\/v2\/posts\/34322\/revisions"}],"predecessor-version":[{"id":34324,"href":"https:\/\/emlaktuel.com\/index.php?rest_route=\/wp\/v2\/posts\/34322\/revisions\/34324"}],"wp:featuredmedia":[{"embeddable":true,"href":"https:\/\/emlaktuel.com\/index.php?rest_route=\/wp\/v2\/media\/34323"}],"wp:attachment":[{"href":"https:\/\/emlaktuel.com\/index.php?rest_route=%2Fwp%2Fv2%2Fmedia&parent=34322"}],"wp:term":[{"taxonomy":"category","embeddable":true,"href":"https:\/\/emlaktuel.com\/index.php?rest_route=%2Fwp%2Fv2%2Fcategories&post=34322"},{"taxonomy":"post_tag","embeddable":true,"href":"https:\/\/emlaktuel.com\/index.php?rest_route=%2Fwp%2Fv2%2Ftags&post=34322"}],"curies":[{"name":"wp","href":"https:\/\/api.w.org\/{rel}","templated":true}]}}