{"id":33983,"date":"2021-01-11T10:27:46","date_gmt":"2021-01-11T07:27:46","guid":{"rendered":"https:\/\/emlaktuel.com\/?p=33983"},"modified":"2021-01-11T10:27:46","modified_gmt":"2021-01-11T07:27:46","slug":"avrupa-sampiyonu-milli-sporcuya-workindo-destegi","status":"publish","type":"post","link":"https:\/\/emlaktuel.com\/?p=33983","title":{"rendered":"Avrupa \u015fampiyonu milli sporcuya Workindo deste\u011fi"},"content":{"rendered":"<p><strong><em>\u0130n\u015faat sekt\u00f6r\u00fcn\u00fcn kariyer ve hizmet plaformu Workindo.com, T\u00fcrkiye ve Avrupa muaythai \u015fampiyonu, gen\u00e7 sporcu Ahmet Ertekin\u2019e sponsor oldu.<\/em><\/strong><\/p>\n<p>\u201cBu Sitede \u0130\u015f Var!\u201d mottosuyla yap\u0131-in\u015faat sekt\u00f6r\u00fcnde kariyer ve hizmet \u00e7\u00f6z\u00fcmleri sunan Workindo.com, in\u015faatlarda \u00e7al\u0131\u015f\u0131p hem spor yapan hem de para kazan\u0131p ailesinin ge\u00e7imine katk\u0131 sa\u011flayan milli muaythai \u015fampiyonu Ahmet Ertekin\u2019in d\u00fcnya \u015fampiyonas\u0131 yolunda destek\u00e7isi oluyor.<\/p>\n<p>Milli sporcuya sponsor olmaktan \u00e7ok mutlu olduklar\u0131n\u0131 belirten<strong>\u00a0Workindo CEO\u2019su Erhan Kocaba\u015f:\u00a0<\/strong>\u201cGen\u00e7 sporcumuz Ahmet Ertekin\u2019in kendi imkanlar\u0131yla sporunu icra etmeye \u00e7al\u0131\u015fmas\u0131n\u0131 ve d\u00fcnya \u015fampiyonas\u0131nda \u00fclkemizi temsil etmek i\u00e7in g\u00f6sterdi\u011fi \u00e7abay\u0131 Workindo olarak \u00e7ok takdir ettik. Sonras\u0131nda kendisiyle irtibata ge\u00e7erek bu azimli yolculu\u011funda yan\u0131nda olmak istedi\u011fimizi kendisine ilettik. Kendisi de Workindo ile i\u015fbirli\u011finden mutlu olaca\u011f\u0131n\u0131 belirterek teklifimizi kabul etti. Ahmet\u2019in d\u00fcnya \u015fampiyonas\u0131na haz\u0131rl\u0131k \u00e7al\u0131\u015fmalar\u0131, \u015fampiyona s\u00fcreci ve profesyonel spor hayat\u0131 boyunca birlikte g\u00fczel i\u015flere imza atmay\u0131 hedefliyoruz. \u201c\u00c7al\u0131\u015fmak ve \u00e7al\u0131\u015fkanl\u0131k\u201d konular\u0131nda Ahmet ile marka kimli\u011fimizin b\u00fct\u00fcnle\u015fti\u011fini d\u00fc\u015f\u00fcn\u00fcyoruz.\u201d dedi.<\/p>\n<p>Pes etmeden \u00e7al\u0131\u015fman\u0131n muhakkak ba\u015far\u0131 ve gereken \u015fartlar\u0131 getirece\u011fine inand\u0131\u011f\u0131n\u0131 belirten\u00a0<strong>Avrupa \u015eampiyonu Sporcu Ahmet Ertekin,\u00a0<\/strong>\u201d\u00d6ncelikle Workindo\u2019ya bana g\u00f6sterdikleri ilgi ve alaka i\u00e7in \u00e7ok te\u015fekk\u00fcr ediyorum. Spor ya\u015fant\u0131m\u0131 kendi imkanlar\u0131mla s\u00fcrd\u00fcrmeye \u00e7al\u0131\u015fmam\u0131n yan\u0131 s\u0131ra ge\u00e7imimi sa\u011flamak i\u00e7in de baba mesle\u011fi olan in\u015faat i\u015flerinde \u00e7al\u0131\u015fmak durumunday\u0131m. Fakat kariyerimi sporuma odaklan\u0131p s\u00fcrd\u00fcrmek en b\u00fcy\u00fck hedefim. Bu noktada da Workindo ile kar\u015f\u0131la\u015fmak benim i\u00e7in bir d\u00f6n\u00fcm noktas\u0131 oldu diyebilirim. Workindo ile yapaca\u011f\u0131m\u0131z i\u015fbirli\u011fi bana hayallerimin kap\u0131lar\u0131n\u0131 a\u00e7arken \u00fclkemizin bayra\u011f\u0131n\u0131 t\u00fcm d\u00fcnyada gururla dalgaland\u0131rmama da katk\u0131 sa\u011flayacak. Uzun y\u0131llar s\u00fcrmesini temenni etti\u011fim spor hayat\u0131mda Workindo ile birlikte bir\u00e7ok ba\u015far\u0131ya imza ataca\u011f\u0131m\u0131za inan\u0131yorum.\u201d dedi.<\/p>\n","protected":false},"excerpt":{"rendered":"<p>\u0130n\u015faat sekt\u00f6r\u00fcn\u00fcn kariyer ve hizmet plaformu Workindo.com, T\u00fcrkiye ve Avrupa muaythai \u015fampiyonu, gen\u00e7 sporcu Ahmet Ertekin\u2019e sponsor oldu. \u201cBu Sitede \u0130\u015f Var!\u201d mottosuyla yap\u0131-in\u015faat sekt\u00f6r\u00fcnde kariyer ve hizmet \u00e7\u00f6z\u00fcmleri sunan Workindo.com, in\u015faatlarda \u00e7al\u0131\u015f\u0131p hem spor yapan hem de para kazan\u0131p ailesinin ge\u00e7imine katk\u0131 sa\u011flayan milli muaythai \u015fampiyonu Ahmet Ertekin\u2019in d\u00fcnya \u015fampiyonas\u0131 yolunda destek\u00e7isi oluyor. Milli [&hellip;]<\/p>\n","protected":false},"author":1,"featured_media":33984,"comment_status":"open","ping_status":"open","sticky":false,"template":"","format":"standard","meta":{"ngg_post_thumbnail":0},"categories":[26],"tags":[14460],"_links":{"self":[{"href":"https:\/\/emlaktuel.com\/index.php?rest_route=\/wp\/v2\/posts\/33983"}],"collection":[{"href":"https:\/\/emlaktuel.com\/index.php?rest_route=\/wp\/v2\/posts"}],"about":[{"href":"https:\/\/emlaktuel.com\/index.php?rest_route=\/wp\/v2\/types\/post"}],"author":[{"embeddable":true,"href":"https:\/\/emlaktuel.com\/index.php?rest_route=\/wp\/v2\/users\/1"}],"replies":[{"embeddable":true,"href":"https:\/\/emlaktuel.com\/index.php?rest_route=%2Fwp%2Fv2%2Fcomments&post=33983"}],"version-history":[{"count":1,"href":"https:\/\/emlaktuel.com\/index.php?rest_route=\/wp\/v2\/posts\/33983\/revisions"}],"predecessor-version":[{"id":33985,"href":"https:\/\/emlaktuel.com\/index.php?rest_route=\/wp\/v2\/posts\/33983\/revisions\/33985"}],"wp:featuredmedia":[{"embeddable":true,"href":"https:\/\/emlaktuel.com\/index.php?rest_route=\/wp\/v2\/media\/33984"}],"wp:attachment":[{"href":"https:\/\/emlaktuel.com\/index.php?rest_route=%2Fwp%2Fv2%2Fmedia&parent=33983"}],"wp:term":[{"taxonomy":"category","embeddable":true,"href":"https:\/\/emlaktuel.com\/index.php?rest_route=%2Fwp%2Fv2%2Fcategories&post=33983"},{"taxonomy":"post_tag","embeddable":true,"href":"https:\/\/emlaktuel.com\/index.php?rest_route=%2Fwp%2Fv2%2Ftags&post=33983"}],"curies":[{"name":"wp","href":"https:\/\/api.w.org\/{rel}","templated":true}]}}