{"id":3396,"date":"2016-07-23T19:32:50","date_gmt":"2016-07-23T16:32:50","guid":{"rendered":"http:\/\/emlaktuel.com\/?p=3396"},"modified":"2018-07-05T14:22:42","modified_gmt":"2018-07-05T11:22:42","slug":"erguvan-insaatin-kurtkoydeki-yeni-projesi-on-talep-topluyor","status":"publish","type":"post","link":"https:\/\/emlaktuel.com\/?p=3396","title":{"rendered":"Erguvan \u0130n\u015faat&#8217;\u0131n Kurtk\u00f6y&#8217;deki yeni projesi \u00f6n talep topluyor!"},"content":{"rendered":"<h1 class=\"news-detail-title selectionShareable\">Erguvan \u0130n\u015faat Kurtk\u00f6y\u2019deki 5. projesinin temelini att\u0131. \u015eirket 12 bin ki\u015fiye sorarak \u015fekillendirdi\u011fi ve Eyl\u00fcl ay\u0131nda lansmanda detaylar\u0131n\u0131 a\u00e7\u0131klayaca\u011f\u0131 projesiyle ilgili \u00f6n talep s\u00fcrecini de ba\u015flatt\u0131. Rezidans projesinde metrekare fiyat\u0131 3 bin 300 liradan ba\u015fl\u0131yor<\/h1>\n<div class=\"clear\">\n<div class=\"clear\"><\/div>\n<div id=\"socialNetwork\"><\/div>\n<\/div>\n<div class=\"clear\">\u00a0Erguvan \u0130n\u015faat \u00a0Kurtk\u00f6y\u2019deki yeni projesinin temelini att\u0131. \u015eirket 12 bin ki\u015fiye sorarak \u015fekillendirdi\u011fi ve Eyl\u00fcl ay\u0131nda lansmanda detaylar\u0131n\u0131 a\u00e7\u0131klayaca\u011f\u0131 projesiyle ilgili \u00f6n talep s\u00fcrecini de ba\u015flatt\u0131. Rezidans projesinde metrekare fiyat\u0131 3 bin 300 liradan ba\u015fl\u0131yor.<\/div>\n<div>\n<p>Planl\u0131 ve h\u0131zl\u0131 geli\u015fimi, sakin ve kaliteli bir ya\u015fam sunmas\u0131 nedeniyle, \u0130stanbul\u2019un Anadolu yakas\u0131ndaki G\u00f6kt\u00fcrk\u2019\u00fc olma yolunda ilerleyen Kurtk\u00f6y, yeni ve iddial\u0131 bir projeye daha kavu\u015fuyor. Erguvan \u0130n\u015faat, 12 bin ki\u015fiye sorarak \u015fekillendirdi\u011fi yeni projesini Eyl\u00fcl ay\u0131nda lanse etmeye haz\u0131rlan\u0131yor. Detaylar\u0131 Eyl\u00fcl ay\u0131nda a\u00e7\u0131klanacak olan rezidans projesinin temeli at\u0131ld\u0131. Erguvan \u0130n\u015faat metrekaresi 3 bin 300 liradan ba\u015flayan fiyatlarla, Kurtk\u00f6y\u2019deki son projesi i\u00e7in \u00f6n talep s\u00fcrecini ba\u015flatt\u0131. Erguvan \u0130n\u015faat\u2019\u0131n b\u00f6lgedeki 5. konut projesi olma \u00f6zelli\u011fi ta\u015f\u0131yan yeni proje, Teknopark\u2019a yak\u0131nl\u0131\u011f\u0131ndan dolay\u0131 kiralama garantisi de sunuyor.<\/p>\n<h2>Detaylar\u0131na M\u00fc\u015fterileri Karar Verdi<\/h2>\n<p>Erguvan \u0130n\u015faat\u2019\u0131n Kurtk\u00f6y\u2019deki projesi nin detaylar\u0131 Ocak- Nisan 2016 d\u00f6nemleri aras\u0131nda ger\u00e7ekle\u015ftirilen e\u011filim yoklamas\u0131nda 12 bin ki\u015finin kat\u0131l\u0131m\u0131yla belirlendi. Projenin sadece ad\u0131 de\u011fil, mimari \u00f6zellikleri, konut tipleri gibi pek \u00e7ok \u00f6zelli\u011fine <a href=\"http:\/\/emlakkulisi.com\/reklamlar\/ref_haberici_Yonlendir-43_http:\/\/buradaneolsun.com\" target=\"_blank\" rel=\"nofollow\">buradaneolsun.com<\/a> \u00fczerinden yap\u0131lan yoklama ile karar verildi.<\/p>\n<p>Erguvan \u0130n\u015faat Y\u00f6netici Orta\u011f\u0131 Emre Mara\u015fl\u0131, \u00a0<a href=\"http:\/\/emlakkulisi.com\/keywords\/ankara\">Ankara<\/a>\u00a0 Caddesi \u00fczerinde y\u00fckselen yeni projenin \u00fcniversite \u00f6\u011frenci ve \u00f6\u011fretim g\u00f6revlileri, Teknopark \u00e7al\u0131\u015fanlar\u0131, havaalan\u0131 \u00e7al\u0131\u015fanlar\u0131 gibi geni\u015f ve \u00f6nemli bir kitlenin ihtiyac\u0131na y\u00f6nelece\u011fini s\u00f6yledi.<\/p>\n<h2>Kiralama S\u0131k\u0131nt\u0131s\u0131 Ya\u015famayacak<\/h2>\n<p>Erguvan \u0130n\u015faat\u2019\u0131n Kurtk\u00f6y\u2019deki projesinin yer ald\u0131\u011f\u0131 10 d\u00f6n\u00fcml\u00fck arazinin 5 kilometre yar\u0131\u00e7ap\u0131nda 5 \u00fcniversite kamp\u00fcs\u00fc ve 11 b\u00fcy\u00fck firman\u0131n genel merkezi bulunuyor. Ayr\u0131ca yeni etaplar\u0131 hayata ge\u00e7mekte olan Teknopark\u2019ta bine yak\u0131n teknoloji \u015firketi faaliyet g\u00f6steriyor. Emre Mara\u015fl\u0131, bu y\u00f6nleriyle yeni projenin kiralama ve kirac\u0131 s\u0131k\u0131nt\u0131s\u0131 ya\u015famayaca\u011f\u0131n\u0131 anlatt\u0131. Mara\u015fl\u0131 \u201cProjenin \u015fimdiden yat\u0131r\u0131mc\u0131s\u0131 da kirac\u0131 adaylar\u0131 da haz\u0131r\u201d diye konu\u015ftu.<\/p>\n<h2>B\u00f6lgede \u00dcretilen Konut Say\u0131s\u0131 Talebe Yeti\u015fmeyecek<\/h2>\n<p>Yat\u0131r\u0131mc\u0131 i\u00e7in Kurtk\u00f6y\u2019de bug\u00fcnk\u00fc fiyatlar\u0131n ve ko\u015fullar\u0131n al\u0131m i\u00e7in en cazip d\u00f6neminde oldu\u011funu da anlatan Emre Mara\u015fl\u0131 s\u00f6zlerini \u015f\u00f6yle s\u00fcrd\u00fcrd\u00fc:<\/p>\n<p>\u201cKurtk\u00f6y\u2019de Teknopark da dahil olmak \u00fczere 5 y\u0131l i\u00e7inde istihdam edilen insan say\u0131s\u0131 150 bine ula\u015facak. Oysa \u015fu anda proje a\u015famas\u0131nda olan konutlar bile tamamland\u0131\u011f\u0131nda en fazla 30 bin konut stoku olu\u015facak. Dolay\u0131s\u0131yla halihaz\u0131rdaki \u00fcretim konut talebine yeti\u015femeyecek.<\/p>\n<p>Zaten \u015fu anda bile Kurtk\u00f6y\u2019de konutlar\u0131n yat\u0131r\u0131mlar\u0131n\u0131n de\u011ferlenme oran\u0131 \u0130stanbul ortalamas\u0131n\u0131n \u00fczerinde. 5 y\u0131l sonra iyi bir yat\u0131r\u0131m primine sahip olmak isteyenlerin bug\u00fcn buradaki f\u0131rsatlar\u0131 ka\u00e7\u0131rmamas\u0131 gerekiyor\u2026\u201d<\/p>\n<h2>Sabiha G\u00f6k\u00e7en\u2019le Yolcu ve \u00c7al\u0131\u015fan Say\u0131s\u0131 Art\u0131yor<\/h2>\n<p>Sabiha G\u00f6k\u00e7en Havaliman\u0131&#8217;n\u0131n b\u00fcy\u00fcmesi ve Teknopark\u2019la m\u00fcteahhitlerin ilgi g\u00f6sterdi\u011fi b\u00f6lge haline gelen Kurtk\u00f6y&#8217;de araziler giderek azal\u0131yor. Erguvan \u0130n\u015faat\u2019\u0131n yeni projesindeki arazinin, b\u00f6lgedeki son b\u00fcy\u00fck ve imarl\u0131 arsa olmas\u0131 projenin \u00f6nemini daha da art\u0131r\u0131yor.<\/p>\n<p>B\u00f6lgede konumlanan Sabiha G\u00f6k\u00e7en havaalan\u0131 12 milyon yolcu ta\u015f\u0131yarak 55 bin ki\u015fiye i\u015f veriyor. \u00a02018&#8217;de a\u00e7\u0131lacak ikinci pistle b\u00fcy\u00fck u\u00e7aklara da ini\u015f yapma hakk\u0131 sa\u011flanacak. B\u00f6ylece toplam istihdam 120 bine \u00e7\u0131kacak, bunun en az 15 bini Kurtk\u00f6y b\u00f6lgesinde ya\u015fayacak beyaz yakal\u0131lar olu\u015fturacak.<\/p>\n<p><a href=\"http:\/\/emlakkulisi.com\/reklamlar\/ref_haberici_Yonlendir-43_http:\/\/erguvaninsaat.com\/\" target=\"_blank\" rel=\"nofollow\">erguvaninsaat.com\/<\/a><\/p>\n<\/div>\n","protected":false},"excerpt":{"rendered":"<p>Erguvan \u0130n\u015faat Kurtk\u00f6y\u2019deki 5. projesinin temelini att\u0131. \u015eirket 12 bin ki\u015fiye sorarak \u015fekillendirdi\u011fi ve Eyl\u00fcl ay\u0131nda lansmanda detaylar\u0131n\u0131 a\u00e7\u0131klayaca\u011f\u0131 projesiyle ilgili \u00f6n talep s\u00fcrecini de ba\u015flatt\u0131. Rezidans projesinde metrekare fiyat\u0131 3 bin 300 liradan ba\u015fl\u0131yor \u00a0Erguvan \u0130n\u015faat \u00a0Kurtk\u00f6y\u2019deki yeni projesinin temelini att\u0131. \u015eirket 12 bin ki\u015fiye sorarak \u015fekillendirdi\u011fi ve Eyl\u00fcl ay\u0131nda lansmanda detaylar\u0131n\u0131 a\u00e7\u0131klayaca\u011f\u0131 projesiyle [&hellip;]<\/p>\n","protected":false},"author":1,"featured_media":3397,"comment_status":"open","ping_status":"open","sticky":false,"template":"","format":"standard","meta":{"ngg_post_thumbnail":0},"categories":[221,1,26],"tags":[2298,183,2310,2182,2309,2308,67,80,10655,11130,11359,2270,11238,106,4428,11331],"_links":{"self":[{"href":"https:\/\/emlaktuel.com\/index.php?rest_route=\/wp\/v2\/posts\/3396"}],"collection":[{"href":"https:\/\/emlaktuel.com\/index.php?rest_route=\/wp\/v2\/posts"}],"about":[{"href":"https:\/\/emlaktuel.com\/index.php?rest_route=\/wp\/v2\/types\/post"}],"author":[{"embeddable":true,"href":"https:\/\/emlaktuel.com\/index.php?rest_route=\/wp\/v2\/users\/1"}],"replies":[{"embeddable":true,"href":"https:\/\/emlaktuel.com\/index.php?rest_route=%2Fwp%2Fv2%2Fcomments&post=3396"}],"version-history":[{"count":1,"href":"https:\/\/emlaktuel.com\/index.php?rest_route=\/wp\/v2\/posts\/3396\/revisions"}],"predecessor-version":[{"id":3398,"href":"https:\/\/emlaktuel.com\/index.php?rest_route=\/wp\/v2\/posts\/3396\/revisions\/3398"}],"wp:featuredmedia":[{"embeddable":true,"href":"https:\/\/emlaktuel.com\/index.php?rest_route=\/wp\/v2\/media\/3397"}],"wp:attachment":[{"href":"https:\/\/emlaktuel.com\/index.php?rest_route=%2Fwp%2Fv2%2Fmedia&parent=3396"}],"wp:term":[{"taxonomy":"category","embeddable":true,"href":"https:\/\/emlaktuel.com\/index.php?rest_route=%2Fwp%2Fv2%2Fcategories&post=3396"},{"taxonomy":"post_tag","embeddable":true,"href":"https:\/\/emlaktuel.com\/index.php?rest_route=%2Fwp%2Fv2%2Ftags&post=3396"}],"curies":[{"name":"wp","href":"https:\/\/api.w.org\/{rel}","templated":true}]}}