{"id":33906,"date":"2021-01-05T14:38:20","date_gmt":"2021-01-05T11:38:20","guid":{"rendered":"https:\/\/emlaktuel.com\/?p=33906"},"modified":"2021-01-05T14:38:20","modified_gmt":"2021-01-05T11:38:20","slug":"yildizlar-yatirim-2021de-yaklasik-200-milyon-dolarlik-yatirim-hedefliyor","status":"publish","type":"post","link":"https:\/\/emlaktuel.com\/?p=33906","title":{"rendered":"Y\u0131ld\u0131zlar Yat\u0131r\u0131m, 2021&#8217;de yakla\u015f\u0131k 200 milyon dolarl\u0131k yat\u0131r\u0131m hedefliyor"},"content":{"rendered":"<p style=\"font-weight: 400;\"><strong>Y\u0131ld\u0131zlar Yat\u0131r\u0131m Y\u00f6netim Kurulu \u00dcyesi Hakk\u0131 Y\u0131ld\u0131z, AA muhabirine holding a\u00e7\u0131s\u0131ndan 2020 de\u011ferlendirmelerini ve 2021&#8217;e ili\u015fkin beklentilerini payla\u015ft\u0131.<\/strong><\/p>\n<p style=\"font-weight: 400;\">Y\u0131ld\u0131zlar Yat\u0131r\u0131m Y\u00f6netim Kurulu \u00dcyesi Hakk\u0131 Y\u0131ld\u0131z, 2021 y\u0131l\u0131nda Y\u0131ld\u0131z Entegre, Y\u0131ld\u0131z Demir \u00c7elik ve \u0130GSA\u015e kapsam\u0131nda toplam 200 milyon dolara yak\u0131n yat\u0131r\u0131m planlar\u0131n\u0131n bulundu\u011funu belirterek, &#8216;Biz yurt d\u0131\u015f\u0131nda yat\u0131r\u0131ma \u00e7ok hevesli bir grubuz. \u00dclkemizin bayra\u011f\u0131n\u0131 yurt d\u0131\u015f\u0131nda dalgaland\u0131rmak, do\u011fru projelerle Y\u0131ld\u0131zlar Yat\u0131r\u0131m Holding&#8217;in k\u00fcresel rekabet g\u00fcc\u00fcn\u00fc art\u0131rmak bizim i\u00e7in \u00f6ncelikli konulardan biri ama salg\u0131n\u0131n getirdi\u011fi olumsuzluklar y\u00fcz\u00fcnden buradaki somut yat\u0131r\u0131mlar\u0131m\u0131z\u0131 2022&#8217;ye kayd\u0131racak; 2021&#8217;de ise daha \u00e7ok kendi \u00fclkemizde yat\u0131r\u0131m yapaca\u011f\u0131z.&#8217; dedi.<\/p>\n<p style=\"font-weight: 400;\">Hakk\u0131 Y\u0131ld\u0131z, AA muhabirine holding a\u00e7\u0131s\u0131ndan 2020 de\u011ferlendirmelerini ve 2021&#8217;e ili\u015fkin beklentilerini payla\u015ft\u0131.<\/p>\n<p style=\"font-weight: 400;\">2020&#8217;nin t\u00fcm d\u00fcnyan\u0131n ola\u011fan\u00fcst\u00fc g\u00fcnlerden ge\u00e7ti\u011fi bir y\u0131l oldu\u011funu dile getiren Y\u0131ld\u0131z, modern d\u00fcnyan\u0131n en b\u00fcy\u00fck salg\u0131n m\u00fccadele ederken, ekonomik faaliyet ortam\u0131n\u0131n da \u00f6zellikle 2. \u00e7eyrekten itibaren ciddi olumsuzluklarla kar\u015f\u0131 kar\u015f\u0131ya kald\u0131\u011f\u0131n\u0131 s\u00f6yledi.<\/p>\n<p style=\"font-weight: 400;\">Y\u0131ld\u0131z, bunun d\u00fcnya geneli i\u00e7in ge\u00e7erli bir durum oldu\u011funu, d\u00fcnyan\u0131n en geli\u015fmi\u015f \u00fclkelerinin bile bu s\u00fcre\u00e7te bir\u00e7ok problem ya\u015fad\u0131\u011f\u0131n\u0131 vurgulayarak, &#8216;Biz kendi faaliyetlerimizde de salg\u0131n\u0131n etkilerini yo\u011fun bir \u015fekilde hissettik. Bu s\u00fcre\u00e7te, en b\u00fcy\u00fck \u00f6nceli\u011fimiz \u00e7al\u0131\u015fanlar\u0131m\u0131z\u0131n sa\u011fl\u0131\u011f\u0131 oldu. Salg\u0131nla m\u00fccadele kapsam\u0131nda, Y\u0131ld\u0131zlar Yat\u0131r\u0131m Holding olarak t\u00fcm \u015firketlerimizden kat\u0131l\u0131mla Y\u0131ld\u0131z Afet ve \u0130leti\u015fim Kurulu&#8217;nu kurarak \u00e7al\u0131\u015fanlar\u0131m\u0131z\u0131 bu s\u00fcre\u00e7te korumak i\u00e7in t\u00fcm uygulamalar\u0131 harekete ge\u00e7irdik. Ofis alanlar\u0131m\u0131zdan, \u00fcretim b\u00f6l\u00fcmlerimize, toplanma alanlar\u0131m\u0131zdan servis uygulamalar\u0131m\u0131za kadar, sa\u011fl\u0131k otoritelerinin \u00f6nerdi\u011fi t\u00fcm uygulamalardan daha fazlas\u0131n\u0131 h\u0131zl\u0131ca t\u00fcm s\u00fcre\u00e7lerimize entegre ettik.&#8217; diye konu\u015ftu.<\/p>\n<p style=\"font-weight: 400;\">Salg\u0131n\u0131n getirdi\u011fi belirsizli\u011fin zirve yapt\u0131\u011f\u0131 nisan-may\u0131s aylar\u0131nda \u00fcretim planlar\u0131n\u0131 g\u00f6zden ge\u00e7irdiklerini anlatan Y\u0131ld\u0131z, arz-talep dengesini en iyi \u015fekilde y\u00f6neterek ad\u0131m att\u0131klar\u0131n\u0131, istihdam seviyelerini koruduklar\u0131n\u0131 ve i\u015f\u00e7i \u00e7\u0131karmay\u0131 g\u00fcndeme dahi almad\u0131klar\u0131n\u0131 ifade etti.<\/p>\n<p style=\"font-weight: 400;\">Y\u0131ld\u0131z, en ciddi sorunlar\u0131n ya\u015fand\u0131\u011f\u0131 alanlardan birinin tedarik zinciri oldu\u011funa dikkati \u00e7ekerek, &#8216;\u00dclkeler aras\u0131ndaki fiziki s\u0131n\u0131rlar\u0131n kapanmas\u0131yla gerek \u00fcretim i\u00e7in ham madde temininde gerekse nihai \u00fcr\u00fcnlerimizi yurt d\u0131\u015f\u0131 pazarlara ihra\u00e7 etmekte tedarik zinciri temelli sorunlar ya\u015fad\u0131k. Bu da asl\u0131nda t\u00fcm d\u00fcnyada bu zincirin ne kadar \u00f6nemli oldu\u011funu bir kez daha g\u00f6sterdi.&#8217; de\u011ferlendirmesinde bulundu.<\/p>\n<p style=\"font-weight: 400;\">Gelinen noktada ekonomik faaliyet ortam\u0131n\u0131n yeniden sa\u011fl\u0131kl\u0131 bir yap\u0131ya kavu\u015ftu\u011fu tespitinde bulunan Y\u0131ld\u0131z, tesislerde neredeyse tam kapasiteyle \u00e7al\u0131\u015ft\u0131klar\u0131n\u0131 belirtti.<\/p>\n<p style=\"font-weight: 400;\"><strong>&#8211; &#8216;Robotlarla \u00fcretim konusunda \u00e7al\u0131\u015fmalar yap\u0131yoruz&#8217;<\/strong><\/p>\n<p style=\"font-weight: 400;\">Hakk\u0131 Y\u0131ld\u0131z, salg\u0131n d\u00f6neminde dijital d\u00f6n\u00fc\u015f\u00fcm s\u00fcre\u00e7lerinin \u00f6neminin anla\u015f\u0131ld\u0131\u011f\u0131na i\u015faret ederek, \u015funlar\u0131 kaydetti:<\/p>\n<p style=\"font-weight: 400;\">&#8216;Art\u0131k teknoloji hi\u00e7 olmad\u0131\u011f\u0131 kadar i\u015flerimizin i\u00e7inde, temelinde. Bu teknolojiyi i\u015f s\u00fcre\u00e7lerine en etkin bi\u00e7imde entegre eden \u015firketler de gelece\u011fin d\u00fcnya d\u00fczeninde \u00e7ok b\u00fcy\u00fck avantaj yakalayacak. Biz holding olarak \u00f6zellikle son 3-4 y\u0131ld\u0131r dijital d\u00f6n\u00fc\u015f\u00fcm\u00fc oda\u011fa alan bir yap\u0131lanmay\u0131 hayata ge\u00e7irdik. Gerek topluluk \u015firketlerimizde gerekse holding \u00e7at\u0131s\u0131 alt\u0131nda buna b\u00fcy\u00fck yat\u0131r\u0131m yap\u0131yoruz. Genelde \u00fclkemizde &#8216;dijital d\u00f6n\u00fc\u015f\u00fcm&#8217; dedi\u011finizde i\u015fin sadece teknik altyap\u0131s\u0131 ak\u0131llara geliyor ama dijital d\u00fcnyan\u0131n bize sunduklar\u0131 bunun \u00e7ok \u00f6tesinde. Sat\u0131\u015ftan pazarlamaya, insan kaynaklar\u0131ndan \u00fcretim s\u00fcre\u00e7lerine kadar dijital d\u00f6n\u00fc\u015f\u00fcm\u00fcn dokunmad\u0131\u011f\u0131 hi\u00e7bir alan yok.&#8217;<\/p>\n<p style=\"font-weight: 400;\">Dijital platformlardan pazarlama ve sat\u0131\u015f faaliyetlerinin de \u00f6nemine dikkati \u00e7eken Y\u0131ld\u0131z, &#8216;Salg\u0131n d\u00f6neminde, t\u00fcketici \u00fcr\u00fcnlerinin internetten ya da dijital platformlardan al\u0131n\u0131p sat\u0131lmas\u0131 b\u00fcy\u00fck ilgi g\u00f6rd\u00fc. Bizim i\u015f alan\u0131m\u0131z olan end\u00fcstriyel \u00fcr\u00fcnler i\u00e7in bu kavramlar hala \u00e7ok uzak. Kimse sac\u0131 internetten sat\u0131n almay\u0131 akl\u0131na getirmezdi ya da kimse g\u00fcbreyi online sipari\u015f vermeyi d\u00fcne kadar g\u00fcndeme getirmezdi. Fakat bizim dijital d\u00f6n\u00fc\u015f\u00fcme bug\u00fcne kadar yapt\u0131\u011f\u0131m\u0131z yat\u0131r\u0131mlar, bu s\u00fcrece haz\u0131rl\u0131kl\u0131 olmam\u0131z sayesinde bu d\u00f6nemde \u00f6nemli bir avantaj yakalad\u0131k. Grubumuzun end\u00fcstriyel \u00fcr\u00fcnlerde kredi kart\u0131yla sat\u0131\u015f yapma altyap\u0131s\u0131 vard\u0131 ve bu h\u0131zl\u0131 bir \u015fekilde internetten sipari\u015f vermeye evrildi. Dolay\u0131s\u0131yla salg\u0131n\u0131n da bizi itmesiyle, Y\u0131ld\u0131zlar Yat\u0131r\u0131m Holding olarak bu t\u00fcr end\u00fcstriyel \u00fcr\u00fcnlerde internetten sat\u0131\u015f yapabilecek hale geldik.&#8217; dedi.<\/p>\n<p style=\"font-weight: 400;\">Y\u0131ld\u0131z, dijital anlamda \u00fcretim hatlar\u0131n\u0131n kontrol edilmesi konusunda yat\u0131r\u0131mlara ba\u015flad\u0131klar\u0131 bilgisini vererek, daha \u00e7ok otomotiv end\u00fcstrisinde olan robotlarla \u00fcretim konusunda kendi i\u00e7lerinde \u00e7al\u0131\u015fmalar yapt\u0131klar\u0131n\u0131 s\u00f6yledi.<\/p>\n<p style=\"font-weight: 400;\">&#8211;\u00a0<strong>&#8216;2021&#8217;e \u00e7ok \u00f6nemli bir yat\u0131r\u0131m b\u00fct\u00e7esiyle girdik&#8217;<\/strong><\/p>\n<p style=\"font-weight: 400;\">Y\u0131ld\u0131zlar Yat\u0131r\u0131m Y\u00f6netim Kurulu \u00dcyesi Hakk\u0131 Y\u0131ld\u0131z, yat\u0131r\u0131m\u0131n kendileri i\u00e7in \u00f6ncelikli konulardan biri oldu\u011funu vurgulayarak, &#8216;Biz en zor g\u00fcnlerde dahi yat\u0131r\u0131m i\u015ftah\u0131n\u0131 hi\u00e7bir zaman yitirmeyen bir grubuz. Bunu da \u00f6zellikle son 10 y\u0131ll\u0131k d\u00f6nemde farkl\u0131 s\u00fcre\u00e7lerde ortaya koyduk. 2021&#8217;e de \u00f6ng\u00f6r\u00fclen t\u00fcm belirsizliklere ra\u011fmen \u00e7ok \u00f6nemli bir yat\u0131r\u0131m b\u00fct\u00e7esiyle girdik.&#8217; diye konu\u015ftu.<\/p>\n<p style=\"font-weight: 400;\">Orman \u00fcr\u00fcnleri alan\u0131nda, Y\u0131ld\u0131z Entegre&#8217;nin ge\u00e7en y\u0131llarda ilk yurt d\u0131\u015f\u0131 \u00fcretim yat\u0131r\u0131m\u0131 olan Romanya tesisini devreye ald\u0131\u011f\u0131n\u0131 hat\u0131rlatan Y\u0131ld\u0131z, buradaki \u00fcretim s\u00fcre\u00e7lerinin devam etti\u011fini s\u00f6yledi.<\/p>\n<p style=\"font-weight: 400;\">Y\u0131ld\u0131z, sat\u0131n alma yoluyla 2018&#8217;de grup b\u00fcnyesine kat\u0131lan Slovenya&#8217;daki tesisle ilgili zamanlamay\u0131 bir miktar \u00f6telediklerinden bahsederek, buradaki yat\u0131r\u0131ma \u00f6zellikle Bat\u0131 Avrupa&#8217;daki ekonomik aktivite d\u00fczeldikten ve arz-talep dengeledikten sonra devam edeceklerini bildirdi.<\/p>\n<p style=\"font-weight: 400;\">ABD&#8217;de kap\u0131 paneliyle ilgili bir yat\u0131r\u0131m\u0131 da g\u00fcndemlerine ald\u0131klar\u0131n\u0131 aktaran Y\u0131ld\u0131z, \u015f\u00f6yle devam etti:<\/p>\n<p style=\"font-weight: 400;\">&#8216;Bu konuyla ilgili ABD&#8217;de \u015fu anda fizibilite \u00e7al\u0131\u015fmalar\u0131m\u0131z devam ediyor. Burada s\u0131f\u0131rdan bir yat\u0131r\u0131m yapma konusunda istekliyiz. Rusya yat\u0131r\u0131m\u0131 konusu da salg\u0131n nedeniyle \u00f6telenen konulardan bir di\u011feri. Burada yapaca\u011f\u0131m\u0131z t\u00fcm fizibilite ara\u015ft\u0131rmalar\u0131 ve fiziki \u00e7al\u0131\u015fmalar\u0131 salg\u0131n nedeniyle ger\u00e7ekle\u015ftirmekte s\u0131k\u0131nt\u0131lar ya\u015fad\u0131k ama bu da canl\u0131l\u0131\u011f\u0131n\u0131 koruyan bir yat\u0131r\u0131m plan\u0131. Y\u0131ld\u0131z Entegre&#8217;de yurt d\u0131\u015f\u0131 faaliyetleri i\u00e7in konsolide olarak 65 milyon dolarl\u0131k bir yat\u0131r\u0131m plan\u0131m\u0131z olacak. Ayr\u0131ca salg\u0131n gibi olas\u0131 zorluklarda tedarik zincirinde ya\u015fanan s\u0131k\u0131nt\u0131lar\u0131n \u00f6n\u00fcne ge\u00e7mek i\u00e7in de ham madde tedariki kapsam\u0131nda, \u00fcretimde kulland\u0131\u011f\u0131m\u0131z kimyasallar\u0131n grubumuz b\u00fcnyesinde \u00fcretilmesi konusunda da \u00e7al\u0131\u015fmalar\u0131m\u0131z devam ediyor. Bunlarla birlikte, Y\u0131ld\u0131z Entegre&#8217;nin yurt i\u00e7indeki pazar pay\u0131n\u0131 art\u0131racak bir sat\u0131n alma da yine 2021 g\u00fcndemimizdeki konulardan biri.&#8217;<\/p>\n<p style=\"font-weight: 400;\"><strong>&#8216;\u0130kinci galvaniz hatt\u0131 ile \u00fcretim kapasitemiz 900 bin tona \u00e7\u0131kacak&#8217;<\/strong><\/p>\n<p style=\"font-weight: 400;\">Y\u0131ld\u0131z Demir \u00c7elik taraf\u0131nda yat\u0131r\u0131m\u0131n devreye girmesinin ard\u0131ndan 2,5 y\u0131l ge\u00e7ti\u011fini ifade eden Y\u0131ld\u0131z, k\u0131sa zaman i\u00e7erisinde pazarda \u00e7ok g\u00fczel bir yer edindiklerini s\u00f6yledi.<\/p>\n<p style=\"font-weight: 400;\">Y\u0131ld\u0131z, kapasite kullan\u0131m\u0131n\u0131 da y\u00fczde 80&#8217;e ta\u015f\u0131d\u0131klar\u0131n\u0131 dile getirerek, bunun da yeni bir hat yat\u0131r\u0131m\u0131n\u0131 zorunlu k\u0131ld\u0131\u011f\u0131n\u0131 belirtti. \u00dc\u00e7 ay \u00f6nce, ikinci bir galvaniz hatt\u0131 yat\u0131r\u0131m\u0131na onay verdiklerini an\u0131msatan Y\u0131ld\u0131z, &#8216;2021&#8217;in son \u00e7eyre\u011finde bu hatt\u0131n devreye girmesini bekliyoruz. Bu hatt\u0131n devreye girmesiyle birlikte 600 bin tonluk mevcut \u00fcretim kapasitemizi 900 bin tona ta\u015f\u0131yaca\u011f\u0131z. Katma de\u011ferli \u00fcretim hacmimizi ciddi oranda art\u0131racak bu yat\u0131r\u0131m Y\u0131ld\u0131z Demir \u00c7elik&#8217;in y\u0131ll\u0131k cirosunu da y\u00fczde 40-45 seviyesinde yukar\u0131 \u00e7ekecek. Bu hat i\u00e7in \u015fu anki \u00f6ng\u00f6r\u00fclen yat\u0131r\u0131m bedeli 80 milyon dolar. 2021&#8217;deki demir \u00e7elik ad\u0131na en b\u00fcy\u00fck yat\u0131r\u0131m\u0131z olacak.&#8217; de\u011ferlendirmelerinde bulundu.<\/p>\n<p style=\"font-weight: 400;\">\u0130GSA\u015e taraf\u0131nda potasyum nitrat ve nitrik asit yat\u0131r\u0131mlar\u0131n\u0131n ard\u0131ndan \u0130skenderun b\u00f6lgesinde bir kompozit g\u00fcbre yat\u0131r\u0131m\u0131 yapmak i\u00e7in \u00e7al\u0131\u015fmalar\u0131n\u0131 s\u00fcrd\u00fcrd\u00fcklerini kaydeden Y\u0131ld\u0131z, bununla ilgili arazi \u00e7al\u0131\u015fmalar\u0131n\u0131n bitti\u011fi bilgisini verdi.<\/p>\n<p style=\"font-weight: 400;\">Y\u0131ld\u0131z, makine \u00fcreticilerinden teklifleri ald\u0131klar\u0131n\u0131 belirterek, 2021&#8217;in ilk yar\u0131s\u0131nda ba\u015flamak istedikleri bu yat\u0131r\u0131m\u0131n yakla\u015f\u0131k 45 milyon dolar olaca\u011f\u0131n\u0131 ifade etti.<\/p>\n<p style=\"font-weight: 400;\">\u00dc\u00e7 sekt\u00f6rde de yat\u0131r\u0131ma devam ettiklerini yineleyen Y\u0131ld\u0131z, &#8216;Toplam \u00fc\u00e7 \u015firketimizde 200 milyon dolara yak\u0131n bir yat\u0131r\u0131m plan\u0131m\u0131z mevcut. Biz yurt d\u0131\u015f\u0131nda yat\u0131r\u0131ma \u00e7ok hevesli bir grubuz. \u00dclkemizin bayra\u011f\u0131n\u0131 yurt d\u0131\u015f\u0131nda dalgaland\u0131rmak, do\u011fru projelerle Y\u0131ld\u0131zlar Yat\u0131r\u0131m Holding&#8217;in k\u00fcresel rekabet g\u00fcc\u00fcn\u00fc art\u0131rmak bizim i\u00e7in \u00f6ncelikli konulardan biri ama salg\u0131n\u0131n getirdi\u011fi olumsuzluklar y\u00fcz\u00fcnden buradaki somut yat\u0131r\u0131mlar\u0131m\u0131z\u0131 2022&#8217;ye kayd\u0131racak; 2021&#8217;de ise daha \u00e7ok kendi \u00fclkemizde yat\u0131r\u0131m yapacak \u015fekilde planlamam\u0131z\u0131 yap\u0131yoruz.&#8217; dedi.<\/p>\n<p style=\"font-weight: 400;\"><strong>&#8211; &#8216;Devlete y\u00fck olmamay\u0131 daha do\u011fru bulduk, kay\u0131plar\u0131 biz \u00fcstlendik&#8217;<\/strong><\/p>\n<p style=\"font-weight: 400;\">Y\u0131ld\u0131z, sanayici bir ailenin ferdi olarak iyi, k\u00f6t\u00fc, kar ve zarar\u0131 g\u00f6z \u00f6n\u00fcne alarak yola \u00e7\u0131kt\u0131klar\u0131n\u0131, g\u00fcne\u015fli g\u00fcnler kadar ya\u011fmurlu g\u00fcnlere de haz\u0131rl\u0131kl\u0131 olduklar\u0131n\u0131 dile getirdi.<\/p>\n<p style=\"font-weight: 400;\">Bu s\u00fcre\u00e7te \u00e7al\u0131\u015fanlar\u0131n s\u0131k\u0131nt\u0131 \u00e7ekmesine asla izin vermediklerine vurgu yapan Y\u0131ld\u0131z, \u00e7al\u0131\u015fan\u0131n al\u0131n terinin kar\u015f\u0131l\u0131\u011f\u0131n\u0131n bug\u00fcne kadar hep verildi\u011fini, bunun da kendileri i\u00e7in namus borcu oldu\u011funu s\u00f6yledi.<\/p>\n<p style=\"font-weight: 400;\">Y\u0131ld\u0131z, holding olarak s\u00fcrecin en ba\u015f\u0131nda itibaren personel \u00e7\u0131karmama karar\u0131 ald\u0131klar\u0131n\u0131 vurgulayarak, &#8216;Tesislerimizde baz\u0131 \u00fcnitelerimizi ge\u00e7ici olarak durdursak da kesinlikle k\u0131sa \u00e7al\u0131\u015fma \u00f6dene\u011finden faydalanm\u0131yoruz. Burada iki sebep var. Hem \u00e7al\u0131\u015fanlar\u0131m\u0131z\u0131n herhangi bir gelir kayb\u0131na u\u011framas\u0131n\u0131 istemedik hem de T\u00fcrkiye Cumhuriyeti Devleti&#8217;ne y\u00fck olmamay\u0131 \u00e7ok daha do\u011fru bulduk. Ya\u015fanan t\u00fcm maddi kay\u0131plar\u0131 grup olarak biz \u00fcstlendik. Bu yakla\u015f\u0131m\u0131m\u0131z\u0131 da s\u00fcre\u00e7 boyunca koruduk, bununla da gurur duyuyoruz. 2019 sonunda 4 bin 500 seviyesinde olan toplam \u00e7al\u0131\u015fan say\u0131m\u0131z\u0131 da bug\u00fcn koruyoruz. 2021 ve \u00f6tesinde devreye alaca\u011f\u0131m\u0131z yeni yat\u0131r\u0131mlarla istihdam\u0131m\u0131z\u0131 gelecek d\u00f6nemde art\u0131rmay\u0131 s\u00fcrd\u00fcrece\u011fiz.&#8217; diye konu\u015ftu.<\/p>\n<p style=\"font-weight: 400;\">Salg\u0131n\u0131n en yo\u011fun etkiledi\u011fi sekt\u00f6rlerden birinin de sanayi oldu\u011funu anlatan Y\u0131ld\u0131z, konu\u015fmas\u0131n\u0131 \u015f\u00f6yle tamamlad\u0131:<\/p>\n<p style=\"font-weight: 400;\">&#8216;Biz Y\u0131ld\u0131zlar Yat\u0131r\u0131m Holding olarak 2020&#8217;ye y\u00fczde 25 b\u00fcy\u00fcme hedefiyle ba\u015flad\u0131k. Y\u0131l\u0131n ilk \u00e7eyre\u011finde de bu hedefimizi yakalad\u0131k. B\u00fct\u00fcn grup \u015firketlerimizde ilk \u00e7eyre\u011fi bu seviyeye yak\u0131n, hatta bunun \u00fczerine \u00e7\u0131kan b\u00fcy\u00fcme rakamlar\u0131yla noktalad\u0131k. Sonras\u0131nda ise salg\u0131n\u0131n getirdi\u011fi zorluklarla beraber ikinci \u00e7eyrekte bir miktar yava\u015flamam\u0131z oldu. T\u00fcm ola\u011fan\u00fcst\u00fc ko\u015fullara ra\u011fmen Nisan-Haziran d\u00f6neminde de 2019&#8217;daki performans\u0131m\u0131z\u0131 korumay\u0131 ba\u015fard\u0131k. \u00dc\u00e7\u00fcnc\u00fc \u00e7eyrekle birlikte ise \u00fclkemiz ekonomisinde ya\u015fanan b\u00fcy\u00fcme bizim Topluluk \u015firketlerimize de yans\u0131d\u0131. Geldi\u011fimiz noktada y\u0131l sonunda ciromuzu y\u00fczde 20 art\u0131rmay\u0131 ba\u015fard\u0131k ve konsolide ciromuz yakla\u015f\u0131k 10 milyar lira seviyesinde ger\u00e7ekle\u015fti.&#8217;<\/p>\n<p style=\"font-weight: 400;\">\n<p style=\"font-weight: 400;\">\n","protected":false},"excerpt":{"rendered":"<p>Y\u0131ld\u0131zlar Yat\u0131r\u0131m Y\u00f6netim Kurulu \u00dcyesi Hakk\u0131 Y\u0131ld\u0131z, AA muhabirine holding a\u00e7\u0131s\u0131ndan 2020 de\u011ferlendirmelerini ve 2021&#8217;e ili\u015fkin beklentilerini payla\u015ft\u0131. Y\u0131ld\u0131zlar Yat\u0131r\u0131m Y\u00f6netim Kurulu \u00dcyesi Hakk\u0131 Y\u0131ld\u0131z, 2021 y\u0131l\u0131nda Y\u0131ld\u0131z Entegre, Y\u0131ld\u0131z Demir \u00c7elik ve \u0130GSA\u015e kapsam\u0131nda toplam 200 milyon dolara yak\u0131n yat\u0131r\u0131m planlar\u0131n\u0131n bulundu\u011funu belirterek, &#8216;Biz yurt d\u0131\u015f\u0131nda yat\u0131r\u0131ma \u00e7ok hevesli bir grubuz. \u00dclkemizin bayra\u011f\u0131n\u0131 yurt [&hellip;]<\/p>\n","protected":false},"author":1,"featured_media":33907,"comment_status":"open","ping_status":"open","sticky":false,"template":"","format":"standard","meta":{"ngg_post_thumbnail":0},"categories":[5388],"tags":[14944],"_links":{"self":[{"href":"https:\/\/emlaktuel.com\/index.php?rest_route=\/wp\/v2\/posts\/33906"}],"collection":[{"href":"https:\/\/emlaktuel.com\/index.php?rest_route=\/wp\/v2\/posts"}],"about":[{"href":"https:\/\/emlaktuel.com\/index.php?rest_route=\/wp\/v2\/types\/post"}],"author":[{"embeddable":true,"href":"https:\/\/emlaktuel.com\/index.php?rest_route=\/wp\/v2\/users\/1"}],"replies":[{"embeddable":true,"href":"https:\/\/emlaktuel.com\/index.php?rest_route=%2Fwp%2Fv2%2Fcomments&post=33906"}],"version-history":[{"count":1,"href":"https:\/\/emlaktuel.com\/index.php?rest_route=\/wp\/v2\/posts\/33906\/revisions"}],"predecessor-version":[{"id":33908,"href":"https:\/\/emlaktuel.com\/index.php?rest_route=\/wp\/v2\/posts\/33906\/revisions\/33908"}],"wp:featuredmedia":[{"embeddable":true,"href":"https:\/\/emlaktuel.com\/index.php?rest_route=\/wp\/v2\/media\/33907"}],"wp:attachment":[{"href":"https:\/\/emlaktuel.com\/index.php?rest_route=%2Fwp%2Fv2%2Fmedia&parent=33906"}],"wp:term":[{"taxonomy":"category","embeddable":true,"href":"https:\/\/emlaktuel.com\/index.php?rest_route=%2Fwp%2Fv2%2Fcategories&post=33906"},{"taxonomy":"post_tag","embeddable":true,"href":"https:\/\/emlaktuel.com\/index.php?rest_route=%2Fwp%2Fv2%2Ftags&post=33906"}],"curies":[{"name":"wp","href":"https:\/\/api.w.org\/{rel}","templated":true}]}}