{"id":33850,"date":"2020-12-29T11:03:54","date_gmt":"2020-12-29T08:03:54","guid":{"rendered":"https:\/\/emlaktuel.com\/?p=33850"},"modified":"2020-12-29T11:03:54","modified_gmt":"2020-12-29T08:03:54","slug":"2020de-hangi-gayrimenkul-yatirimcilari-kazandi-2021de-bizi-neler-bekliyor-kuresel-olaylarin","status":"publish","type":"post","link":"https:\/\/emlaktuel.com\/?p=33850","title":{"rendered":"2020\u2019de Hangi Gayrimenkul Yat\u0131r\u0131mc\u0131lar\u0131 Kazand\u0131, 2021\u2019de Bizi Neler Bekliyor?  K\u00fcresel olaylar\u0131n"},"content":{"rendered":"<p>&nbsp;<\/p>\n<p><strong>K\u00fcresel olaylar\u0131n da etkisiyle ekonomik ve sosyal anlamda olduk\u00e7a zorlay\u0131c\u0131 ge\u00e7en bir y\u0131l\u0131 geride b\u0131rak\u0131rken,\u00a0uparazzi\u00a0taraf\u0131ndan arsa-arazi yat\u0131r\u0131mlar\u0131nda 2020\u2019de neler oldu\u011funu ve 2021\u2019de gayrimenkul yat\u0131r\u0131mlar\u0131n\u0131n ne tarafa kayaca\u011f\u0131n\u0131 ortaya koyan bir yaz\u0131 yay\u0131nland\u0131.<\/strong><\/p>\n<p>Hareketli bir g\u00fcndemle t\u00fcm sekt\u00f6rlerin h\u0131zl\u0131 ve k\u00f6kl\u00fc de\u011fi\u015fimlerden ge\u00e7ti\u011fi bug\u00fcnlerde sosyal ya\u015fam\u0131n yan\u0131 s\u0131ra, modern \u00e7a\u011f\u0131n ve i\u015f d\u00fcnyas\u0131n\u0131n bar\u0131nd\u0131rd\u0131\u011f\u0131 ya\u015fam bi\u00e7imleri de bireyler taraf\u0131ndan sorgulanarak, al\u0131\u015f\u0131lagelen d\u00fczene kar\u015f\u0131l\u0131k alternatif senaryolar olu\u015fturulmaya ba\u015fland\u0131. Hem pandemi hem de ekonomik dalgalanmalar\u0131n etkileriyle, kentsel mek\u00e2nlar ve ya\u015fam alanlar\u0131na dair yeni soru i\u015faretleri g\u00fcndeme gelirken, b\u00fcy\u00fck oranda dijitalle\u015fen ili\u015fkilenme bi\u00e7imleri kentlileri do\u011faya daha yak\u0131n yerlerde ya\u015faman\u0131n y\u00f6ntemlerini ara\u015ft\u0131rmaya itti.<\/p>\n<p>T\u00fcm sekt\u00f6rlerin h\u0131zl\u0131 ve k\u00f6kl\u00fc de\u011fi\u015fimlerden ge\u00e7ti\u011fi 2020 y\u0131l\u0131nda hem pandemi hem de ekonomik dalgalanmalar\u0131n etkileri k\u00f6yden kente olan g\u00f6\u00e7\u00fcn y\u00f6n\u00fcn\u00fc, kentten k\u00f6ye \u00e7evirdi. uparazzi verilerine g\u00f6re bu \u00f6nlenemez hareketle 2020 y\u0131l\u0131ndaki \u00e7ift\u00e7ilik belgesi say\u0131s\u0131 1.803.000 ki\u015fiye ula\u015ft\u0131.\u00a0uparazzi\u00a0Genel M\u00fcd\u00fcr\u00fc Hakan Erilkun, yo\u011fun talep kar\u015f\u0131s\u0131nda miktar\u0131 son 10 y\u0131lda %11 oran\u0131nda azalm\u0131\u015f olan tar\u0131m arazilerinin fiyat\u0131nda sadece son \u00fc\u00e7 ayda %40&#8217;a varan bir fiyat art\u0131\u015f\u0131 ya\u015fand\u0131\u011f\u0131n\u0131 belirtiyor.<\/p>\n<p>Talepler \u00f6zellikle Ege ve G\u00fcneydo\u011fu Anadolu b\u00f6lgelerinde yo\u011funla\u015f\u0131yor. Erilkun, \u00fclkemizde ekilebilir tar\u0131m arazisi b\u00fcy\u00fckl\u00fc\u011f\u00fcn\u00fcn 23 milyon metrekare oldu\u011funu, tar\u0131mda \u00e7al\u0131\u015fan i\u015f\u00e7i say\u0131s\u0131n\u0131n azald\u0131\u011f\u0131n\u0131 ancak \u00f6zellikle son 1 y\u0131lda yerle\u015fmek ve kendi tar\u0131m\u0131n\u0131 yapmak \u00fczere insanlarda kentten k\u00f6ye g\u00f6\u00e7 olgusunun h\u0131zland\u0131\u011f\u0131n\u0131 belirtiyor. \u201c5 y\u0131l \u00f6nceki \u2018tarlay\u0131 ne yapay\u0131m\u2019 d\u00fc\u015f\u00fcncesi yerini \u2018nerede tarla almal\u0131y\u0131m\u2019 sorusuna b\u0131rakt\u0131. \u00a0 \u00d6zellikle Ege ve G\u00fcneydo\u011fu Anadolu B\u00f6lgelerindeki arazilerde %40\u2019a varan fiyat art\u0131\u015f\u0131na neden olan talep yo\u011funlu\u011fundan \u00f6t\u00fcr\u00fc devlet 3083 say\u0131l\u0131 yasa kapsam\u0131nda 1 milyon dekar b\u00fcy\u00fckl\u00fc\u011f\u00fcnde bir alan\u0131 tar\u0131m arazisi olarak vatanda\u015fa tar\u0131m yapmas\u0131 kar\u015f\u0131l\u0131\u011f\u0131nda uygun fiyatla sundu. \u00a0Sadece bu geli\u015fme ile G\u00fcneydo\u011fu Anadolu b\u00f6lgesinde n\u00fcfusu 6 ayda %35 artan k\u00f6yler bulunuyor. \u00a02021\u2019de geleneksel tar\u0131m d\u00f6nemine d\u00f6n\u00fclece\u011fi verilerle \u00e7ok a\u00e7\u0131kt\u0131r ve \u00fclke ekonomisi a\u00e7\u0131s\u0131ndan memnuniyet vericidir.\u201d<\/p>\n<p>Yap\u0131lan \u00e7al\u0131\u015fmada derlenen veriler ortaya koyuyor ki, bir on y\u0131l\u0131 daha geride b\u0131rak\u0131rken, al\u0131\u015f\u0131lagelen ya\u015fam bi\u00e7imleri, \u00e7al\u0131\u015fma y\u00f6ntemleri ve eski usuller terk edilirken, yat\u0131r\u0131m kanad\u0131nda arsa-arazi yat\u0131r\u0131mlar\u0131 gibi daha geleneksel kanallara y\u00f6nelim g\u00f6zleniyor. D\u00f6viz yerine k\u00e2r oran\u0131 y\u00fcksek, risksiz\u00a0toprak yat\u0131r\u0131mlar\u0131, 2021\u2019de de ra\u011fbet g\u00f6rmeye devam edecek gibi g\u00f6r\u00fcn\u00fcyor.<\/p>\n<p>___<\/p>\n","protected":false},"excerpt":{"rendered":"<p>&nbsp; K\u00fcresel olaylar\u0131n da etkisiyle ekonomik ve sosyal anlamda olduk\u00e7a zorlay\u0131c\u0131 ge\u00e7en bir y\u0131l\u0131 geride b\u0131rak\u0131rken,\u00a0uparazzi\u00a0taraf\u0131ndan arsa-arazi yat\u0131r\u0131mlar\u0131nda 2020\u2019de neler oldu\u011funu ve 2021\u2019de gayrimenkul yat\u0131r\u0131mlar\u0131n\u0131n ne tarafa kayaca\u011f\u0131n\u0131 ortaya koyan bir yaz\u0131 yay\u0131nland\u0131. Hareketli bir g\u00fcndemle t\u00fcm sekt\u00f6rlerin h\u0131zl\u0131 ve k\u00f6kl\u00fc de\u011fi\u015fimlerden ge\u00e7ti\u011fi bug\u00fcnlerde sosyal ya\u015fam\u0131n yan\u0131 s\u0131ra, modern \u00e7a\u011f\u0131n ve i\u015f d\u00fcnyas\u0131n\u0131n bar\u0131nd\u0131rd\u0131\u011f\u0131 ya\u015fam [&hellip;]<\/p>\n","protected":false},"author":1,"featured_media":22418,"comment_status":"open","ping_status":"open","sticky":false,"template":"","format":"standard","meta":{"ngg_post_thumbnail":0},"categories":[5388],"tags":[],"_links":{"self":[{"href":"https:\/\/emlaktuel.com\/index.php?rest_route=\/wp\/v2\/posts\/33850"}],"collection":[{"href":"https:\/\/emlaktuel.com\/index.php?rest_route=\/wp\/v2\/posts"}],"about":[{"href":"https:\/\/emlaktuel.com\/index.php?rest_route=\/wp\/v2\/types\/post"}],"author":[{"embeddable":true,"href":"https:\/\/emlaktuel.com\/index.php?rest_route=\/wp\/v2\/users\/1"}],"replies":[{"embeddable":true,"href":"https:\/\/emlaktuel.com\/index.php?rest_route=%2Fwp%2Fv2%2Fcomments&post=33850"}],"version-history":[{"count":1,"href":"https:\/\/emlaktuel.com\/index.php?rest_route=\/wp\/v2\/posts\/33850\/revisions"}],"predecessor-version":[{"id":33851,"href":"https:\/\/emlaktuel.com\/index.php?rest_route=\/wp\/v2\/posts\/33850\/revisions\/33851"}],"wp:featuredmedia":[{"embeddable":true,"href":"https:\/\/emlaktuel.com\/index.php?rest_route=\/wp\/v2\/media\/22418"}],"wp:attachment":[{"href":"https:\/\/emlaktuel.com\/index.php?rest_route=%2Fwp%2Fv2%2Fmedia&parent=33850"}],"wp:term":[{"taxonomy":"category","embeddable":true,"href":"https:\/\/emlaktuel.com\/index.php?rest_route=%2Fwp%2Fv2%2Fcategories&post=33850"},{"taxonomy":"post_tag","embeddable":true,"href":"https:\/\/emlaktuel.com\/index.php?rest_route=%2Fwp%2Fv2%2Ftags&post=33850"}],"curies":[{"name":"wp","href":"https:\/\/api.w.org\/{rel}","templated":true}]}}