{"id":33848,"date":"2020-12-28T15:14:40","date_gmt":"2020-12-28T12:14:40","guid":{"rendered":"https:\/\/emlaktuel.com\/?p=33848"},"modified":"2020-12-28T15:14:40","modified_gmt":"2020-12-28T12:14:40","slug":"bahattin-ucar-2021-yilini-yeni-yatirimlarimizla-karsiliyoruz-ve-bu-yila-iliskin-ulkemiz-ve-sektorumuz-adina-umitliyiz","status":"publish","type":"post","link":"https:\/\/emlaktuel.com\/?p=33848","title":{"rendered":"Bahattin U\u00e7ar: 2021 y\u0131l\u0131n\u0131 yeni yat\u0131r\u0131mlar\u0131m\u0131zla kar\u015f\u0131l\u0131yoruz ve bu y\u0131la ili\u015fkin \u00fclkemiz ve sekt\u00f6r\u00fcm\u00fcz ad\u0131na \u00fcmitliyiz"},"content":{"rendered":"<p>T\u00fcm d\u00fcnya i\u00e7in zorluklarla dolu bir y\u0131l\u0131 geride b\u0131rak\u0131yoruz. Ba\u015fta sa\u011fl\u0131\u011f\u0131m\u0131z\u0131 ard\u0131ndan da \u00fclke ekonomilerini do\u011frudan etkileyen Covid \u2013 19 salg\u0131n\u0131, \u00fclkelerin 2020 y\u0131l\u0131 plan ve hedeflerini sekteye u\u011fratt\u0131. Zaruri olarak al\u0131nan tedbirler \u00e7ok say\u0131da sekt\u00f6r\u00fc maalesef olumsuz etkiledi. Faaliyetlerimize her ne kadar ara vermeden devam etme gayreti i\u00e7inde olsak da al\u0131\u015f\u0131k olmad\u0131\u011f\u0131m\u0131z bu d\u00fczene uyum sa\u011flayarak \u00e7al\u0131\u015fmalar\u0131m\u0131z\u0131 s\u00fcrd\u00fcrd\u00fck.<\/p>\n<p>\u015eimdi, salg\u0131n\u0131n etkisiyle ge\u00e7en zor bir y\u0131l\u0131n ard\u0131ndan a\u015f\u0131 haberleriyle umutland\u0131k. \u015eu an her birimizin eski d\u00fczenine d\u00f6nmek i\u00e7in can att\u0131\u011f\u0131 bir durumday\u0131z. \u0130nsanlar\u0131n yeni bir enerji ve motivasyonla yeni y\u0131l\u0131 kar\u015f\u0131layacaklar\u0131n\u0131 d\u00fc\u015f\u00fcn\u00fcyorum. D\u00fcnya genelinde hem bireylerin hem de kurumlar\u0131n salg\u0131n boyunca erteledi\u011fi planlar\u0131 ve yat\u0131r\u0131mlar\u0131 var. Bu yat\u0131r\u0131mlar normalle\u015fmeyle birlikte hayata ge\u00e7irilecektir. Bu anlamda t\u00fcm sekt\u00f6rlerde h\u0131zl\u0131 bir hareketlili\u011fin beklendi\u011fi s\u00f6ylenebilir.<\/p>\n<p>Invest \u0130n\u015faat olarak bizlerin de \u00fczerinde \u00e7al\u0131\u015ft\u0131\u011f\u0131 yeni projeler ve yat\u0131r\u0131mlar var. 2020 y\u0131l\u0131n\u0131 sat\u0131\u015f\u0131 devam eden projelerimizi tamamlayarak ve yeni projelere haz\u0131rlanarak ge\u00e7irdik. 2021 y\u0131l\u0131n\u0131n mart ay\u0131 itibariyle de ilk projemize start verece\u011fiz. Y\u0131l\u0131n devam\u0131nda ise iki projeye daha ba\u015flayarak, toplamda \u00fc\u00e7 projede yakla\u015f\u0131k 2.5 milyar TL de\u011ferinde yat\u0131r\u0131mla in\u015faat sekt\u00f6r\u00fcndeki faaliyetlerimize devam ediyoruz.<\/p>\n<p>T\u00fcrkiye\u2019de konut al\u0131m\u0131 noktas\u0131nda ciddi bir talep var. Bu talebin al\u0131ma d\u00f6nmesini tetikleyen en b\u00fcy\u00fck unsur ise d\u00fc\u015f\u00fck kredi faizleridir. Salg\u0131n\u0131n yo\u011fun oldu\u011fu d\u00f6nemde ger\u00e7ekle\u015ftirilen kampanyalardaki sat\u0131\u015f rakamlar\u0131yla da bu etkiyi g\u00f6rd\u00fck. Normalle\u015fmeyle birlikte in\u015faat sekt\u00f6r\u00fcnde ciddi bir hareketlilik ya\u015fanaca\u011f\u0131n\u0131 d\u00fc\u015f\u00fcn\u00fcyoruz.<\/p>\n<p>\u0130nsanlar\u0131n salg\u0131n d\u00f6neminde konut taleplerinde de bir de\u011fi\u015fiklik g\u00f6zlemliyoruz. Konut tercihlerinde daha geni\u015f ye\u015fil alanlar, y\u00fcr\u00fcme yollar\u0131 ve b\u00fcy\u00fck balkonlar gibi konular art\u0131k \u00f6n planda tutuluyor. Bizler de bu anlamda yeni projelerimizi konut al\u0131c\u0131lar\u0131n\u0131n talepleri do\u011frultusunda geli\u015ftirdik.<\/p>\n<p>2021 y\u0131l\u0131n\u0131 yeni yat\u0131r\u0131mlar\u0131m\u0131zla kar\u015f\u0131l\u0131yoruz ve bu y\u0131la ili\u015fkin \u00fclkemiz ve sekt\u00f6r\u00fcm\u00fcz ad\u0131na \u00fcmitliyiz. Yeni y\u0131l\u0131, geride b\u0131rakt\u0131\u011f\u0131m\u0131z y\u0131l\u0131n t\u00fcm olumsuz etkilerinin giderilmesine y\u00f6nelik yo\u011fun bir \u00e7al\u0131\u015fma d\u00f6nemi olarak g\u00f6r\u00fcyoruz. Bu anlamda Invest \u0130n\u015faat olarak faaliyetlerimize ara vermeden devam ediyoruz.<\/p>\n","protected":false},"excerpt":{"rendered":"<p>T\u00fcm d\u00fcnya i\u00e7in zorluklarla dolu bir y\u0131l\u0131 geride b\u0131rak\u0131yoruz. Ba\u015fta sa\u011fl\u0131\u011f\u0131m\u0131z\u0131 ard\u0131ndan da \u00fclke ekonomilerini do\u011frudan etkileyen Covid \u2013 19 salg\u0131n\u0131, \u00fclkelerin 2020 y\u0131l\u0131 plan ve hedeflerini sekteye u\u011fratt\u0131. Zaruri olarak al\u0131nan tedbirler \u00e7ok say\u0131da sekt\u00f6r\u00fc maalesef olumsuz etkiledi. Faaliyetlerimize her ne kadar ara vermeden devam etme gayreti i\u00e7inde olsak da al\u0131\u015f\u0131k olmad\u0131\u011f\u0131m\u0131z bu d\u00fczene [&hellip;]<\/p>\n","protected":false},"author":1,"featured_media":23430,"comment_status":"open","ping_status":"open","sticky":false,"template":"","format":"standard","meta":{"ngg_post_thumbnail":0},"categories":[5388],"tags":[7444],"_links":{"self":[{"href":"https:\/\/emlaktuel.com\/index.php?rest_route=\/wp\/v2\/posts\/33848"}],"collection":[{"href":"https:\/\/emlaktuel.com\/index.php?rest_route=\/wp\/v2\/posts"}],"about":[{"href":"https:\/\/emlaktuel.com\/index.php?rest_route=\/wp\/v2\/types\/post"}],"author":[{"embeddable":true,"href":"https:\/\/emlaktuel.com\/index.php?rest_route=\/wp\/v2\/users\/1"}],"replies":[{"embeddable":true,"href":"https:\/\/emlaktuel.com\/index.php?rest_route=%2Fwp%2Fv2%2Fcomments&post=33848"}],"version-history":[{"count":1,"href":"https:\/\/emlaktuel.com\/index.php?rest_route=\/wp\/v2\/posts\/33848\/revisions"}],"predecessor-version":[{"id":33849,"href":"https:\/\/emlaktuel.com\/index.php?rest_route=\/wp\/v2\/posts\/33848\/revisions\/33849"}],"wp:featuredmedia":[{"embeddable":true,"href":"https:\/\/emlaktuel.com\/index.php?rest_route=\/wp\/v2\/media\/23430"}],"wp:attachment":[{"href":"https:\/\/emlaktuel.com\/index.php?rest_route=%2Fwp%2Fv2%2Fmedia&parent=33848"}],"wp:term":[{"taxonomy":"category","embeddable":true,"href":"https:\/\/emlaktuel.com\/index.php?rest_route=%2Fwp%2Fv2%2Fcategories&post=33848"},{"taxonomy":"post_tag","embeddable":true,"href":"https:\/\/emlaktuel.com\/index.php?rest_route=%2Fwp%2Fv2%2Ftags&post=33848"}],"curies":[{"name":"wp","href":"https:\/\/api.w.org\/{rel}","templated":true}]}}