{"id":33701,"date":"2020-12-15T12:59:47","date_gmt":"2020-12-15T09:59:47","guid":{"rendered":"https:\/\/emlaktuel.com\/?p=33701"},"modified":"2020-12-15T12:59:47","modified_gmt":"2020-12-15T09:59:47","slug":"ozdilek-pandemi-surecine-ragmen-yeni-yatirimlarina-hiz-kesmeden-devam-ediyor","status":"publish","type":"post","link":"https:\/\/emlaktuel.com\/?p=33701","title":{"rendered":"\u00d6zdilek, pandemi s\u00fcrecine ra\u011fmen yeni yat\u0131r\u0131mlar\u0131na h\u0131z kesmeden devam ediyor."},"content":{"rendered":"<p><strong>\u00d6zdilek\u2019in Yeni Departman Ma\u011fazas\u0131 Vega AVM\u2019de A\u00e7\u0131ld\u0131.\u00a0<\/strong>Yeni istihdamlar\u0131yla birlikte T\u00fcrkiye\u2019nin marka de\u011feri en y\u00fcksek \u015firketleri i\u00e7inde ilk 100 firma aras\u0131nda yer alan \u00d6zdilek, yeni departman ma\u011fazas\u0131n\u0131 \u0130stanbul\u2019un en yeni al\u0131\u015fveri\u015f merkezlerinden Vega AVM\u2019de a\u00e7t\u0131. Ekim ay\u0131nda kap\u0131lar\u0131n\u0131 ilk kez ziyaret\u00e7ilerine a\u00e7an \u0130stanbul\u2019un yeni al\u0131\u015fveri\u015f merkezi Vega AVM\u2019de, departman ma\u011fazas\u0131n\u0131 hayata ge\u00e7iren \u00d6zdilek, toplamda 5 departman ma\u011faza say\u0131s\u0131na ula\u015ft\u0131. Yeni yat\u0131r\u0131mlar\u0131yla \u00fclke ekonomisine katk\u0131 sa\u011flayan \u00d6zdilek\u2019in bir sonraki ma\u011faza yat\u0131r\u0131m\u0131 ise Sakarya\u2019da olacak.<\/p>\n<p>\u00d6zdilek\u2019in kendi b\u00fcnyesindeki \u00d6zdilekPark Antalya, Bursa Nil\u00fcfer ve \u0130stanbul AVM\u2019lerinde yer alan departman ma\u011fazalar\u0131n\u0131n yan\u0131 s\u0131ra Erzurum\u2019da MNG Mall, \u0130stanbul\u2019da \u0130sfanbul, Torium ve Mall of \u0130stanbul al\u0131\u015fveri\u015f merkezlerindeki departman ma\u011fazalar\u0131na ek olarak a\u00e7t\u0131\u011f\u0131 \u0130stanbul Vega AVM\u2019deki departman ma\u011fazas\u0131 ile de misafirlerini a\u011f\u0131rl\u0131yor. 3 bin 200 metrekarelik alanda 2 katl\u0131 ve son derece modern mimari tasar\u0131mlarla dizayn edilen departman ma\u011fazada, \u00d6zdilek\u2019in kendi \u00fcretimi olan tekstil, ev tekstili ve g\u0131da d\u0131\u015f\u0131 \u00fcr\u00fcnler yer al\u0131rken ayr\u0131ca tuhafiye, z\u00fcccaciye ve aksesuar \u00fcr\u00fcn gruplar\u0131yla birlikte yerli ve yabanc\u0131 bir\u00e7ok markan\u0131n \u00fcr\u00fcnleri de sat\u0131\u015fa sunuluyor.<\/p>\n<p>Ev tekstili b\u00f6l\u00fcm\u00fcnde havlu, bornoz, nevresim \u00fcr\u00fcnlerini kapsayan tamam\u0131\u00a0<strong>\u00d6zdilek Ev Tekstili,<\/strong>\u00a0<strong>Sadem, Floretta<\/strong>\u00a0markalar\u0131 ile birlikte tekstilde ise yine \u00d6zdilek markalar\u0131ndan;\u00a0<strong>Funfair<\/strong>\u00a0(\u00e7ocuk),\u00a0<strong>Finesuits<\/strong>\u00a0(erkek klasik giyim),\u00a0<strong>Shefame<\/strong>\u00a0(kad\u0131n giyim ve aksesuar),\u00a0<strong>First Company<\/strong>\u00a0(g\u00fcnl\u00fck stil),\u00a0<strong>Travel Point<\/strong>\u00a0ve\u00a0<strong>Travel Zone<\/strong>\u00a0(valiz), Hometime markas\u0131 ile ev \u2013 ya\u015fam ve dekorasyon \u00fcr\u00fcnleriyle ayakkab\u0131, \u00e7anta, kad\u0131n ve erkek giyim, gen\u00e7 aktif spor giyim, g\u00fcndelik giyim, \u00e7ocuk giyim kapsam\u0131nda bir\u00e7ok markan\u0131n \u00fcr\u00fcnleri de yer al\u0131yor.<\/p>\n<p>Covid-19 tedbirleri kapsam\u0131nda t\u00fcm g\u00fcvenlik ve hijyen tedbirlerinin al\u0131nd\u0131\u011f\u0131 \u00d6zdilek departman ma\u011fazas\u0131, Vega AVM\u2019de \u0130stanbullu ziyaret\u00e7ilerini bekliyor.<\/p>\n","protected":false},"excerpt":{"rendered":"<p>\u00d6zdilek\u2019in Yeni Departman Ma\u011fazas\u0131 Vega AVM\u2019de A\u00e7\u0131ld\u0131.\u00a0Yeni istihdamlar\u0131yla birlikte T\u00fcrkiye\u2019nin marka de\u011feri en y\u00fcksek \u015firketleri i\u00e7inde ilk 100 firma aras\u0131nda yer alan \u00d6zdilek, yeni departman ma\u011fazas\u0131n\u0131 \u0130stanbul\u2019un en yeni al\u0131\u015fveri\u015f merkezlerinden Vega AVM\u2019de a\u00e7t\u0131. Ekim ay\u0131nda kap\u0131lar\u0131n\u0131 ilk kez ziyaret\u00e7ilerine a\u00e7an \u0130stanbul\u2019un yeni al\u0131\u015fveri\u015f merkezi Vega AVM\u2019de, departman ma\u011fazas\u0131n\u0131 hayata ge\u00e7iren \u00d6zdilek, toplamda 5 departman [&hellip;]<\/p>\n","protected":false},"author":1,"featured_media":33702,"comment_status":"open","ping_status":"open","sticky":false,"template":"","format":"standard","meta":{"ngg_post_thumbnail":0},"categories":[26],"tags":[14854],"_links":{"self":[{"href":"https:\/\/emlaktuel.com\/index.php?rest_route=\/wp\/v2\/posts\/33701"}],"collection":[{"href":"https:\/\/emlaktuel.com\/index.php?rest_route=\/wp\/v2\/posts"}],"about":[{"href":"https:\/\/emlaktuel.com\/index.php?rest_route=\/wp\/v2\/types\/post"}],"author":[{"embeddable":true,"href":"https:\/\/emlaktuel.com\/index.php?rest_route=\/wp\/v2\/users\/1"}],"replies":[{"embeddable":true,"href":"https:\/\/emlaktuel.com\/index.php?rest_route=%2Fwp%2Fv2%2Fcomments&post=33701"}],"version-history":[{"count":1,"href":"https:\/\/emlaktuel.com\/index.php?rest_route=\/wp\/v2\/posts\/33701\/revisions"}],"predecessor-version":[{"id":33703,"href":"https:\/\/emlaktuel.com\/index.php?rest_route=\/wp\/v2\/posts\/33701\/revisions\/33703"}],"wp:featuredmedia":[{"embeddable":true,"href":"https:\/\/emlaktuel.com\/index.php?rest_route=\/wp\/v2\/media\/33702"}],"wp:attachment":[{"href":"https:\/\/emlaktuel.com\/index.php?rest_route=%2Fwp%2Fv2%2Fmedia&parent=33701"}],"wp:term":[{"taxonomy":"category","embeddable":true,"href":"https:\/\/emlaktuel.com\/index.php?rest_route=%2Fwp%2Fv2%2Fcategories&post=33701"},{"taxonomy":"post_tag","embeddable":true,"href":"https:\/\/emlaktuel.com\/index.php?rest_route=%2Fwp%2Fv2%2Ftags&post=33701"}],"curies":[{"name":"wp","href":"https:\/\/api.w.org\/{rel}","templated":true}]}}