{"id":33677,"date":"2020-12-14T13:31:18","date_gmt":"2020-12-14T10:31:18","guid":{"rendered":"https:\/\/emlaktuel.com\/?p=33677"},"modified":"2020-12-14T13:31:18","modified_gmt":"2020-12-14T10:31:18","slug":"eston-sehir-koruda-yasam-tum-dogalligiyla-basladim","status":"publish","type":"post","link":"https:\/\/emlaktuel.com\/?p=33677","title":{"rendered":"Eston \u015eehir Koru\u2019da ya\u015fam t\u00fcm do\u011fall\u0131\u011f\u0131yla ba\u015flad\u0131m"},"content":{"rendered":"<p>&nbsp;<\/p>\n<h2>De\u011feri her ge\u00e7en g\u00fcn artan Bah\u00e7e\u015fehir\u2019in en be\u011fenilen projesi Eston \u015eehir Koru\u2019nun ilk etab\u0131nda ya\u015fam ba\u015flad\u0131<\/h2>\n<p>Bah\u00e7e\u015fehir\u2019in ger\u00e7ek dokusuna uygun; ye\u015fille i\u00e7 i\u00e7e, yatay ve az katl\u0131 mimarisiyle b\u00f6lgenin en be\u011fenilen projesi\u00a0<strong>Eston \u015eehir Koru<\/strong>\u2019nun ilk etab\u0131nda yer alan\u00a0<strong>134\u00a0<\/strong>villa, 2020 yaz d\u00f6neminde teslim edildi ve 100\u2019den fazla aile yeni evlerine yerle\u015fti.<\/p>\n<p><strong>Nefes ald\u0131ran ye\u015fil alan, ferah meydan ve mekanlar<\/strong><\/p>\n<p>Her beklentiye hitap eden daire se\u00e7eneklerinin sunuldu\u011fu\u00a0<strong>Eston \u015eehir Koru<\/strong>, \u2018Villa\u2019, \u2018Katl\u0131 Villa\u2019, az katl\u0131 \u2018Koru Konaklar\u0131\u2019 ve \u2018Koru Evleri\u2019nden olu\u015fuyor.\u00a0<strong>215\u00a0<\/strong>d\u00f6n\u00fcme yay\u0131lan projede,\u00a0<strong>90<\/strong>\u00a0d\u00f6n\u00fcm ye\u015fil alan ve\u00a0<strong>25<\/strong>\u00a0d\u00f6n\u00fcm aktivite ve oyun alan\u0131 bulunuyor. Proje, nefes ald\u0131ran meydanlar\u0131, korusu, meyve bah\u00e7eleri, g\u00f6leti, sosyal tesisi, \u00e7ocuk oyun alanlar\u0131 ve t\u00fcm sosyal donat\u0131lar\u0131 ile her mevsim tatil konforunda bir ya\u015fam sunuyor.<\/p>\n<p><strong>113 bin metrekarelik alanda konforlu ya\u015fam\u2026<\/strong><\/p>\n<p><strong>Polatyol Grubu<\/strong>\u00a0<strong>6<\/strong>\u00a0y\u0131l \u00f6nce Bah\u00e7e\u015fehir\u2019de\u00a0<strong>1 milyon 600 bin<\/strong>\u00a0metrekarelik arazi \u00fczerinde Avrupa\u2019n\u0131n en geni\u015f alana yay\u0131lan gayrimenkul projelerinden Eston \u015eehir\u2019i geli\u015ftirmeye ba\u015flad\u0131 ve \u015fimdiye kadar\u00a0<strong>68 bin<\/strong>\u00a0metrekarelik alanda in\u015fa etti\u011fi\u00a0<strong>Eston \u015eehir Mahallem\u00a0<\/strong>ve\u00a0<strong>45 bin<\/strong>\u00a0metrekarelik alanda in\u015fa etti\u011fi\u00a0<strong>Eston \u015eehir Koru<\/strong>\u2019nun ilk etab\u0131nda toplam\u00a0<strong>449\u00a0<\/strong>konutun teslimini ger\u00e7ekle\u015ftirdi.<\/p>\n<p><strong>2. ve 3. etaplar\u0131n in\u015fas\u0131 s\u00fcr\u00fcyor<\/strong><\/p>\n<p><strong>Eston \u015eehir Koru<\/strong>\u2019nun\u00a0<strong>1.<\/strong>\u00a0Etab\u0131nda yer alan 134 villada ya\u015famaya ba\u015flayanlar, keyifli ortam\u0131n tad\u0131n\u0131 \u00e7\u0131kar\u0131rken, projenin sat\u0131\u015f\u0131 tamamlanan di\u011fer etaplar\u0131nda da in\u015faat \u00e7al\u0131\u015fmalar\u0131 devam ediyor.\u00a0<strong>61 bin<\/strong>\u00a0metrekarelik yeni in\u015faat alan\u0131nda yer alan\u00a0<strong>2.<\/strong>\u00a0etapta\u00a0<strong>177\u00a0<\/strong>adet,\u00a0<strong>3.<\/strong>\u00a0etapta ise\u00a0<strong>67<\/strong>\u00a0adet konutun in\u015fas\u0131 s\u00fcr\u00fcyor. Eston \u015eehir Koru, bu etaplarda yer alan toplam\u00a0<strong>244\u00a0<\/strong>konutu 2021 y\u0131l\u0131nda teslim edecek.<\/p>\n<p><strong>Bah\u00e7eli evlere ilgi y\u00fcksek<\/strong><\/p>\n<p>Koronavir\u00fcs salg\u0131n\u0131n\u0131n konut tercihlerini de \u00f6nemli \u00f6l\u00e7\u00fcde etkiledi\u011fi g\u00fcn\u00fcm\u00fczde, konut al\u0131c\u0131lar\u0131 art\u0131k \u015fehrin i\u00e7inde, evine h\u0131zl\u0131ca ula\u015fabilece\u011fi ve evden \u00e7\u0131kt\u0131\u011f\u0131nda kolayca sosyal hayata kar\u0131\u015fabilece\u011fi, e\u011fitim-sa\u011fl\u0131k-al\u0131\u015fveri\u015f konusunda t\u00fcm se\u00e7eneklerin yan\u0131ba\u015f\u0131nda oldu\u011fu \u00fcstelik do\u011fayla i\u00e7 i\u00e7e lokasyonlarda ya\u015famak istiyor.<\/p>\n<p>Son be\u015f y\u0131lda T\u00fcrkiye genelinde bah\u00e7eli ev aray\u0131\u015f\u0131 \u00f6zellikle bahar ve yaz aylar\u0131nda yo\u011funluk kazan\u0131rken, salg\u0131n d\u00f6nemi ile birlikte bah\u00e7eli, ye\u015fil alan\u0131 bol ve do\u011fayla i\u00e7 i\u00e7e evlere y\u00f6nelik evlere ilgi Mart 2020 d\u00f6neminden beri artarak devam ediyor.<\/p>\n<p><strong>G\u00fcvenli ya\u015fam<\/strong><\/p>\n<p>\u0130lginin artmas\u0131, insanlar\u0131n hem do\u011fadan hem de \u015fehirden kopmadan sakin ve g\u00fcvenli bir ya\u015fam s\u00fcrmek istedi\u011fini ortaya koyuyor. T\u00fcm bu beklentiler, ye\u015fil alanlara ve depreme kar\u015f\u0131 g\u00fcvenli yap\u0131lara sahip olmas\u0131n\u0131n yan\u0131nda \u0130stanbul\u2019un zemini sa\u011flam b\u00f6lgelerinden biri olan Bah\u00e7e\u015fehir\u2019e ilgiyi art\u0131r\u0131yor.<\/p>\n<p><strong>Yeni etap Ocak 2021\u2019de \u00f6n sat\u0131\u015fta<\/strong><\/p>\n<p>Uluslararas\u0131 in\u015faat sekt\u00f6r\u00fc dergisi ENR (Engineering News Record) taraf\u0131ndan haz\u0131rlanan \u201cD\u00fcnyan\u0131n En B\u00fcy\u00fck 250 Uluslararas\u0131 M\u00fcteahhidi\u201d aras\u0131nda yer alan\u00a0<strong>Polatyol Grubu\u00a0<\/strong>taraf\u0131ndan geli\u015ftirilen Eston \u015eehir Koru\u2019nun yeni etab\u0131, 2+1\u2019den 4,5+1\u2019e, Bah\u00e7e Dubleks\u2019ten Penthouse\u2019a kadar farkl\u0131 ya\u015fam se\u00e7enekleriyleOcak 2021\u2019de \u00f6n sat\u0131\u015fa sunulacak.<\/p>\n<p><strong>SAYILARLA \u2018ESTON \u015eEH\u0130R KORU\u2019<\/strong><\/p>\n<ul>\n<li><strong>215\u00a0<\/strong>d\u00f6n\u00fcm ya\u015fam alan\u0131<\/li>\n<li><strong>90\u00a0<\/strong>d\u00f6n\u00fcm ye\u015fil alan<\/li>\n<li><strong>25\u00a0<\/strong>d\u00f6n\u00fcm aktivite ve oyun<\/li>\n<\/ul>\n","protected":false},"excerpt":{"rendered":"<p>&nbsp; De\u011feri her ge\u00e7en g\u00fcn artan Bah\u00e7e\u015fehir\u2019in en be\u011fenilen projesi Eston \u015eehir Koru\u2019nun ilk etab\u0131nda ya\u015fam ba\u015flad\u0131 Bah\u00e7e\u015fehir\u2019in ger\u00e7ek dokusuna uygun; ye\u015fille i\u00e7 i\u00e7e, yatay ve az katl\u0131 mimarisiyle b\u00f6lgenin en be\u011fenilen projesi\u00a0Eston \u015eehir Koru\u2019nun ilk etab\u0131nda yer alan\u00a0134\u00a0villa, 2020 yaz d\u00f6neminde teslim edildi ve 100\u2019den fazla aile yeni evlerine yerle\u015fti. Nefes ald\u0131ran ye\u015fil alan, [&hellip;]<\/p>\n","protected":false},"author":1,"featured_media":33678,"comment_status":"open","ping_status":"open","sticky":false,"template":"","format":"standard","meta":{"ngg_post_thumbnail":0},"categories":[5388],"tags":[10366],"_links":{"self":[{"href":"https:\/\/emlaktuel.com\/index.php?rest_route=\/wp\/v2\/posts\/33677"}],"collection":[{"href":"https:\/\/emlaktuel.com\/index.php?rest_route=\/wp\/v2\/posts"}],"about":[{"href":"https:\/\/emlaktuel.com\/index.php?rest_route=\/wp\/v2\/types\/post"}],"author":[{"embeddable":true,"href":"https:\/\/emlaktuel.com\/index.php?rest_route=\/wp\/v2\/users\/1"}],"replies":[{"embeddable":true,"href":"https:\/\/emlaktuel.com\/index.php?rest_route=%2Fwp%2Fv2%2Fcomments&post=33677"}],"version-history":[{"count":2,"href":"https:\/\/emlaktuel.com\/index.php?rest_route=\/wp\/v2\/posts\/33677\/revisions"}],"predecessor-version":[{"id":33680,"href":"https:\/\/emlaktuel.com\/index.php?rest_route=\/wp\/v2\/posts\/33677\/revisions\/33680"}],"wp:featuredmedia":[{"embeddable":true,"href":"https:\/\/emlaktuel.com\/index.php?rest_route=\/wp\/v2\/media\/33678"}],"wp:attachment":[{"href":"https:\/\/emlaktuel.com\/index.php?rest_route=%2Fwp%2Fv2%2Fmedia&parent=33677"}],"wp:term":[{"taxonomy":"category","embeddable":true,"href":"https:\/\/emlaktuel.com\/index.php?rest_route=%2Fwp%2Fv2%2Fcategories&post=33677"},{"taxonomy":"post_tag","embeddable":true,"href":"https:\/\/emlaktuel.com\/index.php?rest_route=%2Fwp%2Fv2%2Ftags&post=33677"}],"curies":[{"name":"wp","href":"https:\/\/api.w.org\/{rel}","templated":true}]}}