{"id":3363,"date":"2016-07-21T11:18:22","date_gmt":"2016-07-21T08:18:22","guid":{"rendered":"http:\/\/emlaktuel.com\/?p=3363"},"modified":"2018-07-05T14:22:12","modified_gmt":"2018-07-05T11:22:12","slug":"15-temmuz-gecesi-uyumadik-rekor-kirdik","status":"publish","type":"post","link":"https:\/\/emlaktuel.com\/?p=3363","title":{"rendered":"15 Temmuz gecesi uyumad\u0131k rekor k\u0131rd\u0131k"},"content":{"rendered":"<div class=\"hz_top_post\">\n<div class=\"hz_title_and_meta\">\n<div class=\"hz_title\">\n<h1>15 Temmuz 2016 Cuma ak\u015fam\u0131 ya\u015fanan darbe giri\u015fiminin ard\u0131ndan T\u00fcrkiye neredeyse sabaha kadar ayaktayd\u0131.<\/h1>\n<\/div>\n<\/div>\n<\/div>\n<div class=\"hz_main_post_content\">\n<div class=\"hz_content\">Vatanda\u015flar meydanlara ak\u0131n ederken, evlerde ve i\u015fyerlerinde elektrikler sabah\u0131n ilk \u0131\u015f\u0131klar\u0131na kadar yand\u0131, b\u00fct\u00fcn medya kanallar\u0131 dakika dakika takip edilmeye \u00e7al\u0131\u015f\u0131ld\u0131. \u00dcretim, da\u011f\u0131t\u0131m ve kamu \u015firketleri, kesinti ve ola\u011fan\u00fcst\u00fc geli\u015fmelere kar\u015f\u0131 alarm durumuna ge\u00e7erken, Enerji ve Tabii Kaynaklar Bakanl\u0131\u011f\u0131 ve valiliklerle koordineli bir \u00e7al\u0131\u015fma sergiledi. T\u00fcrkiye Elektrik \u0130letim A\u015e&#8217;nin (TE\u0130A\u015e) rakamlar\u0131na g\u00f6re, 15 Temmuz tarihinde T\u00fcrkiye genelinde elektrik t\u00fcketimi 874 bin 486 megavat saat (MWh) ile temmuz ay\u0131n\u0131n rekorunu k\u0131rd\u0131.<\/p>\n<h4>Y\u00dcZDE 52 ARTTI<\/h4>\n<p>Elektrik t\u00fcketimi \u0130stanbul&#8217;da da 15-17 Temmuz tarihleri aras\u0131nda ciddi bir art\u0131\u015fa sahne oldu. Darbe te\u015febb\u00fcs\u00fcn\u00fcn ya\u015fand\u0131\u011f\u0131 g\u00fcn \u0130stanbul Avrupa Yakas\u0131&#8217;nda toplam elektrik t\u00fcketimi 74 bin megavat saat olarak ger\u00e7ekle\u015fti. Bir \u00f6nceki hafta yani 8 Temmuz Cuma g\u00fcn\u00fc bu rakam 48 bin 500 MWh d\u00fczeyindeydi. Konuyla ilgili H\u00fcrriyet&#8217;e bilgi veren Bo\u011fazi\u00e7i Elektrik Da\u011f\u0131t\u0131m A\u015e (BEDA\u015e) Genel M\u00fcd\u00fcr\u00fc Mehmet \u0130slamo\u011flu, ilk dakikalardan itibaren \u00e7al\u0131\u015fanlar\u0131n\u0131 bilgilendirerek elektik da\u011f\u0131t\u0131m hizmetinin aksamamas\u0131 i\u00e7in gerekli t\u00fcm tedbirleri devreye soktuklar\u0131n\u0131 a\u00e7\u0131klad\u0131. \u0130lk etapta 15-17 Temmuz g\u00fcnleri aras\u0131 yap\u0131lmas\u0131 planlanan bak\u0131m ve yat\u0131r\u0131m \u00e7al\u0131\u015fmalar\u0131 ask\u0131ya ald\u0131klar\u0131n\u0131 s\u00f6yleyen \u0130slamo\u011flu, \u201cBEDA\u015e&#8217;\u0131n 1242 saha \u00e7al\u0131\u015fan\u0131, elektrik da\u011f\u0131t\u0131m \u00fcnitelerine sald\u0131r\u0131 olmamas\u0131 ve olas\u0131 ar\u0131zaya m\u00fcdahale edilmesi i\u00e7in t\u00fcm birimler haz\u0131r bulundu\u201d dedi.<\/p><\/div>\n<\/div>\n","protected":false},"excerpt":{"rendered":"<p>15 Temmuz 2016 Cuma ak\u015fam\u0131 ya\u015fanan darbe giri\u015fiminin ard\u0131ndan T\u00fcrkiye neredeyse sabaha kadar ayaktayd\u0131. Vatanda\u015flar meydanlara ak\u0131n ederken, evlerde ve i\u015fyerlerinde elektrikler sabah\u0131n ilk \u0131\u015f\u0131klar\u0131na kadar yand\u0131, b\u00fct\u00fcn medya kanallar\u0131 dakika dakika takip edilmeye \u00e7al\u0131\u015f\u0131ld\u0131. \u00dcretim, da\u011f\u0131t\u0131m ve kamu \u015firketleri, kesinti ve ola\u011fan\u00fcst\u00fc geli\u015fmelere kar\u015f\u0131 alarm durumuna ge\u00e7erken, Enerji ve Tabii Kaynaklar Bakanl\u0131\u011f\u0131 ve valiliklerle [&hellip;]<\/p>\n","protected":false},"author":1,"featured_media":3364,"comment_status":"open","ping_status":"open","sticky":false,"template":"","format":"standard","meta":{"ngg_post_thumbnail":0},"categories":[221,1,26],"tags":[2290,2283,4767,6785,2182,2161,298,73,11188,80,2270,2659,11213,316],"_links":{"self":[{"href":"https:\/\/emlaktuel.com\/index.php?rest_route=\/wp\/v2\/posts\/3363"}],"collection":[{"href":"https:\/\/emlaktuel.com\/index.php?rest_route=\/wp\/v2\/posts"}],"about":[{"href":"https:\/\/emlaktuel.com\/index.php?rest_route=\/wp\/v2\/types\/post"}],"author":[{"embeddable":true,"href":"https:\/\/emlaktuel.com\/index.php?rest_route=\/wp\/v2\/users\/1"}],"replies":[{"embeddable":true,"href":"https:\/\/emlaktuel.com\/index.php?rest_route=%2Fwp%2Fv2%2Fcomments&post=3363"}],"version-history":[{"count":1,"href":"https:\/\/emlaktuel.com\/index.php?rest_route=\/wp\/v2\/posts\/3363\/revisions"}],"predecessor-version":[{"id":3365,"href":"https:\/\/emlaktuel.com\/index.php?rest_route=\/wp\/v2\/posts\/3363\/revisions\/3365"}],"wp:featuredmedia":[{"embeddable":true,"href":"https:\/\/emlaktuel.com\/index.php?rest_route=\/wp\/v2\/media\/3364"}],"wp:attachment":[{"href":"https:\/\/emlaktuel.com\/index.php?rest_route=%2Fwp%2Fv2%2Fmedia&parent=3363"}],"wp:term":[{"taxonomy":"category","embeddable":true,"href":"https:\/\/emlaktuel.com\/index.php?rest_route=%2Fwp%2Fv2%2Fcategories&post=3363"},{"taxonomy":"post_tag","embeddable":true,"href":"https:\/\/emlaktuel.com\/index.php?rest_route=%2Fwp%2Fv2%2Ftags&post=3363"}],"curies":[{"name":"wp","href":"https:\/\/api.w.org\/{rel}","templated":true}]}}