{"id":3361,"date":"2016-07-21T11:11:32","date_gmt":"2016-07-21T08:11:32","guid":{"rendered":"http:\/\/emlaktuel.com\/?p=3361"},"modified":"2018-07-05T14:22:09","modified_gmt":"2018-07-05T11:22:09","slug":"spye-senin-turkiye-ile-ne-alakan-var","status":"publish","type":"post","link":"https:\/\/emlaktuel.com\/?p=3361","title":{"rendered":"S&#038;P&#8217;ye &#8220;Senin T\u00fcrkiye ile ne alakan var!&#8221;"},"content":{"rendered":"<div class=\"hz_top_post\">\n<div class=\"hz_title_and_meta\">\n<div class=\"hz_title\">\n<h1><i class=\"fa fa-folder-open\"><\/i>Cumhurba\u015fkan\u0131 Recep Tayyip Erdo\u011fan OHAL ilan\u0131n\u0131 a\u00e7\u0131klarken, kredi T\u00fcrkiye&#8217;nin kredi notunu d\u00fc\u015f\u00fcren S&amp;P&#8217;ye de tepki g\u00f6sterdi.<\/h1>\n<\/div>\n<\/div>\n<\/div>\n<div class=\"hz_main_post_content\">\n<div class=\"hz_content\">Cumhurba\u015fkan\u0131 Recep Tayyip Erdo\u011fan OHAL ilan\u0131n\u0131 a\u00e7\u0131klarken yapt\u0131\u011f\u0131 konu\u015fmada T\u00fcrkiye&#8217;nin kredi notunu kredi notunu BB+&#8217;dan BB&#8217;ye; g\u00f6r\u00fcn\u00fcm\u00fcn\u00fc de dura\u011fandan negatife indiren S&amp;P&#8217;ye tepki g\u00f6sterdi.&#8221;Ekonominin yurt i\u00e7indeki ve yurt d\u0131\u015f\u0131ndaki unsurlar\u0131n\u0131n, OHAL konusunda en k\u00fc\u00e7\u00fck teredd\u00fctleri olmamal\u0131. S&amp;P, T\u00fcrkiye&#8217;nin kredi notunu BB+&#8217;dan BB&#8217;ye; g\u00f6r\u00fcn\u00fcm\u00fcn\u00fc de dura\u011fandan negatife indirmi\u015f. T\u00fcrkiye ile senin ne alakan var? T\u00fcrkiye, \u015fu anda senin \u00fcyen falan de\u011fil. Daha \u00f6nce de bunlar\u0131 yapt\u0131n, biz dedik ki, \u2018Bizim seninle alakam\u0131z yok&#8217; ve kestik ili\u015fkiyi. \u015eu anda siyasi bir karar a\u00e7\u0131kl\u0131yor kendine g\u00f6re. Yani ben bunu a\u00e7\u0131klarsam acaba T\u00fcrkiye&#8217;de yat\u0131r\u0131mlar durur mu? S&amp;P, bo\u015funa u\u011fra\u015fma; bizimle hele hi\u00e7 u\u011fra\u015fma.&#8221;<\/div>\n<\/div>\n","protected":false},"excerpt":{"rendered":"<p>Cumhurba\u015fkan\u0131 Recep Tayyip Erdo\u011fan OHAL ilan\u0131n\u0131 a\u00e7\u0131klarken, kredi T\u00fcrkiye&#8217;nin kredi notunu d\u00fc\u015f\u00fcren S&amp;P&#8217;ye de tepki g\u00f6sterdi. Cumhurba\u015fkan\u0131 Recep Tayyip Erdo\u011fan OHAL ilan\u0131n\u0131 a\u00e7\u0131klarken yapt\u0131\u011f\u0131 konu\u015fmada T\u00fcrkiye&#8217;nin kredi notunu kredi notunu BB+&#8217;dan BB&#8217;ye; g\u00f6r\u00fcn\u00fcm\u00fcn\u00fc de dura\u011fandan negatife indiren S&amp;P&#8217;ye tepki g\u00f6sterdi.&#8221;Ekonominin yurt i\u00e7indeki ve yurt d\u0131\u015f\u0131ndaki unsurlar\u0131n\u0131n, OHAL konusunda en k\u00fc\u00e7\u00fck teredd\u00fctleri olmamal\u0131. S&amp;P, T\u00fcrkiye&#8217;nin kredi [&hellip;]<\/p>\n","protected":false},"author":1,"featured_media":2111,"comment_status":"open","ping_status":"open","sticky":false,"template":"","format":"standard","meta":{"ngg_post_thumbnail":0},"categories":[221,26,27,97],"tags":[2283,90,2182,2161,62,80,277,2270,106,89,2289,316,96,3038],"_links":{"self":[{"href":"https:\/\/emlaktuel.com\/index.php?rest_route=\/wp\/v2\/posts\/3361"}],"collection":[{"href":"https:\/\/emlaktuel.com\/index.php?rest_route=\/wp\/v2\/posts"}],"about":[{"href":"https:\/\/emlaktuel.com\/index.php?rest_route=\/wp\/v2\/types\/post"}],"author":[{"embeddable":true,"href":"https:\/\/emlaktuel.com\/index.php?rest_route=\/wp\/v2\/users\/1"}],"replies":[{"embeddable":true,"href":"https:\/\/emlaktuel.com\/index.php?rest_route=%2Fwp%2Fv2%2Fcomments&post=3361"}],"version-history":[{"count":1,"href":"https:\/\/emlaktuel.com\/index.php?rest_route=\/wp\/v2\/posts\/3361\/revisions"}],"predecessor-version":[{"id":3362,"href":"https:\/\/emlaktuel.com\/index.php?rest_route=\/wp\/v2\/posts\/3361\/revisions\/3362"}],"wp:featuredmedia":[{"embeddable":true,"href":"https:\/\/emlaktuel.com\/index.php?rest_route=\/wp\/v2\/media\/2111"}],"wp:attachment":[{"href":"https:\/\/emlaktuel.com\/index.php?rest_route=%2Fwp%2Fv2%2Fmedia&parent=3361"}],"wp:term":[{"taxonomy":"category","embeddable":true,"href":"https:\/\/emlaktuel.com\/index.php?rest_route=%2Fwp%2Fv2%2Fcategories&post=3361"},{"taxonomy":"post_tag","embeddable":true,"href":"https:\/\/emlaktuel.com\/index.php?rest_route=%2Fwp%2Fv2%2Ftags&post=3361"}],"curies":[{"name":"wp","href":"https:\/\/api.w.org\/{rel}","templated":true}]}}