{"id":33574,"date":"2020-12-05T12:15:12","date_gmt":"2020-12-05T09:15:12","guid":{"rendered":"https:\/\/emlaktuel.com\/?p=33574"},"modified":"2020-12-05T12:15:12","modified_gmt":"2020-12-05T09:15:12","slug":"bodrumda-ev-fiyatlari-uctu","status":"publish","type":"post","link":"https:\/\/emlaktuel.com\/?p=33574","title":{"rendered":"Bodrum&#8217;da ev fiyatlar\u0131 u\u00e7tu"},"content":{"rendered":"<p>&nbsp;<\/p>\n<p>Koronavir\u00fcs sonras\u0131 talebin artt\u0131\u011f\u0131 Bodrum\u2019da, her b\u00fct\u00e7eye g\u00f6re ev bulmak art\u0131k m\u00fcmk\u00fcn de\u011fil. Maddi durumu iyi olanlar t\u00fcm residence hizmetlerini alabilecekleri projeleri tercih ederken ucuz ev arayanlar ise merkezden uzak ama ula\u015f\u0131m kolayl\u0131\u011f\u0131 olan b\u00f6lgelere ta\u015f\u0131n\u0131yor. \u00d6te yandan il\u00e7ede arsa al\u0131p prefabrik evlerde ya\u015famay\u0131 se\u00e7enler bile var.<\/p>\n<p>Koronavir\u00fcsle Bodrum\u2019a ilginin artt\u0131\u011f\u0131n\u0131 belirten Besa Grup Sat\u0131\u015f ve Pazarlama Koordinat\u00f6r\u00fc \u015eule Alp, \u201cVaka yo\u011funlu\u011fu, apartmanlardaki g\u00fcr\u00fclt\u00fc, y\u00fcr\u00fcy\u00fc\u015f alanlar\u0131n\u0131n azl\u0131\u011f\u0131, kalabal\u0131klardan ka\u00e7mak isteme gibi nedenlerle Bodrum\u2019daki yazl\u0131klar normalle\u015fmeden sonra zaten dolmu\u015ftu. Buna home office \u00e7al\u0131\u015fma ve uzaktan e\u011fitim de eklenenince bir\u00e7ok insan k\u0131\u015f\u0131n da kalmaya karar verdi\u201d dedi.<\/p>\n<p>\u2018Ne istedi\u011finize ba\u011fl\u0131\u2019<\/p>\n<p>\u015eule Alp, il\u00e7ede her beklentiye g\u00f6re ev bulman\u0131n m\u00fcmk\u00fcn oldu\u011funu belirterek \u201cNe istedi\u011finize ba\u011fl\u0131. Devlet kurumlar\u0131na, merkeze yak\u0131n olsun diyenler Bitez, Konac\u0131k gibi b\u00f6lgeleri tercih ediyor. Otelde tatil yapar gibi ya\u015famak isteyenler Yal\u0131kavak, T\u00fcrkb\u00fck\u00fc, G\u00fcndo\u011fan\u2019da ev ar\u0131yor. \u00d6zellikle uluslar aras\u0131 limana sahip Yal\u0131kavak yaz-k\u0131\u015f hareketli\u201d dedi.<\/p>\n<p>Prefabrik ev yap\u0131yorlar<\/p>\n<p>Bodrum\u2019da sadece oturuma haz\u0131r konutlara de\u011fil arsalara da ilgi y\u00fcksek. T\u00fcrkiye \u00e7ap\u0131nda ge\u00e7en y\u0131l Haziran Temmuz A\u011fustos aylar\u0131nda arsa sat\u0131\u015flar\u0131, 45 milyon TL\u2019yken bu y\u0131l ayn\u0131 d\u00f6nemde 89 milyon TL\u2019ye \u00e7\u0131kt\u0131\u011f\u0131n\u0131 aktaran \u015eule Alp, \u201cGe\u00e7en y\u0131l haziran, temmuz ve a\u011fustos d\u00f6neminde 1.219 konutun sat\u0131ld\u0131\u011f\u0131 il\u00e7ede, bu sene ayn\u0131 d\u00f6nemde y\u00fczde 83,1 art\u0131\u015fla 2 bin 232&#8217;ye y\u00fckseldi. \u00dcstelik art\u0131k Bodrum\u2019un Me\u015felik, D\u00f6rtepe, G\u00fcvercinlik, G\u00fcll\u00fck gibi ad\u0131n\u0131 \u00e7ok duymad\u0131\u011f\u0131m\u0131z b\u00f6lgeleri de tercih ediliyor. Merkeze uzak ama ula\u015f\u0131m\u0131n kolay oldu\u011fu bu b\u00f6lgelerde insanlar arsa alarak ev yapmay\u0131 d\u00fc\u015f\u00fcn\u00fcyorlar. Hatta baz\u0131lar\u0131 prefabrik yap\u0131lar yaparak bu y\u0131l\u0131 ge\u00e7irmek istiyor\u201d diye konu\u015ftu.<\/p>\n<h2>1 milyondan ba\u015fl\u0131yor<\/h2>\n<p>\u0130l\u00e7ede sat\u0131\u015flar\u0131n devam etmesi durumunda yeni projelerin hayata ge\u00e7mesinin ka\u00e7\u0131n\u0131lmaz olaca\u011f\u0131n\u0131 dile getiren Alp, il\u00e7edeki gayrimenkul piyasas\u0131 hakk\u0131nda ise \u015fu bilgiler verdi: \u201cKre\u015f, temizlik, deniz taksi gibi hizmetlerin bulundu\u011fu projelerde daire fiyatlar\u0131 750.000 euro\u2019dan ba\u015fl\u0131yor 9 milyon euro\u2019ya kadar y\u00fckseliyor. Sadece deniz manzaral\u0131, 2+1, 1+1 evim olsun diyenlerin de 1 milyon TL\u2019yi g\u00f6zden \u00e7\u0131karmas\u0131 gerekiyor. Kiral\u0131k evlerde ise 2+1 evler i\u00e7in \u00fccretler 2500 TL\u2019den ba\u015fl\u0131yor. Bu \u00fccret e\u015fyal\u0131 evlerde iki kat\u0131. Ayr\u0131ca evin imk\u00e2nlar\u0131na g\u00f6re 70 bin TL\u2019ye kadar kiral\u0131k daireler bulunuyor.\u201d<\/p>\n<p>&#8212;<\/p>\n","protected":false},"excerpt":{"rendered":"<p>&nbsp; Koronavir\u00fcs sonras\u0131 talebin artt\u0131\u011f\u0131 Bodrum\u2019da, her b\u00fct\u00e7eye g\u00f6re ev bulmak art\u0131k m\u00fcmk\u00fcn de\u011fil. Maddi durumu iyi olanlar t\u00fcm residence hizmetlerini alabilecekleri projeleri tercih ederken ucuz ev arayanlar ise merkezden uzak ama ula\u015f\u0131m kolayl\u0131\u011f\u0131 olan b\u00f6lgelere ta\u015f\u0131n\u0131yor. \u00d6te yandan il\u00e7ede arsa al\u0131p prefabrik evlerde ya\u015famay\u0131 se\u00e7enler bile var. Koronavir\u00fcsle Bodrum\u2019a ilginin artt\u0131\u011f\u0131n\u0131 belirten Besa Grup [&hellip;]<\/p>\n","protected":false},"author":1,"featured_media":33575,"comment_status":"open","ping_status":"open","sticky":false,"template":"","format":"standard","meta":{"ngg_post_thumbnail":0},"categories":[5388],"tags":[3207,14825,14824],"_links":{"self":[{"href":"https:\/\/emlaktuel.com\/index.php?rest_route=\/wp\/v2\/posts\/33574"}],"collection":[{"href":"https:\/\/emlaktuel.com\/index.php?rest_route=\/wp\/v2\/posts"}],"about":[{"href":"https:\/\/emlaktuel.com\/index.php?rest_route=\/wp\/v2\/types\/post"}],"author":[{"embeddable":true,"href":"https:\/\/emlaktuel.com\/index.php?rest_route=\/wp\/v2\/users\/1"}],"replies":[{"embeddable":true,"href":"https:\/\/emlaktuel.com\/index.php?rest_route=%2Fwp%2Fv2%2Fcomments&post=33574"}],"version-history":[{"count":1,"href":"https:\/\/emlaktuel.com\/index.php?rest_route=\/wp\/v2\/posts\/33574\/revisions"}],"predecessor-version":[{"id":33576,"href":"https:\/\/emlaktuel.com\/index.php?rest_route=\/wp\/v2\/posts\/33574\/revisions\/33576"}],"wp:featuredmedia":[{"embeddable":true,"href":"https:\/\/emlaktuel.com\/index.php?rest_route=\/wp\/v2\/media\/33575"}],"wp:attachment":[{"href":"https:\/\/emlaktuel.com\/index.php?rest_route=%2Fwp%2Fv2%2Fmedia&parent=33574"}],"wp:term":[{"taxonomy":"category","embeddable":true,"href":"https:\/\/emlaktuel.com\/index.php?rest_route=%2Fwp%2Fv2%2Fcategories&post=33574"},{"taxonomy":"post_tag","embeddable":true,"href":"https:\/\/emlaktuel.com\/index.php?rest_route=%2Fwp%2Fv2%2Ftags&post=33574"}],"curies":[{"name":"wp","href":"https:\/\/api.w.org\/{rel}","templated":true}]}}