{"id":33553,"date":"2020-12-03T09:11:06","date_gmt":"2020-12-03T06:11:06","guid":{"rendered":"https:\/\/emlaktuel.com\/?p=33553"},"modified":"2020-12-03T09:11:06","modified_gmt":"2020-12-03T06:11:06","slug":"mimar-ozlem-algul-depreme-karsi-ic-mekanlarda-alinabilecek-onlemleri-acikladi","status":"publish","type":"post","link":"https:\/\/emlaktuel.com\/?p=33553","title":{"rendered":"Mimar \u00d6zlem Alg\u00fcl, depreme kar\u015f\u0131 i\u00e7 mekanlarda al\u0131nabilecek \u00f6nlemleri a\u00e7\u0131klad\u0131"},"content":{"rendered":"<p>&nbsp;<\/p>\n<p><strong>Deprem ku\u015fa\u011f\u0131 \u00fczerinde yer alan \u00fclkemizde en son \u0130zmir\u2019de ya\u015fanan, can ve mal kay\u0131plar\u0131n\u0131n oldu\u011fu \u015fiddetli depremin ard\u0131ndan ya\u015fam alanlar\u0131nda al\u0131nabilecek g\u00fcvenlik \u00f6nlemleri yeniden g\u00fcndemde. Olas\u0131 bir depremde ya\u015famsal g\u00fcvenli\u011fi sa\u011flayabilmek ve kay\u0131plar\u0131n \u00f6n\u00fcne ge\u00e7ebilmek i\u00e7in depreme kar\u015f\u0131 i\u00e7 mekanlarda al\u0131nabilecek \u00f6nlemleri \u0130\u00e7 Mimar \u00d6zlem Alg\u00fcl a\u00e7\u0131klad\u0131.<\/strong><\/p>\n<p><img loading=\"lazy\" class=\"aligncenter size-large wp-image-33554\" src=\"https:\/\/emlaktuel.com\/wp-content\/uploads\/2020\/12\/IMG_20201203_090930-750x500.jpg\" alt=\"\" width=\"600\" height=\"400\" \/>Deprem ana karan\u0131n i\u00e7indeki k\u0131r\u0131lmalar nedeni ile ani, zamans\u0131z ortaya \u00e7\u0131kan titre\u015fimlerin dalgalar halinde yay\u0131larak ge\u00e7tikleri yeri, yer y\u00fczeyini sarsma halidir. Sars\u0131nt\u0131lar belli bir \u015fiddetin \u00fczerinde oldu\u011funda insanlar her nerede ve ortamda olursa olsun bundan etkilenirler. Bu sars\u0131nt\u0131lar\u0131n gelme \u015fiddeti tahmin edilebilir fakat etkisi bilinemez.<\/p>\n<p>Her yap\u0131 ve ya\u015fam alan\u0131 belirli bile\u015fenlerin bir araya gelmesiyle olu\u015fur. Yap\u0131n\u0131n ana omurgas\u0131, ta\u015f\u0131y\u0131c\u0131s\u0131 m\u00fchendislik bile\u015fenlerine g\u00f6re \u00e7\u00f6z\u00fcmlenir ve yerden \u2018\u2019ana karadan\u2019\u2019 gelebilecek t\u00fcm do\u011fa afetlerine g\u00f6re yerle\u015ftirilir ve do\u011fal afetlere kar\u015f\u0131 gelebilecek t\u00fcm olas\u0131l\u0131klar\u0131n\u0131 ortadan kald\u0131racak \u015fekli ile olu\u015fturulur.<\/p>\n<p>\u0130\u00e7 mekanlar; evler, ofisler, ma\u011fazalar, restoranlar yani insanlar\u0131 i\u00e7eride b\u0131rakan ya\u015fam alanlar\u0131nda, gelebilecek t\u00fcm sars\u0131nt\u0131 i\u00e7in \u00e7\u00f6z\u00fcm \u00f6nerileri geli\u015ftirmek i\u00e7 mimarl\u0131\u011f\u0131n konular\u0131ndan biridir. Yap\u0131sal her tedbirin al\u0131nd\u0131\u011f\u0131n\u0131 d\u00fc\u015f\u00fcnerek ya\u015famlar\u0131m\u0131z\u0131 devam ettirdi\u011fimiz bu alanlarda ihtiya\u00e7lar\u0131m\u0131z ve \u00e7o\u011fu zaman ihtiya\u00e7 d\u0131\u015f\u0131 ama kendi var olu\u015fumuzu ifade eden par\u00e7alar da hayat\u0131m\u0131zda yer al\u0131r. Ana ihtiya\u00e7 dendi\u011finde; yatak, dolap, komodin, konsol, sehpa, kitapl\u0131k, beyaz e\u015fyalar akla gelse de bunlar\u0131n yan\u0131 s\u0131ra tablo, ayna, dekoratif objeler, canl\u0131 bitkiler, vazolar, biblolar, avizeler gibi bir \u00e7ok eleman da ya\u015fam alanlar\u0131nda yerini al\u0131r.<\/p>\n<p>Bir evin ihtiyac\u0131na y\u00f6nelik ve tasar\u0131msal \u00f6\u011feler bir araya getirilirken, o evde ya\u015fayan ki\u015filerin cinsiyetleri, ya\u015f guruplar\u0131, hobileri, zevkleri g\u00f6z \u00f6n\u00fcne al\u0131n\u0131r. Yap\u0131sal bile\u015fenler ile birlikte sabit ve hareketli mobilyalara ihtiya\u00e7 duyularak se\u00e7imler yap\u0131l\u0131r. Tutadojora Mimarl\u0131k Markas\u0131n\u0131n kurucusu \u0130\u00e7 Mimar \u00d6zlem Alg\u00fcl bu topraklarda ya\u015fayan herkesin, bulundu\u011fu konumun deprem ile ili\u015fkisi hakk\u0131nda bilin\u00e7li olmas\u0131n\u0131 ve olas\u0131 sars\u0131nt\u0131lardan \u00f6nce ya\u015fam alanlar\u0131nda gerekli \u00f6nlemleri almas\u0131n\u0131 \u00f6nererek i\u00e7 mekanlarda al\u0131nabilecek \u00f6nlemleri \u015fu \u015fekilde s\u0131ralad\u0131:<\/p>\n<p><strong>Hareketsiz mobilyalar sabitlenmeli<\/strong><\/p>\n<p>Vitrin, konsol, dolap, kitapl\u0131k, vestiyer, mutfak ve banyo dolaplar\u0131 gibi elemanlar yerleri \u00e7ok s\u0131k de\u011fi\u015ftirilmeyen, ihtiyaca y\u00f6nelik ana par\u00e7alar olup duvarla ili\u015fkili yerle\u015firler. T\u0131pk\u0131 bir mutfak dolab\u0131n\u0131n duvardan ayr\u0131lma olas\u0131l\u0131\u011f\u0131na tedbir ve ihtiya\u00e7tan duyulan ba\u011flant\u0131 elemanlar\u0131 gibi di\u011fer t\u00fcm mobilyalar\u0131m\u0131z i\u00e7in ba\u011flay\u0131c\u0131 eleman ve aparatlar kullanarak sabitlenmesi gerekti\u011fi bilincinde olmak, olas\u0131 kazaya sebebiyet verecek unsurlara kar\u015f\u0131 ya\u015famsal tedbirlerin al\u0131nmas\u0131n\u0131 sa\u011flar.<\/p>\n<p><strong>Hareketli mobilyalar\u0131 se\u00e7erken bunlara dikkat<\/strong><\/p>\n<p>Bir hareketli mobilyan\u0131n esteti\u011fini belirleyen ana unsur malzemedir. Hareketli mobilya kategorisinde ihtiya\u00e7 g\u00f6ren sehpa, komodin, sandalye, masa, koltuk gibi elemanlar\u0131n se\u00e7iminde kullan\u0131lan malzemenin sa\u011flaml\u0131\u011f\u0131, iskelet sistemi gibi unsurlar \u00f6nemli. Ka\u00e7\u0131\u015f planlar\u0131nda veya bekleme durumlar\u0131nda koltu\u011fun sa\u011flaml\u0131\u011f\u0131 ev sakinleri i\u00e7in g\u00fcvenlikli alan olu\u015fturabilir. Hareketli mobilyalar\u0131n sa\u011flaml\u0131\u011f\u0131 g\u00f6zden ge\u00e7irilmeli ve ka\u00e7\u0131\u015f durumlar\u0131nda yol \u00fczerinde engel olu\u015fturmayacak \u015fekilde yerle\u015ftirilmeli.<\/p>\n<p><strong>Aksesuarlar\u0131n malzemesi ve a\u011f\u0131rl\u0131\u011f\u0131 \u00f6nemli<\/strong><\/p>\n<p>Vazge\u00e7ilmez olan, \u00e7o\u011fu zaman da mekanlar\u0131n tarz\u0131n\u0131 ifade eden o k\u00fc\u00e7\u00fck ama ya\u015fam alanlar\u0131nda b\u00fcy\u00fck yer kaplayan k\u0131r\u0131lgan vazolar, tablolar, biblolar, aynalar\u0131n se\u00e7imleri yap\u0131l\u0131rken boyutu, hafifli\u011fi ve az k\u0131r\u0131lgan malzemeden yana se\u00e7imlerinin yap\u0131lmas\u0131na dikkat \u00e7ekmek istiyorum. Bu elemanlar ne kadar hafifse o kadar zarars\u0131zd\u0131r diyebiliriz. Konumland\u0131r\u0131ld\u0131klar\u0131 yerler se\u00e7ilirken de ya\u015fanabilecek olas\u0131 sars\u0131nt\u0131 durumlar\u0131na g\u00f6re konumlar\u0131n\u0131 belirlemekte fayda var. Ka\u00e7\u0131\u015f alan\u0131 olan antrelerde bu elemanlar\u0131n kullan\u0131m yerleri ve \u015fekilleri olas\u0131 aksili\u011fe kar\u015f\u0131 tedbirli olabilmek i\u00e7in dikkat edilmesi gereken unsurlar aras\u0131nda.<\/p>\n<p><strong>Ayd\u0131nlatma elemanlar\u0131n\u0131n elektrikle ili\u015fkisi kontrol edilmeli<\/strong><\/p>\n<p>Avizeler, aplikler as\u0131l\u0131rken ya da konumland\u0131r\u0131l\u0131rken elektrikle ili\u015fkisi d\u00fc\u015f\u00fcn\u00fcld\u00fc\u011f\u00fcnde alt yap\u0131s\u0131 ile de iyi bir kontrolden ge\u00e7irilmeli. Tavana ve duvara sabitleme elemanlar\u0131 a\u011f\u0131rl\u0131klar\u0131na g\u00f6re se\u00e7ilmeli ve sabitlenmeli. Malzemeler ise estetik alg\u0131dan uzak kal\u0131nmamakla birlikte az par\u00e7al\u0131, hafif elemanlardan olu\u015facak \u015fekilde tercih edilmeli.<\/p>\n<p><strong>Kaplama elemanlar\u0131, b\u00f6l\u00fcc\u00fcler (do\u011framalar ve duvarlar ) \u00f6nlemlere dahil edilmeli<\/strong><\/p>\n<p>Islak hacimlerde yer verilen do\u011fal ya da suni kaplamalar\u0131n alt yap\u0131s\u0131, duvar y\u00fczeyleri ile ba\u011flant\u0131 \u015feklinin kontrol edilmesi \u00f6nemlidir. Duvar kaplamalar\u0131nda imkanlar dahilinde; nano teknoloji ile geli\u015ftirilmi\u015f duvar ka\u011f\u0131tlar\u0131 kullan\u0131m\u0131 tercih edilebilir. Bu \u00fcr\u00fcnler sars\u0131nt\u0131 esnas\u0131nda b\u00f6l\u00fcc\u00fc ya da ta\u015f\u0131y\u0131c\u0131 duvarlarda mukavemeti artt\u0131racakt\u0131r. Do\u011framalarda kullan\u0131lan camlar\u0131n sars\u0131nt\u0131 ve darbeye kar\u015f\u0131 k\u0131r\u0131lmas\u0131 halinde insanlara zarar vermemesi i\u00e7in tamperli, k\u0131r\u0131ld\u0131\u011f\u0131nda k\u0131sa ve keskin olmayan par\u00e7alar yaratan malzemeler se\u00e7ilmesi de g\u00fcvenli\u011fimiz i\u00e7in \u00f6nemlidir.<\/p>\n<p>Ya\u015fam alanlar\u0131nda, ev sakinlerinin fazlal\u0131k olarak g\u00f6rd\u00fckleri e\u015fyalar\u0131n\u0131 azaltmalar\u0131 olas\u0131 sars\u0131nt\u0131lara kar\u015f\u0131 al\u0131nabilecek \u00f6nlemlere bir ba\u015flang\u0131\u00e7 olabilir.<\/p>\n","protected":false},"excerpt":{"rendered":"<p>&nbsp; Deprem ku\u015fa\u011f\u0131 \u00fczerinde yer alan \u00fclkemizde en son \u0130zmir\u2019de ya\u015fanan, can ve mal kay\u0131plar\u0131n\u0131n oldu\u011fu \u015fiddetli depremin ard\u0131ndan ya\u015fam alanlar\u0131nda al\u0131nabilecek g\u00fcvenlik \u00f6nlemleri yeniden g\u00fcndemde. Olas\u0131 bir depremde ya\u015famsal g\u00fcvenli\u011fi sa\u011flayabilmek ve kay\u0131plar\u0131n \u00f6n\u00fcne ge\u00e7ebilmek i\u00e7in depreme kar\u015f\u0131 i\u00e7 mekanlarda al\u0131nabilecek \u00f6nlemleri \u0130\u00e7 Mimar \u00d6zlem Alg\u00fcl a\u00e7\u0131klad\u0131. Deprem ana karan\u0131n i\u00e7indeki k\u0131r\u0131lmalar nedeni ile [&hellip;]<\/p>\n","protected":false},"author":1,"featured_media":16579,"comment_status":"open","ping_status":"open","sticky":false,"template":"","format":"standard","meta":{"ngg_post_thumbnail":0},"categories":[5388],"tags":[9079,14819],"_links":{"self":[{"href":"https:\/\/emlaktuel.com\/index.php?rest_route=\/wp\/v2\/posts\/33553"}],"collection":[{"href":"https:\/\/emlaktuel.com\/index.php?rest_route=\/wp\/v2\/posts"}],"about":[{"href":"https:\/\/emlaktuel.com\/index.php?rest_route=\/wp\/v2\/types\/post"}],"author":[{"embeddable":true,"href":"https:\/\/emlaktuel.com\/index.php?rest_route=\/wp\/v2\/users\/1"}],"replies":[{"embeddable":true,"href":"https:\/\/emlaktuel.com\/index.php?rest_route=%2Fwp%2Fv2%2Fcomments&post=33553"}],"version-history":[{"count":1,"href":"https:\/\/emlaktuel.com\/index.php?rest_route=\/wp\/v2\/posts\/33553\/revisions"}],"predecessor-version":[{"id":33555,"href":"https:\/\/emlaktuel.com\/index.php?rest_route=\/wp\/v2\/posts\/33553\/revisions\/33555"}],"wp:featuredmedia":[{"embeddable":true,"href":"https:\/\/emlaktuel.com\/index.php?rest_route=\/wp\/v2\/media\/16579"}],"wp:attachment":[{"href":"https:\/\/emlaktuel.com\/index.php?rest_route=%2Fwp%2Fv2%2Fmedia&parent=33553"}],"wp:term":[{"taxonomy":"category","embeddable":true,"href":"https:\/\/emlaktuel.com\/index.php?rest_route=%2Fwp%2Fv2%2Fcategories&post=33553"},{"taxonomy":"post_tag","embeddable":true,"href":"https:\/\/emlaktuel.com\/index.php?rest_route=%2Fwp%2Fv2%2Ftags&post=33553"}],"curies":[{"name":"wp","href":"https:\/\/api.w.org\/{rel}","templated":true}]}}