{"id":33551,"date":"2020-12-02T13:19:33","date_gmt":"2020-12-02T10:19:33","guid":{"rendered":"https:\/\/emlaktuel.com\/?p=33551"},"modified":"2020-12-02T13:19:33","modified_gmt":"2020-12-02T10:19:33","slug":"insaat-malzemeleri-sanayi-uretimi-eylul-ayinda-yuzde-197-artti","status":"publish","type":"post","link":"https:\/\/emlaktuel.com\/?p=33551","title":{"rendered":"\u0130n\u015faat malzemeleri sanayi \u00fcretimi eyl\u00fcl ay\u0131nda y\u00fczde 19,7 artt\u0131"},"content":{"rendered":"<h2>\u0130n\u015faat malzemeleri sanayi \u00fcretimi eyl\u00fcl ay\u0131nda y\u00fczde 19,7 artt\u0131.<\/h2>\n<p><strong>T\u00fcrkiye \u0130MSAD, yap\u0131 sekt\u00f6r\u00fc ve ekonomi \u00e7evreleri taraf\u0131ndan dikkatle izlenen ayl\u0131k sekt\u00f6r raporunu a\u00e7\u0131klad\u0131. \u2018T\u00fcrkiye \u0130MSAD Kas\u0131m 2020 Sekt\u00f6r Raporu\u2019na g\u00f6re, in\u015faat malzemeleri sanayi \u00fcretimi eyl\u00fcl ay\u0131nda ge\u00e7en y\u0131l\u0131n eyl\u00fcl ay\u0131na g\u00f6re y\u00fczde 19,7 art\u0131\u015f g\u00f6sterdi. \u0130n\u015faat sekt\u00f6r\u00fc ise son 8 \u00e7eyrek d\u00f6nem boyunca k\u00fc\u00e7\u00fcld\u00fckten sonra 2020 y\u0131l\u0131 \u00fc\u00e7\u00fcnc\u00fc \u00e7eyre\u011finde y\u00fczde 6,4 oran\u0131nda b\u00fcy\u00fcme g\u00f6sterdi. \u0130n\u015faat sekt\u00f6r\u00fcndeki b\u00fcy\u00fcme, in\u015faat malzemeleri sanayisini de olumlu etkiledi.<\/strong><\/p>\n<p>\u0130n\u015faat malzemesi sekt\u00f6r\u00fcn\u00fcn \u00e7at\u0131 kurulu\u015fu\u00a0<strong>T\u00fcrkiye \u0130n\u015faat Malzemesi Sanayicileri Derne\u011fi (T\u00fcrkiye \u0130MSAD)<\/strong>\u00a0taraf\u0131ndan haz\u0131rlanan \u2018<strong>Kas\u0131m 2020 Sekt\u00f6r Raporu<\/strong>\u2019nda \u015fu tespitler yer ald\u0131:<a rel=\"noreferrer\" name=\"m_3428824629094889825__Hlk41840446\"><\/a><a rel=\"noreferrer\" name=\"m_3428824629094889825__Hlk36505449\"><\/a><a rel=\"noreferrer\" name=\"m_3428824629094889825__Hlk26178636\"><\/a><a rel=\"noreferrer\" name=\"m_3428824629094889825__Hlk23276342\"><\/a><a rel=\"noreferrer\" name=\"m_3428824629094889825__Hlk12924166\"><\/a><a rel=\"noreferrer\" name=\"m_3428824629094889825__Hlk7631283\"><\/a><a rel=\"noreferrer\" name=\"m_3428824629094889825__Hlk533972500\"><\/a>\u00a0\u0130n\u015faat sekt\u00f6r\u00fc 2020 y\u0131l\u0131n\u0131n \u00fc\u00e7\u00fcnc\u00fc \u00e7eyre\u011finde ge\u00e7en y\u0131l\u0131n ayn\u0131 \u00e7eyrek d\u00f6nemine g\u00f6re y\u00fczde\u00a0<strong>6,4\u00a0<\/strong>b\u00fcy\u00fcd\u00fc. Covid-19 salg\u0131n\u0131 ile birlikte kamunun sa\u011flad\u0131\u011f\u0131 kredi olanaklar\u0131 ve di\u011fer destekler ile in\u015faat sekt\u00f6r\u00fc y\u0131l\u0131n \u00fc\u00e7\u00fcnc\u00fc \u00e7eyrek d\u00f6neminde h\u0131zl\u0131 bir toparlanma g\u00f6sterdi. Toparlanma \u00fc\u00e7\u00fcnc\u00fc \u00e7eyrekte b\u00fcy\u00fcmeye d\u00f6n\u00fc\u015ft\u00fc. B\u00f6ylece \u00f6nceki son 8 \u00e7eyrek d\u00f6nem boyunca k\u00fc\u00e7\u00fclen in\u015faat sekt\u00f6r\u00fc<strong>\u00a02\u00a0<\/strong>y\u0131ll\u0131k k\u00fc\u00e7\u00fclmeye son vererek 2020 y\u0131l\u0131n\u0131n \u00fc\u00e7\u00fcnc\u00fc \u00e7eyrek d\u00f6neminde b\u00fcy\u00fcme g\u00f6sterdi. \u0130n\u015faat sekt\u00f6r\u00fcndeki b\u00fcy\u00fcme in\u015faat malzemeleri sanayisini de olumlu etkiledi.<\/p>\n<h2><strong>\u0130n\u015faat harcamalar\u0131 \u00fc\u00e7\u00fcnc\u00fc \u00e7eyrekte y\u00fczde 30,8 artt\u0131<\/strong><\/h2>\n<p>2020 y\u0131l\u0131n\u0131n \u00fc\u00e7\u00fcnc\u00fc \u00e7eyre\u011finde in\u015faat harcamalar\u0131 cari fiyatlarla ge\u00e7en y\u0131l\u0131n ayn\u0131 \u00e7eyre\u011fine g\u00f6re y\u00fczde\u00a0<strong>30,8\u00a0<\/strong>artarak\u00a0<strong>182,1<\/strong>\u00a0milyar TL olarak ger\u00e7ekle\u015fti. Y\u0131l\u0131n \u00fc\u00e7\u00fcnc\u00fc \u00e7eyre\u011finde in\u015faat faaliyetlerinin, sa\u011flanan desteklerin etkisiyle \u00f6nemli \u00f6l\u00e7\u00fcde b\u00fcy\u00fcmesi sonucu in\u015faat harcamalar\u0131 son\u00a0<strong>11<\/strong>\u00a0\u00e7eyre\u011fin en y\u00fcksek seviyesine ula\u015ft\u0131.<\/p>\n<p><strong>\u0130n\u015faat sekt\u00f6r\u00fcnde b\u00fcy\u00fcme ekonomik b\u00fcy\u00fcmeye yakla\u015ft\u0131<\/strong><\/p>\n<p>\u0130n\u015faat sekt\u00f6r\u00fc ile ekonominin genelinde ya\u015fanan b\u00fcy\u00fcme aras\u0131ndaki pozitif ili\u015fki son\u00a0<strong>8\u00a0<\/strong>\u00e7eyrektir \u00f6nemli \u00f6l\u00e7\u00fcde bozulmu\u015ftu. 2018 y\u0131l\u0131nda ekonomi y\u00fczde\u00a0<strong>3\u00a0<\/strong>b\u00fcy\u00fcrken in\u015faat sekt\u00f6r\u00fc y\u00fczde\u00a0<strong>1,9<\/strong>\u00a0k\u00fc\u00e7\u00fclm\u00fc\u015ft\u00fc. 2019 y\u0131l\u0131nda ise ekonomi y\u00fczde\u00a0<strong>0,9<\/strong>\u00a0b\u00fcy\u00fcrken in\u015faat sekt\u00f6r\u00fc y\u00fczde\u00a0<strong>8,6<\/strong>\u00a0daralm\u0131\u015ft\u0131. 2020 y\u0131l\u0131n\u0131n \u00fc\u00e7\u00fcnc\u00fc \u00e7eyre\u011finde ise ekonomi y\u00fczde\u00a0<strong>6,7<\/strong>\u00a0b\u00fcy\u00fcrken in\u015faat sekt\u00f6r\u00fcnde y\u00fczde\u00a0<strong>6,4<\/strong>\u00a0b\u00fcy\u00fcme ger\u00e7ekle\u015fti. Y\u0131l\u0131n ilk\u00a0<strong>9<\/strong>\u00a0ay\u0131nda da ekonomi y\u00fczde\u00a0<strong>0,4<\/strong>\u00a0b\u00fcy\u00fcrken, in\u015faat sekt\u00f6r\u00fcnde b\u00fcy\u00fcme y\u00fczde\u00a0<strong>0,8\u00a0<\/strong>oldu. \u0130n\u015faat ve genel ekonomi b\u00fcy\u00fcme performans\u0131n\u0131n, 2021 y\u0131l\u0131nda yeniden yak\u0131nla\u015ft\u0131\u011f\u0131 g\u00f6r\u00fcld\u00fc.<\/p>\n<p>&nbsp;<\/p>\n<p><a rel=\"noreferrer\" name=\"m_3428824629094889825__Hlk26178719\"><\/a>T\u00dc\u0130K\u2019in haz\u0131rlad\u0131\u011f\u0131 in\u015faat sekt\u00f6r\u00fc g\u00fcven endeksi temmuz ay\u0131nda Covid-19 salg\u0131n\u0131 \u00f6ncesindeki g\u00fcven seviyesini \u00f6nemli \u00f6l\u00e7\u00fcde a\u015fm\u0131\u015ft\u0131. \u0130zleyen aylarda ise g\u00fcven endeksi kademeli bir gerileme g\u00f6sterdi. \u0130n\u015faat sekt\u00f6r\u00fc g\u00fcven endeksi kas\u0131m ay\u0131nda ise bir \u00f6nceki aya g\u00f6re\u00a0<strong>6,8<\/strong>\u00a0puan daha d\u00fc\u015ferek\u00a0<strong>72,8<\/strong>\u00a0puan olarak ger\u00e7ekle\u015fti. \u0130n\u015faat sekt\u00f6r\u00fc g\u00fcven endeksinde kas\u0131m ay\u0131nda ger\u00e7ekle\u015fen bu kuvvetli d\u00fc\u015f\u00fc\u015fte ekonomik geli\u015fmeler ve Covid-19 salg\u0131n\u0131 ikinci dalgas\u0131 etkili oldu.<\/p>\n<h2>\n<strong>Mevcut in\u015faat i\u015fleri kas\u0131mda 10,3 puan geriledi<\/strong><\/h2>\n<p>T\u00dc\u0130K taraf\u0131ndan a\u00e7\u0131klanan verilere g\u00f6re in\u015faat sekt\u00f6r\u00fcnde mevcut i\u015fler seviyesi a\u011fustos ay\u0131ndaki zirve sonras\u0131 eyl\u00fcl ve ekim aylar\u0131nda s\u0131n\u0131rl\u0131 \u00f6l\u00e7\u00fcde geriledi. Mevcut i\u015fler seviyesi kas\u0131m ay\u0131nda ise\u00a0<strong>10,3<\/strong>\u00a0puan ile \u00f6nemli \u00f6l\u00e7\u00fcde d\u00fc\u015f\u00fc\u015f g\u00f6sterdi. B\u00f6ylece mevcut i\u015fler mevsimsellik etkisinin de ba\u015flamas\u0131 ile d\u00fc\u015f\u00fc\u015fe ge\u00e7ti. \u0130n\u015faat sekt\u00f6r\u00fc Covid-19 salg\u0131n\u0131 ile yar\u0131m kalan i\u015flerini b\u00fcy\u00fck \u00f6l\u00e7\u00fcde tamaml\u0131yor. Covid-19 salg\u0131n\u0131 ikinci dalgas\u0131 ve k\u0131\u015f aylar\u0131na girilmesi nedeniyle mevcut i\u015fler seviyesinin kademeli olarak gerilemeye devam etmesi bekleniyor.<\/p>\n<p>&nbsp;<\/p>\n<p><strong>Yeni al\u0131nan in\u015faat i\u015fleri kas\u0131mda 7,2 puan geriledi<\/strong><\/p>\n<p>T\u00dc\u0130K verilerine g\u00f6re in\u015faat sekt\u00f6r\u00fcnde al\u0131nan yeni i\u015f sipari\u015fleri kas\u0131m ay\u0131nda\u00a0<strong>7,2\u00a0<\/strong>puan geriledi. Sekt\u00f6rde yeni i\u015f sipari\u015fleri haziran ve temmuz aylar\u0131nda \u00f6nemli art\u0131\u015f g\u00f6stermi\u015f, a\u011fustos-ekim d\u00f6neminde i\u015f sipari\u015flerinde doygunluk ya\u015fanmaya ba\u015flanm\u0131\u015ft\u0131. Kas\u0131m ay\u0131nda ise yeni al\u0131nan i\u015fler seviyesi ayl\u0131k olarak yeniden hissedilir bir d\u00fc\u015f\u00fc\u015f g\u00f6sterdi. Tamamlanan i\u015fler sonras\u0131 yeni sipari\u015flerin k\u0131\u015f aylar\u0131 sonras\u0131 ve Covid-19 salg\u0131n\u0131 etkilerinin azalmas\u0131 ile birlikte yeniden artmaya ba\u015flayaca\u011f\u0131 \u00f6ng\u00f6r\u00fcl\u00fcyor.<\/p>\n<p><strong>\u0130n\u015faat malzemeleri sanayi \u00fcretimi \u00fc\u00e7\u00fcnc\u00fc \u00e7eyrekte h\u0131zl\u0131 toparlanma i\u00e7ine girdi<\/strong><\/p>\n<p>\u0130n\u015faat malzemeleri sanayi \u00fcretimi 2020 y\u0131l\u0131 ilk \u00e7eyre\u011finde y\u00fczde\u00a0<strong>8\u00a0<\/strong>b\u00fcy\u00fcme g\u00f6stermi\u015fti. Covid-19 salg\u0131n\u0131 ile ortaya \u00e7\u0131kan ko\u015fullar nedeniyle in\u015faat malzemeleri sanayi \u00fcretimi, y\u0131l\u0131n ikinci \u00e7eyre\u011finde ise y\u00fczde\u00a0<strong>8<\/strong>\u00a0d\u00fc\u015f\u00fc\u015f g\u00f6sterdi. Y\u0131l\u0131n \u00fc\u00e7\u00fcnc\u00fc \u00e7eyre\u011finde in\u015faat malzemeleri sanayi \u00fcretimi bu kez h\u0131zl\u0131 bir toparlanma i\u00e7ine girdi.<\/p>\n<p>Temmuz ay\u0131nda y\u00fczde\u00a0<strong>7<\/strong>, a\u011fustos ay\u0131nda ise y\u00fczde\u00a0<strong>24,6<\/strong>\u00a0artan sanayi \u00fcretimi eyl\u00fcl ay\u0131nda da h\u0131zl\u0131 b\u00fcy\u00fcme g\u00f6sterdi. Eyl\u00fcl ay\u0131nda \u00fcretim, ge\u00e7en y\u0131l\u0131n ayn\u0131 ay\u0131na g\u00f6re y\u00fczde\u00a0<strong>19,7<\/strong>\u00a0artt\u0131. Eyl\u00fcl ay\u0131ndaki \u00fcretim art\u0131\u015f\u0131nda i\u00e7eride mevcut in\u015faat i\u015flerindeki canlanma ile d\u0131\u015f pazarlardaki talep art\u0131\u015f\u0131 etkili oldu. 2020 y\u0131l\u0131 eyl\u00fcl ay\u0131nda\u00a0<strong>22<\/strong>\u00a0alt sekt\u00f6r\u00fcn\u00a0<strong>22<\/strong>\u2019sinde de \u00fcretim bir \u00f6nceki y\u0131l\u0131n eyl\u00fcl ay\u0131na g\u00f6re artt\u0131.<\/p>\n<p>En y\u00fcksek \u00fcretim art\u0131\u015f\u0131 y\u00fczde\u00a0<strong>41,6<\/strong>\u00a0ile haz\u0131r beton sekt\u00f6r\u00fcnde ger\u00e7ekle\u015fti. Birle\u015ftirilmi\u015f parke ve yer d\u00f6\u015femeleri sekt\u00f6r\u00fcnde \u00fcretim y\u00fczde\u00a0<strong>40,2<\/strong>, \u00e7imento sekt\u00f6r\u00fcnde y\u00fczde\u00a0<strong>40<\/strong>, demir \u00e7elik radyat\u00f6rlerde y\u00fczde\u00a0<strong>36,1<\/strong>, kilit ve donan\u0131m e\u015fyalar\u0131nda y\u00fczde\u00a0<strong>35,4<\/strong>, seramik kaplama malzemelerinde y\u00fczde\u00a0<strong>31,7<\/strong>\u00a0ve in\u015faat boya ve vernikleri sekt\u00f6r\u00fcnde y\u00fczde\u00a0<strong>31\u00a0<\/strong>y\u00fckseldi.<\/p>\n<p>Eyl\u00fcl ay\u0131ndaki \u00fcretim art\u0131\u015f\u0131 ile 2020 y\u0131l\u0131 ocak-eyl\u00fcl d\u00f6neminde in\u015faat malzemeleri sanayi \u00fcretimi art\u0131\u015f\u0131 y\u00fczde\u00a0<strong>5,9<\/strong>\u00a0olarak ger\u00e7ekle\u015fti.\u00a0<strong>22\u00a0<\/strong>alt sekt\u00f6rden\u00a0<strong>14<\/strong>\u2019\u00fcnde \u00fcretim ge\u00e7en y\u0131l\u0131n ocak-eyl\u00fcl d\u00f6nemine g\u00f6re artt\u0131.<\/p>\n","protected":false},"excerpt":{"rendered":"<p>\u0130n\u015faat malzemeleri sanayi \u00fcretimi eyl\u00fcl ay\u0131nda y\u00fczde 19,7 artt\u0131. T\u00fcrkiye \u0130MSAD, yap\u0131 sekt\u00f6r\u00fc ve ekonomi \u00e7evreleri taraf\u0131ndan dikkatle izlenen ayl\u0131k sekt\u00f6r raporunu a\u00e7\u0131klad\u0131. \u2018T\u00fcrkiye \u0130MSAD Kas\u0131m 2020 Sekt\u00f6r Raporu\u2019na g\u00f6re, in\u015faat malzemeleri sanayi \u00fcretimi eyl\u00fcl ay\u0131nda ge\u00e7en y\u0131l\u0131n eyl\u00fcl ay\u0131na g\u00f6re y\u00fczde 19,7 art\u0131\u015f g\u00f6sterdi. \u0130n\u015faat sekt\u00f6r\u00fc ise son 8 \u00e7eyrek d\u00f6nem boyunca k\u00fc\u00e7\u00fcld\u00fckten sonra [&hellip;]<\/p>\n","protected":false},"author":1,"featured_media":22895,"comment_status":"open","ping_status":"open","sticky":false,"template":"","format":"standard","meta":{"ngg_post_thumbnail":0},"categories":[5388],"tags":[8735,11377],"_links":{"self":[{"href":"https:\/\/emlaktuel.com\/index.php?rest_route=\/wp\/v2\/posts\/33551"}],"collection":[{"href":"https:\/\/emlaktuel.com\/index.php?rest_route=\/wp\/v2\/posts"}],"about":[{"href":"https:\/\/emlaktuel.com\/index.php?rest_route=\/wp\/v2\/types\/post"}],"author":[{"embeddable":true,"href":"https:\/\/emlaktuel.com\/index.php?rest_route=\/wp\/v2\/users\/1"}],"replies":[{"embeddable":true,"href":"https:\/\/emlaktuel.com\/index.php?rest_route=%2Fwp%2Fv2%2Fcomments&post=33551"}],"version-history":[{"count":1,"href":"https:\/\/emlaktuel.com\/index.php?rest_route=\/wp\/v2\/posts\/33551\/revisions"}],"predecessor-version":[{"id":33552,"href":"https:\/\/emlaktuel.com\/index.php?rest_route=\/wp\/v2\/posts\/33551\/revisions\/33552"}],"wp:featuredmedia":[{"embeddable":true,"href":"https:\/\/emlaktuel.com\/index.php?rest_route=\/wp\/v2\/media\/22895"}],"wp:attachment":[{"href":"https:\/\/emlaktuel.com\/index.php?rest_route=%2Fwp%2Fv2%2Fmedia&parent=33551"}],"wp:term":[{"taxonomy":"category","embeddable":true,"href":"https:\/\/emlaktuel.com\/index.php?rest_route=%2Fwp%2Fv2%2Fcategories&post=33551"},{"taxonomy":"post_tag","embeddable":true,"href":"https:\/\/emlaktuel.com\/index.php?rest_route=%2Fwp%2Fv2%2Ftags&post=33551"}],"curies":[{"name":"wp","href":"https:\/\/api.w.org\/{rel}","templated":true}]}}