{"id":33545,"date":"2020-12-02T10:12:53","date_gmt":"2020-12-02T07:12:53","guid":{"rendered":"https:\/\/emlaktuel.com\/?p=33545"},"modified":"2020-12-02T10:12:53","modified_gmt":"2020-12-02T07:12:53","slug":"insaat-ve-konut-sektorunun-birincisi-mesa-oldu-insaat-sektorunde","status":"publish","type":"post","link":"https:\/\/emlaktuel.com\/?p=33545","title":{"rendered":"\u0130n\u015faat ve Konut sekt\u00f6r\u00fcn\u00fcn birincisi MESA oldu  \u0130n\u015faat sekt\u00f6r\u00fcnde"},"content":{"rendered":"<p>\u0130n\u015faat sekt\u00f6r\u00fcnde 50 y\u0131l\u0131 a\u015fan k\u00f6kl\u00fc ge\u00e7mi\u015fiyle ad\u0131 \u2018kalite\u2019 ve \u2018g\u00fcven\u2019le \u00f6zde\u015fle\u015fen ve her y\u0131l Capital taraf\u0131ndan d\u00fczenlenen \u201cT\u00fcrkiye\u2019nin En Be\u011fenilen \u015eirketleri\u201d aras\u0131nda ilk \u00fc\u00e7e giren MESA, bu y\u0131l in\u015faat\/konut kategorisinin \u201cen be\u011fenilen\u201d \u015firketi oldu.<\/p>\n<p>Ayl\u0131k ekonomi dergisi Capital\u2019in 20 y\u0131ld\u0131r geleneksel olarak ger\u00e7ekle\u015ftirdi\u011fi \u201cT\u00fcrkiye\u2019nin En Be\u011fenilen \u015eirketleri Ara\u015ft\u0131rmas\u0131\u201dn\u0131n bu y\u0131lki sonu\u00e7lar\u0131 belli oldu. Ara\u015ft\u0131rma kapsam\u0131nda i\u015f d\u00fcnyas\u0131n\u0131 temsilen 600\u2019\u00fcn \u00fczerinde \u015firket ve 1.470 \u00fcst d\u00fczey y\u00f6neticiye ula\u015f\u0131ld\u0131. 2 ay s\u00fcren ara\u015ft\u0131rmada online g\u00f6r\u00fc\u015fme tekni\u011fi kullan\u0131ld\u0131.<br \/>\nSekt\u00f6rlere g\u00f6re ayr\u0131 de\u011ferlendirmelerin yap\u0131ld\u0131\u011f\u0131 ara\u015ft\u0131rma kapsam\u0131nda en be\u011fenilen \u015firketlere \u00f6d\u00fclleri, 2021 y\u0131l\u0131nda d\u00fczenlenecek \u00f6zel bir t\u00f6renle sahiplerine teslim edilecek.<br \/>\nMESA Mesken Sanayi A.\u015e. Y\u00f6netim Kurulu Ba\u015fkan\u0131 Mert Boysano\u011flu, in\u015faat ve konut sekt\u00f6r\u00fcnde 50 y\u0131l\u0131 a\u015fk\u0131n s\u00fcredir \u201ckalite\u201d ve \u201cg\u00fcven\u201dle an\u0131lman\u0131n yan\u0131 s\u0131ra sekt\u00f6r\u00fcnde T\u00fcrkiye\u2019nin \u201cen be\u011fenilen\u201d \u015firketi olman\u0131n MESA\u2019y\u0131 hem halihaz\u0131rda yap\u0131m\u0131 ve sat\u0131\u015f\u0131 devam eden hem de gelecek projeler konusunda daha da motive etti\u011fini vurgulad\u0131. Boysano\u011flu, \u201cKalitede standartlar\u0131 belirleyen referans bir \u015firket olman\u0131n gururunu ya\u015f\u0131yoruz. \u00d6zellikle Covid-19 salg\u0131n\u0131 sebebiyle t\u00fcm d\u00fcnya olarak \u00e7ok zor bir s\u0131navdan ge\u00e7ti\u011fimiz, toplumsal ve ekonomik olarak hepimizin \u00e7ok derinden etkilendi\u011fi bu d\u00f6nemde marka de\u011ferimizin, projelerimizin bu \u015fekilde takdir g\u00f6rmesinden \u00e7ok mutlu olduk. \u0130n\u015faat\/konut sekt\u00f6r\u00fcn\u00fcn en be\u011fenileni olmak MESA ailesi olarak t\u00fcm \u00e7al\u0131\u015fanlar\u0131m\u0131zla birlikte bizler i\u00e7in yapt\u0131\u011f\u0131m\u0131z i\u015fi daha da iyi yapmam\u0131z konusunda motivasyon kayna\u011f\u0131 oldu, te\u015fekk\u00fcr ederiz. Bu motivasyonla, tercihini MESA\u2019dan yana kullananlar\u0131 y\u00fcksek kaliteli ya\u015fam alanlar\u0131 ile bulu\u015fturmaya devam edece\u011fiz.\u201d a\u00e7\u0131klamas\u0131nda bulundu.<\/p>\n","protected":false},"excerpt":{"rendered":"<p>\u0130n\u015faat sekt\u00f6r\u00fcnde 50 y\u0131l\u0131 a\u015fan k\u00f6kl\u00fc ge\u00e7mi\u015fiyle ad\u0131 \u2018kalite\u2019 ve \u2018g\u00fcven\u2019le \u00f6zde\u015fle\u015fen ve her y\u0131l Capital taraf\u0131ndan d\u00fczenlenen \u201cT\u00fcrkiye\u2019nin En Be\u011fenilen \u015eirketleri\u201d aras\u0131nda ilk \u00fc\u00e7e giren MESA, bu y\u0131l in\u015faat\/konut kategorisinin \u201cen be\u011fenilen\u201d \u015firketi oldu. Ayl\u0131k ekonomi dergisi Capital\u2019in 20 y\u0131ld\u0131r geleneksel olarak ger\u00e7ekle\u015ftirdi\u011fi \u201cT\u00fcrkiye\u2019nin En Be\u011fenilen \u015eirketleri Ara\u015ft\u0131rmas\u0131\u201dn\u0131n bu y\u0131lki sonu\u00e7lar\u0131 belli oldu. Ara\u015ft\u0131rma [&hellip;]<\/p>\n","protected":false},"author":1,"featured_media":33546,"comment_status":"open","ping_status":"open","sticky":false,"template":"","format":"standard","meta":{"ngg_post_thumbnail":0},"categories":[5388],"tags":[4627],"_links":{"self":[{"href":"https:\/\/emlaktuel.com\/index.php?rest_route=\/wp\/v2\/posts\/33545"}],"collection":[{"href":"https:\/\/emlaktuel.com\/index.php?rest_route=\/wp\/v2\/posts"}],"about":[{"href":"https:\/\/emlaktuel.com\/index.php?rest_route=\/wp\/v2\/types\/post"}],"author":[{"embeddable":true,"href":"https:\/\/emlaktuel.com\/index.php?rest_route=\/wp\/v2\/users\/1"}],"replies":[{"embeddable":true,"href":"https:\/\/emlaktuel.com\/index.php?rest_route=%2Fwp%2Fv2%2Fcomments&post=33545"}],"version-history":[{"count":1,"href":"https:\/\/emlaktuel.com\/index.php?rest_route=\/wp\/v2\/posts\/33545\/revisions"}],"predecessor-version":[{"id":33547,"href":"https:\/\/emlaktuel.com\/index.php?rest_route=\/wp\/v2\/posts\/33545\/revisions\/33547"}],"wp:featuredmedia":[{"embeddable":true,"href":"https:\/\/emlaktuel.com\/index.php?rest_route=\/wp\/v2\/media\/33546"}],"wp:attachment":[{"href":"https:\/\/emlaktuel.com\/index.php?rest_route=%2Fwp%2Fv2%2Fmedia&parent=33545"}],"wp:term":[{"taxonomy":"category","embeddable":true,"href":"https:\/\/emlaktuel.com\/index.php?rest_route=%2Fwp%2Fv2%2Fcategories&post=33545"},{"taxonomy":"post_tag","embeddable":true,"href":"https:\/\/emlaktuel.com\/index.php?rest_route=%2Fwp%2Fv2%2Ftags&post=33545"}],"curies":[{"name":"wp","href":"https:\/\/api.w.org\/{rel}","templated":true}]}}