{"id":33466,"date":"2020-11-26T12:19:34","date_gmt":"2020-11-26T09:19:34","guid":{"rendered":"https:\/\/emlaktuel.com\/?p=33466"},"modified":"2020-11-26T12:20:59","modified_gmt":"2020-11-26T09:20:59","slug":"and-pastelde-bitmeyen-cuma-kampanyasi-basliyor","status":"publish","type":"post","link":"https:\/\/emlaktuel.com\/?p=33466","title":{"rendered":"AND Pastel\u2019de Bitmeyen Cuma Kampanyas\u0131 Ba\u015fl\u0131yor"},"content":{"rendered":"<h3>AND Pastel\u2019de Bitmeyen Cuma Kampanyas\u0131 Ba\u015fl\u0131yor. AND<strong>\u00a0Gayrimenkul, AND Pastel projesiyle bir\u00e7ok sekt\u00f6rde heyecanla beklenen al\u0131\u015fveri\u015f g\u00fcnlerine bu y\u0131l da \u00fc\u00e7\u00fcnc\u00fc kez dahil oluyor.<\/strong><\/h3>\n<p><strong>27,28 ve 29 Kas\u0131m tarihlerinde \u2018Bitmeyen Cuma\u2019 kampanyas\u0131 kapsam\u0131nda<\/strong><\/p>\n<p><strong>sadece 15 se\u00e7ili dairede, y\u00fczde 15\u2019e varan indirim uygulanacak.<\/strong><\/p>\n<p>AND Pastel\u2019de, her y\u0131l merakla beklenen ve yo\u011fun ilgi g\u00f6ren \u2018Bitmeyen Cuma\u2019 kampanyas\u0131 ile ev sahibi olmak isteyenlere benzersiz bir f\u0131rsat sunuluyor. Bu y\u0131l \u00fc\u00e7\u00fcnc\u00fc kez d\u00fczenlenecek olan ve gayrimenkul sekt\u00f6r\u00fcnde bir ilk olan Bitmeyen Cuma kampanyas\u0131 ile bug\u00fcne kadar toplam 60 daire sat\u0131ld\u0131.<\/p>\n<p>Kampanya kapsam\u0131nda sadece se\u00e7ili 15 dairede; 27, 28 ve 29 Kas\u0131m tarihleri aras\u0131nda y\u00fczde 15\u2019e varan indirimler uygulanacak. Her g\u00fcn se\u00e7ili 5 yeni daire indirimli fiyatlarla AND Pastel sat\u0131\u015f ofisinde sat\u0131\u015fa sunulacak. \u00dc\u00e7 g\u00fcn boyunca devam edecek kampanyaya oturuma haz\u0131r ve hemen tapu teslim 2+1, 3+1 ve 4+1 daire tiplerinden, bah\u00e7eli veya balkonlu toplam 15 daire dahil olacak.<\/p>\n<p><strong>Se\u00e7ili 15 daire, %15\u2019e Varan \u0130ndirimlerle<\/strong><\/p>\n<p>Al\u0131\u015fveri\u015f g\u00fcnlerine \u00f6zel olarak y\u0131lda bir kez d\u00fczenlenen kampanya, 27 Kas\u0131m Cuma g\u00fcn\u00fc ba\u015flayacak. Sadece 3 g\u00fcn ve 15 se\u00e7ili daire i\u00e7in ge\u00e7erli olacak y\u0131l\u0131n bu son b\u00fcy\u00fck indiriminde, sat\u0131\u015fta olan dairelerin \u00f6zellikleri, kat planlar\u0131 gibi bir\u00e7ok bilgiyi \u00f6\u011frenmek ve sat\u0131\u015ftaki daireleri g\u00f6rmek i\u00e7in AND Pastel sat\u0131\u015f ofisi ziyaret edilebilir ya da 0850 393 40 00 numaral\u0131 \u00e7a\u011fr\u0131 merkezinden bilgi al\u0131nabilir.<\/p>\n<p><strong>AND Pastel Hakk\u0131nda:<\/strong><\/p>\n<p><i>\u0130stanbul\u2019un ana ula\u015f\u0131m akslar\u0131ndan E-5\u2019in hemen yan\u0131nda, metroya y\u00fcr\u00fcme mesafesinde yer alan konumu ile dikkat \u00e7eken AND Pastel 7 blok ve 1243 konuttan olu\u015fuyor. Hemen teslim ve tapu imkanlar\u0131 ile ev sahibi olmaya imkan sa\u011flayan ve 1000\u2019in \u00fczerinde aileye ev sahipli\u011fi yapan, ya\u015fam\u0131n ba\u015flad\u0131\u011f\u0131 proje 30.000 metrekare peyzaj alan\u0131, a\u00e7\u0131k ve kapal\u0131 sosyal aktivite olanaklar\u0131 ile siteden \u00e7\u0131kmadan sosyalle\u015fmeye f\u0131rsat sunarken; market, okul \u00f6ncesi e\u011fitim kurumu, kuaf\u00f6r, pastane, ATM gibi alanlar\u0131 ile de evden uzakla\u015fmadan bir\u00e7ok ana ihtiyac\u0131 kar\u015f\u0131lamaya yard\u0131mc\u0131 oluyor. Projede ayr\u0131ca kad\u0131n hastal\u0131klar\u0131ndan dahiliyeye, pediatriden psikolojiye dokuz farkl\u0131 departmanda hizmet veren bir sa\u011fl\u0131k merkezi de bulunuyor. Alan\u0131nda uzman dan\u0131\u015fmanlarla birlikte Amerikan Y\u00fcksek Yap\u0131 Y\u00f6netmelikleri esas al\u0131narak standart y\u00f6netmenliklerin de \u00fczerinde bir deprem dayan\u0131kl\u0131l\u0131\u011f\u0131na sahip olacak \u015fekilde in\u015fa edilen AND Pastel; ayn\u0131 zamanda LEED Gold sertifikas\u0131 ile \u00e7evreci bir yakla\u015f\u0131m sahiplenilerek tasarland\u0131. T\u00fcm bu \u00f6zellikleri ile AND Pastel, Sign of the City- \u2018T\u00fcrkiye\u2019nin En iyi Konut Projesi\u2019 de dahil olmak \u00fczere 8 farkl\u0131 ulusal ve uluslararas\u0131 \u00f6d\u00fcl\u00fcn sahibi.<\/i><\/p>\n","protected":false},"excerpt":{"rendered":"<p>AND Pastel\u2019de Bitmeyen Cuma Kampanyas\u0131 Ba\u015fl\u0131yor. AND\u00a0Gayrimenkul, AND Pastel projesiyle bir\u00e7ok sekt\u00f6rde heyecanla beklenen al\u0131\u015fveri\u015f g\u00fcnlerine bu y\u0131l da \u00fc\u00e7\u00fcnc\u00fc kez dahil oluyor. 27,28 ve 29 Kas\u0131m tarihlerinde \u2018Bitmeyen Cuma\u2019 kampanyas\u0131 kapsam\u0131nda sadece 15 se\u00e7ili dairede, y\u00fczde 15\u2019e varan indirim uygulanacak. AND Pastel\u2019de, her y\u0131l merakla beklenen ve yo\u011fun ilgi g\u00f6ren \u2018Bitmeyen Cuma\u2019 kampanyas\u0131 ile [&hellip;]<\/p>\n","protected":false},"author":1,"featured_media":33468,"comment_status":"open","ping_status":"open","sticky":false,"template":"","format":"standard","meta":{"ngg_post_thumbnail":0},"categories":[1,5388],"tags":[3383],"_links":{"self":[{"href":"https:\/\/emlaktuel.com\/index.php?rest_route=\/wp\/v2\/posts\/33466"}],"collection":[{"href":"https:\/\/emlaktuel.com\/index.php?rest_route=\/wp\/v2\/posts"}],"about":[{"href":"https:\/\/emlaktuel.com\/index.php?rest_route=\/wp\/v2\/types\/post"}],"author":[{"embeddable":true,"href":"https:\/\/emlaktuel.com\/index.php?rest_route=\/wp\/v2\/users\/1"}],"replies":[{"embeddable":true,"href":"https:\/\/emlaktuel.com\/index.php?rest_route=%2Fwp%2Fv2%2Fcomments&post=33466"}],"version-history":[{"count":3,"href":"https:\/\/emlaktuel.com\/index.php?rest_route=\/wp\/v2\/posts\/33466\/revisions"}],"predecessor-version":[{"id":33471,"href":"https:\/\/emlaktuel.com\/index.php?rest_route=\/wp\/v2\/posts\/33466\/revisions\/33471"}],"wp:featuredmedia":[{"embeddable":true,"href":"https:\/\/emlaktuel.com\/index.php?rest_route=\/wp\/v2\/media\/33468"}],"wp:attachment":[{"href":"https:\/\/emlaktuel.com\/index.php?rest_route=%2Fwp%2Fv2%2Fmedia&parent=33466"}],"wp:term":[{"taxonomy":"category","embeddable":true,"href":"https:\/\/emlaktuel.com\/index.php?rest_route=%2Fwp%2Fv2%2Fcategories&post=33466"},{"taxonomy":"post_tag","embeddable":true,"href":"https:\/\/emlaktuel.com\/index.php?rest_route=%2Fwp%2Fv2%2Ftags&post=33466"}],"curies":[{"name":"wp","href":"https:\/\/api.w.org\/{rel}","templated":true}]}}