{"id":33446,"date":"2020-11-25T10:18:16","date_gmt":"2020-11-25T07:18:16","guid":{"rendered":"https:\/\/emlaktuel.com\/?p=33446"},"modified":"2020-11-25T10:18:16","modified_gmt":"2020-11-25T07:18:16","slug":"zemin-cozumleri-sektorunde-pandemiye-ragmen-yuzde-25-buyume","status":"publish","type":"post","link":"https:\/\/emlaktuel.com\/?p=33446","title":{"rendered":"Zemin \u00e7\u00f6z\u00fcmleri sekt\u00f6r\u00fcnde pandemiye ra\u011fmen y\u00fczde 25 b\u00fcy\u00fcme"},"content":{"rendered":"<p style=\"font-weight: 400; text-align: left;\"><strong>Zemin \u00e7\u00f6z\u00fcmleri sekt\u00f6r\u00fcnde pandemiye ra\u011fmen y\u00fczde 25 b\u00fcy\u00fcme.<\/strong>\u00a0<strong>DesignFloor Genel Direkt\u00f6r\u00fc Fatih Aslan; \u201c<\/strong><strong><em>nitelikli kentsel d\u00f6n\u00fc\u015f\u00fcm, otel ve toplu konut projelerinden minimum 1,2 milyon m\u00b2\u2019lik sat\u0131\u015f pay\u0131 hedefliyoruz\u201d<\/em><\/strong><strong>.<\/strong><\/p>\n<p style=\"font-weight: 400;\"><strong>Piyasa ara\u015ft\u0131rma \u015firketi IMARC Group\u2019un 2020 raporuna g\u00f6re laminat parke sekt\u00f6r\u00fc globalde 975 milyon m\u00b2\u2019lik hacme ula\u015ft\u0131. Bu rakam\u0131n 2021 y\u0131l\u0131nda 1048 milyon m\u00b2\u2019ye \u00e7\u0131kmas\u0131 beklenirken parke \u00fcretiminde Avrupa\u2019da 2, globalde 3. s\u0131rada yer alan T\u00fcrkiye, pazar\u0131n g\u00fc\u00e7l\u00fc oyuncular\u0131ndan biri olarak rekabetini s\u00fcrd\u00fcr\u00fcyor. \u00dcst segment parke sekt\u00f6r\u00fcnde T\u00fcrkiye\u2019de \u00f6nc\u00fc firmalardan olan, 150 binden fazla ticari mekana ve 500 bini a\u015fk\u0131n haneye zemin \u00e7\u00f6z\u00fcm\u00fc sa\u011flayan DesignFloor, \u00f6n\u00fcm\u00fczdeki 3 y\u0131ll\u0131k s\u00fcre\u00e7te nitelikli kentsel d\u00f6n\u00fc\u015f\u00fcm<em>, otel ve toplu konut\u00a0<\/em>projelerinde minimum 1,2 milyon m\u00b2\u2019lik sat\u0131\u015f pay\u0131 hedefliyor.<\/strong><\/p>\n<p style=\"font-weight: 400;\"><strong>\u00a0\u00a0\u00a0\u00a0\u00a0\u00a0\u00a0\u00a0\u00a0\u00a0\u00a0\u00a0\u00a0\u00a0<\/strong><\/p>\n<p style=\"font-weight: 400;\">\u0130n\u015faat ve emlak sekt\u00f6r\u00fcndeki geli\u015fme ve evlerin yenilenmesi T\u00fcrkiye parke pazar\u0131n\u0131 b\u00fcy\u00fctt\u00fc. Avrupa\u2019da 2., globalde 3. s\u0131raya y\u00fckselen T\u00fcrkiye, zengin \u00fcr\u00fcn \u00e7e\u015fitlili\u011fi ve avantajl\u0131 fiyat alternatifleri sa\u011flayarak i\u00e7 pazarda da geli\u015fmesini s\u00fcrd\u00fcr\u00fcyor. Avrupa\u2019daki en ileri teknolojiye ve evrensel akreditasyonlara sahip fabrikalardan tedarik etti\u011fi \u00fcst segment zemin kaplamas\u0131 \u00fcr\u00fcnleri, 150 bin\u00b2\u2019lik stok hacmi ve 2021 y\u0131l\u0131 itibariyle 81 ilde 150 bayi hedefi ile \u00fcst segment parke pazar lideri DesignFloor, pandemiye ra\u011fmen hedeflerini b\u00fcy\u00fct\u00fcyor.<\/p>\n<p style=\"font-weight: 400;\">\n<p style=\"font-weight: 400;\">\n<p style=\"font-weight: 400;\">\n<p style=\"font-weight: 400;\">\n<p style=\"font-weight: 400;\">\n<p style=\"font-weight: 400;\">\n<p style=\"font-weight: 400;\">\n","protected":false},"excerpt":{"rendered":"<p>Zemin \u00e7\u00f6z\u00fcmleri sekt\u00f6r\u00fcnde pandemiye ra\u011fmen y\u00fczde 25 b\u00fcy\u00fcme.\u00a0DesignFloor Genel Direkt\u00f6r\u00fc Fatih Aslan; \u201cnitelikli kentsel d\u00f6n\u00fc\u015f\u00fcm, otel ve toplu konut projelerinden minimum 1,2 milyon m\u00b2\u2019lik sat\u0131\u015f pay\u0131 hedefliyoruz\u201d. Piyasa ara\u015ft\u0131rma \u015firketi IMARC Group\u2019un 2020 raporuna g\u00f6re laminat parke sekt\u00f6r\u00fc globalde 975 milyon m\u00b2\u2019lik hacme ula\u015ft\u0131. Bu rakam\u0131n 2021 y\u0131l\u0131nda 1048 milyon m\u00b2\u2019ye \u00e7\u0131kmas\u0131 beklenirken parke \u00fcretiminde [&hellip;]<\/p>\n","protected":false},"author":1,"featured_media":33447,"comment_status":"open","ping_status":"open","sticky":false,"template":"","format":"standard","meta":{"ngg_post_thumbnail":0},"categories":[26],"tags":[14798,14797],"_links":{"self":[{"href":"https:\/\/emlaktuel.com\/index.php?rest_route=\/wp\/v2\/posts\/33446"}],"collection":[{"href":"https:\/\/emlaktuel.com\/index.php?rest_route=\/wp\/v2\/posts"}],"about":[{"href":"https:\/\/emlaktuel.com\/index.php?rest_route=\/wp\/v2\/types\/post"}],"author":[{"embeddable":true,"href":"https:\/\/emlaktuel.com\/index.php?rest_route=\/wp\/v2\/users\/1"}],"replies":[{"embeddable":true,"href":"https:\/\/emlaktuel.com\/index.php?rest_route=%2Fwp%2Fv2%2Fcomments&post=33446"}],"version-history":[{"count":1,"href":"https:\/\/emlaktuel.com\/index.php?rest_route=\/wp\/v2\/posts\/33446\/revisions"}],"predecessor-version":[{"id":33448,"href":"https:\/\/emlaktuel.com\/index.php?rest_route=\/wp\/v2\/posts\/33446\/revisions\/33448"}],"wp:featuredmedia":[{"embeddable":true,"href":"https:\/\/emlaktuel.com\/index.php?rest_route=\/wp\/v2\/media\/33447"}],"wp:attachment":[{"href":"https:\/\/emlaktuel.com\/index.php?rest_route=%2Fwp%2Fv2%2Fmedia&parent=33446"}],"wp:term":[{"taxonomy":"category","embeddable":true,"href":"https:\/\/emlaktuel.com\/index.php?rest_route=%2Fwp%2Fv2%2Fcategories&post=33446"},{"taxonomy":"post_tag","embeddable":true,"href":"https:\/\/emlaktuel.com\/index.php?rest_route=%2Fwp%2Fv2%2Ftags&post=33446"}],"curies":[{"name":"wp","href":"https:\/\/api.w.org\/{rel}","templated":true}]}}