{"id":33182,"date":"2020-11-11T15:57:29","date_gmt":"2020-11-11T12:57:29","guid":{"rendered":"https:\/\/emlaktuel.com\/?p=33182"},"modified":"2020-11-11T15:57:29","modified_gmt":"2020-11-11T12:57:29","slug":"avm-perakende-ciro-endeksi-eylul-ayinda-293-puana-ulasti","status":"publish","type":"post","link":"https:\/\/emlaktuel.com\/?p=33182","title":{"rendered":"AVM Perakende Ciro Endeksi Eyl\u00fcl ay\u0131nda 293 Puana Ula\u015ft\u0131"},"content":{"rendered":"<h4>Al\u0131\u015fveri\u015f Merkezleri ve Yat\u0131r\u0131mc\u0131lar\u0131 Derne\u011fi ile Akademetre Research taraf\u0131ndan ortakla\u015fa olu\u015fturulan AVM Perakende Ciro Endeksi\u2019nin Eyl\u00fcl ay\u0131 sonu\u00e7lar\u0131 a\u00e7\u0131kland\u0131. Her ay d\u00fczenli olarak yay\u0131nlanan verilere g\u00f6re ciro endeksi A\u011fustos 2020 d\u00f6nemi ile kar\u015f\u0131la\u015ft\u0131r\u0131ld\u0131\u011f\u0131nda ve enflasyondan ar\u0131nd\u0131r\u0131lmadan incelendi\u011finde Eyl\u00fcl ay\u0131nda y\u00fczde 0,7 art\u0131\u015fla 293 puana ula\u015ft\u0131.<\/h4>\n<p>Sekt\u00f6re ait ciro endeksi, Anadolu ve \u0130stanbul&#8217;un GLA b\u00fcy\u00fckl\u00fckleri a\u011f\u0131rl\u0131kland\u0131rarak hesaplanm\u0131\u015ft\u0131r.<\/p>\n<p>AVM\u2019lerde kiralanabilir alan (m2) ba\u015f\u0131na d\u00fc\u015fen cirolar Eyl\u00fcl 2020\u2019de \u0130stanbul\u2019da 1387 TL, Anadolu\u2019da 936 TL olarak ger\u00e7ekle\u015fmi\u015ftir. T\u00fcrkiye geneli metrekare verimlili\u011fi ise Eyl\u00fcl 2020\u2019de 1116 TL olarak ger\u00e7ekle\u015fmi\u015ftir.<\/p>\n<p>Eyl\u00fcl 2020 d\u00f6neminde kategoriler baz\u0131nda metrekare verimlilik endeksi, A\u011fustos 2020 d\u00f6nemi ile kar\u015f\u0131la\u015ft\u0131r\u0131ld\u0131\u011f\u0131nda ve enflasyondan ar\u0131nd\u0131r\u0131lmadan incelendi\u011finde; Giyim kategorisi 264 puana, Ayakkab\u0131 kategorisi rak 274 puana ula\u015fm\u0131\u015ft\u0131r. Teknoloji kategorisi y\u00fczde 13,8 art\u0131\u015f g\u00f6stererek 512 puana, Hipermarket kategorisi y\u00fczde 2,3 art\u0131\u015f g\u00f6stererek 226 puana, Yiyecek-\u0130\u00e7ecek kategorisi 0,5 art\u0131\u015f g\u00f6stererek 212 puana, di\u011fer kategorisi ise 0,3 art\u0131\u015f g\u00f6stererek 287 puana y\u00fckselmi\u015ftir.<\/p>\n<p>(*Di\u011fer kategorisi; yap\u0131 market, mobilya, ev tekstili, hediyelik e\u015fya, oyuncak, sinema, ki\u015fisel bak\u0131m ve kozmetik, kuyum, hoby, petshop, terzi ve ayakkab\u0131 tamir servisleri, d\u00f6viz b\u00fcrosu, kuru temizleme, eczane gibi ma\u011fazalardan olu\u015fmaktad\u0131r.)<strong>\u00a0<\/strong><\/p>\n<h2><img loading=\"lazy\" class=\"aligncenter size-full wp-image-33184\" src=\"https:\/\/emlaktuel.com\/wp-content\/uploads\/2020\/11\/Ekran-Resmi-2020-11-11-15.50.48-1.png\" alt=\"\" width=\"522\" height=\"242\" \/> <img loading=\"lazy\" class=\"aligncenter size-large wp-image-33185\" src=\"https:\/\/emlaktuel.com\/wp-content\/uploads\/2020\/11\/Ekran-Resmi-2020-11-11-15.51.25.png\" alt=\"\" width=\"524\" height=\"228\" \/> <img loading=\"lazy\" class=\"aligncenter size-large wp-image-33186\" src=\"https:\/\/emlaktuel.com\/wp-content\/uploads\/2020\/11\/Ekran-Resmi-2020-11-11-15.51.18.png\" alt=\"\" width=\"497\" height=\"236\" \/> <img loading=\"lazy\" class=\"aligncenter size-large wp-image-33187\" src=\"https:\/\/emlaktuel.com\/wp-content\/uploads\/2020\/11\/Ekran-Resmi-2020-11-11-15.51.09.png\" alt=\"\" width=\"505\" height=\"222\" \/><\/h2>\n<h2><strong>Ziyaret Say\u0131s\u0131 Endeksi <\/strong><\/h2>\n<p>Eyl\u00fcl 2020 d\u00f6neminde ziyaret say\u0131s\u0131 endeksi A\u011fustos 2020\u2019ye g\u00f6re y\u00fczde 6,8 oran\u0131nda d\u00fc\u015f\u00fc\u015fle 55 puan olarak ger\u00e7ekle\u015fmi\u015ftir.<\/p>\n<p>&nbsp;<\/p>\n<p>&nbsp;<\/p>\n","protected":false},"excerpt":{"rendered":"<p>Al\u0131\u015fveri\u015f Merkezleri ve Yat\u0131r\u0131mc\u0131lar\u0131 Derne\u011fi ile Akademetre Research taraf\u0131ndan ortakla\u015fa olu\u015fturulan AVM Perakende Ciro Endeksi\u2019nin Eyl\u00fcl ay\u0131 sonu\u00e7lar\u0131 a\u00e7\u0131kland\u0131. Her ay d\u00fczenli olarak yay\u0131nlanan verilere g\u00f6re ciro endeksi A\u011fustos 2020 d\u00f6nemi ile kar\u015f\u0131la\u015ft\u0131r\u0131ld\u0131\u011f\u0131nda ve enflasyondan ar\u0131nd\u0131r\u0131lmadan incelendi\u011finde Eyl\u00fcl ay\u0131nda y\u00fczde 0,7 art\u0131\u015fla 293 puana ula\u015ft\u0131. Sekt\u00f6re ait ciro endeksi, Anadolu ve \u0130stanbul&#8217;un GLA b\u00fcy\u00fckl\u00fckleri a\u011f\u0131rl\u0131kland\u0131rarak [&hellip;]<\/p>\n","protected":false},"author":1,"featured_media":33188,"comment_status":"open","ping_status":"open","sticky":false,"template":"","format":"standard","meta":{"ngg_post_thumbnail":0},"categories":[26],"tags":[59],"_links":{"self":[{"href":"https:\/\/emlaktuel.com\/index.php?rest_route=\/wp\/v2\/posts\/33182"}],"collection":[{"href":"https:\/\/emlaktuel.com\/index.php?rest_route=\/wp\/v2\/posts"}],"about":[{"href":"https:\/\/emlaktuel.com\/index.php?rest_route=\/wp\/v2\/types\/post"}],"author":[{"embeddable":true,"href":"https:\/\/emlaktuel.com\/index.php?rest_route=\/wp\/v2\/users\/1"}],"replies":[{"embeddable":true,"href":"https:\/\/emlaktuel.com\/index.php?rest_route=%2Fwp%2Fv2%2Fcomments&post=33182"}],"version-history":[{"count":1,"href":"https:\/\/emlaktuel.com\/index.php?rest_route=\/wp\/v2\/posts\/33182\/revisions"}],"predecessor-version":[{"id":33189,"href":"https:\/\/emlaktuel.com\/index.php?rest_route=\/wp\/v2\/posts\/33182\/revisions\/33189"}],"wp:featuredmedia":[{"embeddable":true,"href":"https:\/\/emlaktuel.com\/index.php?rest_route=\/wp\/v2\/media\/33188"}],"wp:attachment":[{"href":"https:\/\/emlaktuel.com\/index.php?rest_route=%2Fwp%2Fv2%2Fmedia&parent=33182"}],"wp:term":[{"taxonomy":"category","embeddable":true,"href":"https:\/\/emlaktuel.com\/index.php?rest_route=%2Fwp%2Fv2%2Fcategories&post=33182"},{"taxonomy":"post_tag","embeddable":true,"href":"https:\/\/emlaktuel.com\/index.php?rest_route=%2Fwp%2Fv2%2Ftags&post=33182"}],"curies":[{"name":"wp","href":"https:\/\/api.w.org\/{rel}","templated":true}]}}