{"id":33153,"date":"2020-11-09T10:11:54","date_gmt":"2020-11-09T07:11:54","guid":{"rendered":"https:\/\/emlaktuel.com\/?p=33153"},"modified":"2020-11-09T10:11:54","modified_gmt":"2020-11-09T07:11:54","slug":"tcmbden-deprem-icin-sivil-birliktelik-cagrisi","status":"publish","type":"post","link":"https:\/\/emlaktuel.com\/?p=33153","title":{"rendered":"T\u00c7MB&#8217;den deprem i\u00e7in sivil birliktelik \u00e7agr\u0131s\u0131"},"content":{"rendered":"<p><strong><i>T\u00fcrkiye \u00c7imento M\u00fcstahsilleri Birli\u011fi (T\u00c7MB), \u0130zmir Depremi\u2019nin ard\u0131ndan yapt\u0131\u011f\u0131 bas\u0131n a\u00e7\u0131klamas\u0131 ile binalar\u0131n g\u00fc\u00e7lendirilmesinde, yenilenmesinde, kontrol ve denetiminde rol sahibi olan t\u00fcm sivil toplum kurulu\u015flar\u0131, sekt\u00f6r oyuncular\u0131 ve meslek odalar\u0131n\u0131, otoritelerin bu alandaki \u00e7al\u0131\u015fmalar\u0131n\u0131 desteklemek \u00fczere bir araya gelmeye \u00e7a\u011f\u0131rd\u0131<\/i><\/strong><\/p>\n<p>T\u00fcrkiye\u2019nin deprem ku\u015fa\u011f\u0131nda yer almas\u0131n\u0131n, yap\u0131lan konutlar\u0131n kalitesini \u00e7ok daha \u00f6nemli hale getirdi\u011fine dikkat \u00e7eken\u00a0<strong>T\u00fcrkiye \u00c7imento M\u00fcstahsilleri Birli\u011fi (T\u00c7MB) Y\u00f6netim Kurulu Ba\u015fkan\u0131 Dr. Tamer Saka,<\/strong>\u00a0depremde can kay\u0131plar\u0131n\u0131n ya\u015fanmamas\u0131 i\u00e7in merkezi ve yerel y\u00f6netimlerin \u00e7al\u0131\u015fmalar\u0131n\u0131 g\u00fc\u00e7lendirmek ve desteklemek \u00fczere\u00a0<strong>\u201csivil inisiyatif\u201d<\/strong>\u00a0ortaya konulmas\u0131 \u00e7a\u011fr\u0131s\u0131nda bulundu.<\/p>\n<p><strong>T\u00c7MB Ba\u015fkan\u0131 Dr. Tamer Saka,<\/strong>\u00a0\u201cBiz T\u00c7MB olarak bu konuda bir sivil insiyatif \u00fcstleniyor binalar\u0131n g\u00fc\u00e7lendirilmesinde rol sahibi t\u00fcm sekt\u00f6r oyuncular\u0131 ve meslek odalar\u0131n\u0131, merkezi ve yerel y\u00f6netimlerin bu alandaki \u00e7al\u0131\u015fmalar\u0131n\u0131 g\u00fc\u00e7lendirmek ve desteklemek \u00fczere bir araya gelmeye davet ediyoruz\u201d dedi.\u00a0<strong>Saka,<\/strong>\u00a0a\u00e7\u0131klamas\u0131nda \u015fu g\u00f6r\u00fc\u015flere yer verdi:<\/p>\n<p>\u201cDeprem ka\u00e7\u0131n\u0131lmaz ger\u00e7e\u011fimiz. Yap\u0131larda do\u011fru malzeme kullanarak ya\u015fanan can kay\u0131plar\u0131n\u0131n \u00f6n\u00fcne ge\u00e7mek m\u00fcmk\u00fcn. Yanl\u0131\u015f malzeme kullan\u0131m\u0131 ise felakete yol a\u00e7\u0131yor. \u0130zmir Depremi bunu bir kez daha g\u00f6sterdi. Ayn\u0131 hat \u00fczerinde pek \u00e7ok bina sa\u011flam kal\u0131rken, y\u0131k\u0131lan binalar nedeniyle can kay\u0131plar\u0131 verdik. Bir an evvel bu yap\u0131lar\u0131n g\u00fc\u00e7lendirilmesi, yenilenmesi, kontrol\u00fc ve denetlenmesi \u00f6nemli. Ayr\u0131ca yap\u0131larda kaliteli \u00fcr\u00fcn kullan\u0131m\u0131 zorunlu k\u0131l\u0131nmal\u0131. T\u00fcketicilerin binalar\u0131n temelinden ba\u015flayarak t\u00fcm s\u00fcrecine eri\u015fimi m\u00fcmk\u00fcn olmal\u0131. Deprem konusunda d\u00f6n\u00fc\u015f\u00fcm\u00fc te\u015fvik i\u00e7in deprem riski olan yap\u0131larda tapu i\u015flemlerine s\u0131n\u0131rlamalar getirilmelidir. Deprem meselesi sadece kamu sa\u011fl\u0131\u011f\u0131 meselesi olmaktan \u00e7\u0131km\u0131\u015f, bir milli ekonomik ve g\u00fcvenlik riski haline gelmi\u015ftir.<\/p>\n<p>Can kayb\u0131 risklerinin en aza indirilmesi i\u00e7in g\u00fcvenli tasar\u0131m ve yap\u0131m teknikleri ile \u00fcr\u00fcn kalitesi de \u00e7ok \u00f6nemli. Gelece\u011fin kentlerini in\u015fa etmek, depreme kar\u015f\u0131 g\u00fcvenli konutlarda ya\u015famak istiyorsak b\u00fcy\u00fck \u00f6zen g\u00f6stermeliyiz. Bu konuda ak\u0131lc\u0131, h\u0131zla hayata ge\u00e7irilebilecek ekonomik olarak anlaml\u0131 politikalar\u0131n ve stratejilerin olu\u015fturulmas\u0131na katk\u0131 sa\u011flamam\u0131z gerekti\u011fini d\u00fc\u015f\u00fcn\u00fcyoruz.<\/p>\n<p>\u00c7imento, beton ve demir gibi yap\u0131 sekt\u00f6rleri ve m\u00fcteahhitler, mimar ve m\u00fchendisler bir araya gelerek eski yap\u0131lar\u0131n g\u00fc\u00e7lendirilmesinde ve yeni yap\u0131lar\u0131n depreme dayan\u0131kl\u0131 in\u015fa edilmesi noktas\u0131nda farkl\u0131 \u00e7\u00f6z\u00fcmler \u00fcretmeliyiz.<\/p>\n<p>\u0130zmir Depremi ile birlikte konunun \u00f6nemini bir kez daha g\u00f6rd\u00fck. Hayat\u0131n\u0131 kaybedenlere Allah\u2019tan rahmet, yaralananlara da acil \u015fifalar diliyoruz. Can ve mal kayb\u0131n\u0131n artmamas\u0131n\u0131 temenni ediyoruz.\u201d<\/p>\n","protected":false},"excerpt":{"rendered":"<p>T\u00fcrkiye \u00c7imento M\u00fcstahsilleri Birli\u011fi (T\u00c7MB), \u0130zmir Depremi\u2019nin ard\u0131ndan yapt\u0131\u011f\u0131 bas\u0131n a\u00e7\u0131klamas\u0131 ile binalar\u0131n g\u00fc\u00e7lendirilmesinde, yenilenmesinde, kontrol ve denetiminde rol sahibi olan t\u00fcm sivil toplum kurulu\u015flar\u0131, sekt\u00f6r oyuncular\u0131 ve meslek odalar\u0131n\u0131, otoritelerin bu alandaki \u00e7al\u0131\u015fmalar\u0131n\u0131 desteklemek \u00fczere bir araya gelmeye \u00e7a\u011f\u0131rd\u0131 T\u00fcrkiye\u2019nin deprem ku\u015fa\u011f\u0131nda yer almas\u0131n\u0131n, yap\u0131lan konutlar\u0131n kalitesini \u00e7ok daha \u00f6nemli hale getirdi\u011fine dikkat \u00e7eken\u00a0T\u00fcrkiye [&hellip;]<\/p>\n","protected":false},"author":1,"featured_media":31136,"comment_status":"open","ping_status":"open","sticky":false,"template":"","format":"standard","meta":{"ngg_post_thumbnail":0},"categories":[5388],"tags":[8561,9079,276],"_links":{"self":[{"href":"https:\/\/emlaktuel.com\/index.php?rest_route=\/wp\/v2\/posts\/33153"}],"collection":[{"href":"https:\/\/emlaktuel.com\/index.php?rest_route=\/wp\/v2\/posts"}],"about":[{"href":"https:\/\/emlaktuel.com\/index.php?rest_route=\/wp\/v2\/types\/post"}],"author":[{"embeddable":true,"href":"https:\/\/emlaktuel.com\/index.php?rest_route=\/wp\/v2\/users\/1"}],"replies":[{"embeddable":true,"href":"https:\/\/emlaktuel.com\/index.php?rest_route=%2Fwp%2Fv2%2Fcomments&post=33153"}],"version-history":[{"count":1,"href":"https:\/\/emlaktuel.com\/index.php?rest_route=\/wp\/v2\/posts\/33153\/revisions"}],"predecessor-version":[{"id":33154,"href":"https:\/\/emlaktuel.com\/index.php?rest_route=\/wp\/v2\/posts\/33153\/revisions\/33154"}],"wp:featuredmedia":[{"embeddable":true,"href":"https:\/\/emlaktuel.com\/index.php?rest_route=\/wp\/v2\/media\/31136"}],"wp:attachment":[{"href":"https:\/\/emlaktuel.com\/index.php?rest_route=%2Fwp%2Fv2%2Fmedia&parent=33153"}],"wp:term":[{"taxonomy":"category","embeddable":true,"href":"https:\/\/emlaktuel.com\/index.php?rest_route=%2Fwp%2Fv2%2Fcategories&post=33153"},{"taxonomy":"post_tag","embeddable":true,"href":"https:\/\/emlaktuel.com\/index.php?rest_route=%2Fwp%2Fv2%2Ftags&post=33153"}],"curies":[{"name":"wp","href":"https:\/\/api.w.org\/{rel}","templated":true}]}}