{"id":33128,"date":"2020-11-08T10:19:42","date_gmt":"2020-11-08T07:19:42","guid":{"rendered":"https:\/\/emlaktuel.com\/?p=33128"},"modified":"2020-11-08T10:53:59","modified_gmt":"2020-11-08T07:53:59","slug":"beray-albayrak-istersek-dolari-dusururuz-ama-dolarla-ugrasmiyoruz","status":"publish","type":"post","link":"https:\/\/emlaktuel.com\/?p=33128","title":{"rendered":"Berat Albayrak: \u0130stersek Dolar\u0131 d\u00fc\u015f\u00fcr\u00fcr\u00fcz. Ama Dolarla u\u011fra\u015fm\u0131yoruz"},"content":{"rendered":"<p>T\u00fcrkiye&#8217;de her g\u00fcn s\u00fcrekli y\u00fckselerek rekor \u00fcst\u00fcne rekor k\u0131ran d\u00f6viz kurlar\u0131 ve alt\u0131n fiyatlar\u0131 hakk\u0131nda a\u00e7\u0131klama yapan Hazine ve Maliye Bakan\u0131 Berat Albayrak \u015fu a\u00e7\u0131klamada bulundu.<\/p>\n<p>Hazine ve Maliye Bakan\u0131 Berat Albayrak giderek y\u00fckselen d\u00f6viz kuru hakk\u0131nda \u00f6nemli a\u00e7\u0131klamalarda bulundu. Bakan Albayrak y\u00fckselen dolar kuru hakk\u0131nda rekabet\u00e7i kur politikas\u0131 uygulad\u0131klar\u0131n\u0131s\u00f6yleyerek dolar kuruna m\u00fcdahale etmeyeceklerini s\u00f6ylemi\u015fti.<\/p>\n<h2>Dolar kuru neden y\u00fckseliyor?<\/h2>\n<p>Son zamanlardaki ekonomik geli\u015fmelere de\u011finen Bakan Albayrak dolar\u0131n y\u00fckseli\u015finin neenlerini s\u0131ralad\u0131:<\/p>\n<p>1- D\u00fcnyada ya\u015fanan belirsizlikler<\/p>\n<p>2- ABD se\u00e7imleri<\/p>\n<p>3- Pandemi<\/p>\n<p>4_ \u00dclkeler aras\u0131ndaki s\u0131k\u0131nt\u0131lar olarak s\u0131ralad\u0131.<\/p>\n<h2>Bakan Albayrak: Faizi y\u00fckselitrsek dolar\u0131 d\u00fc\u015fer ama bizim derdimiz bu de\u011fil<\/h2>\n<p>Ya\u015fad\u0131\u011f\u0131m\u0131z bu geli\u015fmelerin dolar dolar\u0131n y\u00fckswlmwsinw nwdwn odu\u011funu belirten Bakan Albayrak &#8216;Bu ndenlerin hepsi d\u00f6viz kurunun y\u00fckselmesine neden oluyor. Biz dolarla u\u011fra\u015fm\u0131yoruz. \u0130stersek d\u00fc\u015f\u00fcr\u00fcr\u00fcz. Faiz oranlar\u0131n\u0131 y\u00fckseltirsek d\u00f6viz d\u00fc\u015fer. Ama bizim derdimiz bu de\u011fil. D\u00f6viz kurundaki y\u00fckseli\u015f ne zaman duracak? Faiz oranlar\u0131n\u0131nart\u0131r\u0131lmas\u0131n\u0131n da eksileri ve art\u0131lar\u0131 var. Faiz y\u00fckselirse \u00fcretim d\u00fc\u015fer istihdam azal\u0131r. Bizim buradaki amac\u0131m\u0131z ithalat\u0131 azaltmak, \u00fcretimi art\u0131rmak, \u0130thalat uyu\u015fturucu gibidir ik kullan\u0131mda kendini iyi hissdersin ama bu seni yava\u015f yava\u015f \u00f6ld\u00fcr\u00fcr. D\u00f6vizde ya\u015fad\u0131\u011f\u0131m\u0131z bu hareketlili\u011fin birka\u00e7 ay i\u00e7inde bir dengeye oturmas\u0131n\u0131 bekliyoruz&#8217; \u015feklinde konu\u015farak dolar kuruna kesinikle m\u00fcdahale etmeyeceklerini dile getirdi.<\/p>\n","protected":false},"excerpt":{"rendered":"<p>T\u00fcrkiye&#8217;de her g\u00fcn s\u00fcrekli y\u00fckselerek rekor \u00fcst\u00fcne rekor k\u0131ran d\u00f6viz kurlar\u0131 ve alt\u0131n fiyatlar\u0131 hakk\u0131nda a\u00e7\u0131klama yapan Hazine ve Maliye Bakan\u0131 Berat Albayrak \u015fu a\u00e7\u0131klamada bulundu. Hazine ve Maliye Bakan\u0131 Berat Albayrak giderek y\u00fckselen d\u00f6viz kuru hakk\u0131nda \u00f6nemli a\u00e7\u0131klamalarda bulundu. Bakan Albayrak y\u00fckselen dolar kuru hakk\u0131nda rekabet\u00e7i kur politikas\u0131 uygulad\u0131klar\u0131n\u0131s\u00f6yleyerek dolar kuruna m\u00fcdahale etmeyeceklerini s\u00f6ylemi\u015fti. [&hellip;]<\/p>\n","protected":false},"author":1,"featured_media":23601,"comment_status":"open","ping_status":"open","sticky":false,"template":"","format":"standard","meta":{"ngg_post_thumbnail":0},"categories":[5213],"tags":[11767,5072,298,12447],"_links":{"self":[{"href":"https:\/\/emlaktuel.com\/index.php?rest_route=\/wp\/v2\/posts\/33128"}],"collection":[{"href":"https:\/\/emlaktuel.com\/index.php?rest_route=\/wp\/v2\/posts"}],"about":[{"href":"https:\/\/emlaktuel.com\/index.php?rest_route=\/wp\/v2\/types\/post"}],"author":[{"embeddable":true,"href":"https:\/\/emlaktuel.com\/index.php?rest_route=\/wp\/v2\/users\/1"}],"replies":[{"embeddable":true,"href":"https:\/\/emlaktuel.com\/index.php?rest_route=%2Fwp%2Fv2%2Fcomments&post=33128"}],"version-history":[{"count":2,"href":"https:\/\/emlaktuel.com\/index.php?rest_route=\/wp\/v2\/posts\/33128\/revisions"}],"predecessor-version":[{"id":33130,"href":"https:\/\/emlaktuel.com\/index.php?rest_route=\/wp\/v2\/posts\/33128\/revisions\/33130"}],"wp:featuredmedia":[{"embeddable":true,"href":"https:\/\/emlaktuel.com\/index.php?rest_route=\/wp\/v2\/media\/23601"}],"wp:attachment":[{"href":"https:\/\/emlaktuel.com\/index.php?rest_route=%2Fwp%2Fv2%2Fmedia&parent=33128"}],"wp:term":[{"taxonomy":"category","embeddable":true,"href":"https:\/\/emlaktuel.com\/index.php?rest_route=%2Fwp%2Fv2%2Fcategories&post=33128"},{"taxonomy":"post_tag","embeddable":true,"href":"https:\/\/emlaktuel.com\/index.php?rest_route=%2Fwp%2Fv2%2Ftags&post=33128"}],"curies":[{"name":"wp","href":"https:\/\/api.w.org\/{rel}","templated":true}]}}