{"id":3292,"date":"2016-07-19T13:49:12","date_gmt":"2016-07-19T10:49:12","guid":{"rendered":"http:\/\/emlaktuel.com\/?p=3292"},"modified":"2018-07-05T14:21:09","modified_gmt":"2018-07-05T11:21:09","slug":"is-dunyasindan-darbeye-karsi-yatirimlar-devam-edecek-sinyali","status":"publish","type":"post","link":"https:\/\/emlaktuel.com\/?p=3292","title":{"rendered":"\u0130\u015f d\u00fcnyas\u0131ndan darbeye kar\u015f\u0131 &#8216;yat\u0131r\u0131mlar devam edecek&#8217; sinyali!"},"content":{"rendered":"<h1 class=\"news-detail-title selectionShareable\">Darbe giri\u015fimi, \u00fclke ekonomisine inanc\u0131n\u0131 s\u00fcrd\u00fcren i\u015f d\u00fcnyas\u0131 temsilcilerinin yat\u0131r\u0131mlar\u0131nda herhangi bir de\u011fi\u015fikli\u011fe yol a\u00e7mad\u0131.<\/h1>\n<div>\n<p>Darbe giri\u015fiminin ekonomiyi olumsuz etkilemesini beklemediklerini ifade eden i\u015f adamlar\u0131, T\u00fcrkiye Cumhuriyet Merkez Bankas\u0131n\u0131n (TCMB) ald\u0131\u011f\u0131 \u00f6nlemlerden memnuniyetini de dile getirdi.<\/p>\n<p>AA muhabirinin sorular\u0131n\u0131 yan\u0131tlayan Limak Holding Y\u00f6netim Kurulu Ba\u015fkan\u0131 Nihat \u00d6zdemir, Ba\u015fbakan Yard\u0131mc\u0131lar\u0131 Mehmet \u015eim\u015fek ve Nurettin Canikli&#8217;nin d\u00fcnden beri yapt\u0131\u011f\u0131 konu\u015fmalar ile Merkez Bankas\u0131, T\u00fcrkiye Bankalar Birli\u011fi (TBB) ve Borsa \u0130stanbul gibi ekonomi alan\u0131ndaki \u00f6nemli kurumlar\u0131n ald\u0131\u011f\u0131 tedbirlerin i\u015f adamlar\u0131n\u0131 \u00e7ok rahatlatt\u0131\u011f\u0131n\u0131 s\u00f6yledi.<\/p>\n<p><img class=\"lazy\" src=\"http:\/\/emlakkulisi.com\/resim\/tamboyut\/NTk0MTA2Nj-is-dunyasindan-yatirimlar-devam-edecek-sinyali.jpg\" width=\"100%\" data-original=\"\/resim\/tamboyut\/NTk0MTA2Nj-is-dunyasindan-yatirimlar-devam-edecek-sinyali.jpg\" \/><\/p>\n<p>\u0130\u015f d\u00fcnyas\u0131 olarak, al\u0131nan tedbirler nedeniyle ilgililere te\u015fekk\u00fcr ettiklerini belirten \u00d6zdemir, &#8220;Asl\u0131nda d\u00fcnk\u00fc toplant\u0131larda al\u0131nan kararlar \u00e7ok olumluydu. Hepimizin endi\u015fe ile bekledi\u011fi &#8216;acaba ne olur?&#8217; sorusunun cevab\u0131 d\u00fcn verildi. Bu sayede piyasalar, 15 Temmuz Cuma g\u00fcn\u00fcne yak\u0131n bir rakamdan a\u00e7\u0131ld\u0131. K\u00fc\u00e7\u00fck bir d\u00fc\u015f\u00fc\u015f ya\u015fand\u0131. Bu d\u00fc\u015f\u00fc\u015f\u00fcn de g\u00fcn i\u00e7erisinde toparlanmas\u0131n\u0131 bekliyoruz.&#8221; \u015feklinde konu\u015ftu.<\/p>\n<p>\u00d6zdemir, T\u00fcrkiye ekonomisinden hi\u00e7bir zaman teredd\u00fct etmediklerini vurgulayarak, \u015funlar\u0131 kaydetti:<\/p>\n<p>&#8220;D\u00fcn bile yat\u0131r\u0131mlar\u0131m\u0131z nedir, ne oluyor, onun de\u011ferlendirmesini yapt\u0131k. \u00dclkenin birlik ve beraberli\u011finden hi\u00e7bir endi\u015femiz olmad\u0131. Ancak bu olay \u00e7ok b\u00fcy\u00fck \u00fcz\u00fcnt\u00fc verdi. Darbe giri\u015fimine kar\u015f\u0131 b\u00fcy\u00fck birlik g\u00f6sterilmesi bizi haks\u0131z \u00e7\u0131karmad\u0131. \u0130nan\u0131n, d\u00fcn bile yat\u0131r\u0131mlarla ilgili \u00e7al\u0131\u015fmalar\u0131m\u0131z devam etti. Hi\u00e7 durmad\u0131k. \u00dclkemize, Cumhurba\u015fkan\u0131m\u0131za, Ba\u015fbakan\u0131m\u0131za, bakanlar\u0131m\u0131za \u00e7ok g\u00fcveniyoruz. Bu zor g\u00fcnde dahi basiretli toplant\u0131lar yap\u0131ld\u0131. \u00c7ok g\u00fczel ve yerinde kararlar al\u0131nd\u0131. Hem i\u00e7 hem de d\u0131\u015f piyasa rahatlad\u0131.&#8221;<\/p>\n<h2>&#8220;EKONOM\u0130YE HERHANG\u0130 B\u0130R OLUMSUZ ETK\u0130S\u0130 OLMAYACAK&#8221;<\/h2>\n<p><img class=\"lazy\" src=\"http:\/\/emlakkulisi.com\/resim\/tamboyut\/NDYzNDUzMD-is-dunyasindan-yatirimlar-devam-edecek-sinyali.jpg\" width=\"100%\" data-original=\"\/resim\/tamboyut\/NDYzNDUzMD-is-dunyasindan-yatirimlar-devam-edecek-sinyali.jpg\" \/><\/p>\n<p>Anadolu Grubu Y\u00f6netim Kurulu Ba\u015fkan\u0131 Tuncay \u00d6zilhan da darbe giri\u015fiminin ard\u0131ndan piyasalar\u0131n haftaya olumlu ba\u015flad\u0131\u011f\u0131n\u0131 ifade ederek, &#8220;Hafta sonu, k\u00f6t\u00fc film izler gibi ge\u00e7ti. Ancak \u015fu anda her \u015fey yerli yerinde, bankalar\u0131m\u0131z sa\u011flam, TCMB gerekli kararlar\u0131 ald\u0131. \u0130\u015f d\u00fcnyas\u0131 g\u00fcvenli bir ortamda devam ediyor. Ekonomik anlamda herhangi olumsuz etki olaca\u011f\u0131n\u0131 d\u00fc\u015f\u00fcnm\u00fcyorum, beklemiyorum, hissetmiyorum.&#8221; dedi.<\/p>\n<p>Darbe giri\u015fiminden \u00e7\u0131kar\u0131lmas\u0131 gereken dersler oldu\u011funu belirten \u00d6zilhan, giri\u015fimin ekonomiye orta ve uzun vadede yapaca\u011f\u0131 olumsuz etkiler i\u00e7in \u00f6nlem al\u0131nmas\u0131 gerekti\u011fini vurgulad\u0131.<\/p>\n<p>\u00d6zilhan, &#8220;\u0130\u015f d\u00fcnyas\u0131 olarak i\u015fimizin ba\u015f\u0131nday\u0131z. Yat\u0131r\u0131mlara devam ediyoruz. Cumartesi de durmad\u0131k, \u00e7al\u0131\u015ft\u0131k. T\u00fcrkiye, \u00e7ok \u00e7al\u0131\u015farak birlik ve beraberlik i\u00e7inde s\u0131k\u0131nt\u0131lar\u0131 atlatacak.&#8221; diye konu\u015ftu.<\/p>\n<h2>&#8220;YATIRIMLARIMIZA DEVAM EDECE\u011e\u0130Z&#8221;<\/h2>\n<p><img class=\"lazy\" src=\"http:\/\/emlakkulisi.com\/resim\/tamboyut\/ODgxMjA1Nz-is-dunyasindan-yatirimlar-devam-edecek-sinyali.jpg\" width=\"100%\" data-original=\"\/resim\/tamboyut\/ODgxMjA1Nz-is-dunyasindan-yatirimlar-devam-edecek-sinyali.jpg\" \/><\/p>\n<p>Kadoo\u011flu Holding Y\u00f6netim Kurulu Ba\u015fkan\u0131 Tarkan Kadoo\u011flu ise darbe giri\u015fimi sonras\u0131 demokrasinin g\u00fc\u00e7lendi\u011fini ve \u00fclkenin tek v\u00fccut oldu\u011funu, darbenin p\u00fcsk\u00fcrt\u00fclerek t\u00fcm d\u00fcnyaya T\u00fcrkiye&#8217;nin ne kadar g\u00fc\u00e7l\u00fc oldu\u011funun g\u00f6sterildi\u011fini kaydetti.<\/p>\n<p>Kadoo\u011flu, &#8220;\u0130\u015f d\u00fcnyas\u0131 olarak, azimle ve h\u0131zl\u0131 bir \u015fekilde \u00fclkenin gelece\u011fine inan\u00e7la yat\u0131r\u0131ma devam etmeliyiz ve devam edece\u011fiz. B\u00fct\u00fcn \u00fcyelerimizin bu y\u00f6ndeki pozitif yakla\u015f\u0131m\u0131n\u0131 g\u00f6rmekten mutluyuz.&#8221; g\u00f6r\u00fc\u015f\u00fcn\u00fc dile getirdi.<\/p>\n<h2>&#8220;B\u00dcY\u00dcK DALGALANMALAR OLMADI&#8221;<\/h2>\n<p><img class=\"lazy\" src=\"http:\/\/emlakkulisi.com\/resim\/tamboyut\/MTQ0MzI0Mz-is-dunyasindan-yatirimlar-devam-edecek-sinyali.jpg\" width=\"100%\" data-original=\"\/resim\/tamboyut\/MTQ0MzI0Mz-is-dunyasindan-yatirimlar-devam-edecek-sinyali.jpg\" \/><\/p>\n<p>Kibar Holding Y\u00f6netim Kurulu Ba\u015fkan\u0131 Ali Kibar da ya\u015fananlar\u0131n \u015fa\u015fk\u0131nl\u0131\u011f\u0131 i\u00e7erisinde olduklar\u0131n\u0131 ifade ederek, s\u00fcrecin bir an \u00f6nce normale d\u00f6nmesi i\u00e7in elden gelen ne varsa yap\u0131lmas\u0131 gerekti\u011fini s\u00f6yledi.<\/p>\n<p>Kibar, olaylar\u0131n duyulmas\u0131ndan sonra yurt d\u0131\u015f\u0131ndan i\u015f birli\u011fi i\u00e7inde olduklar\u0131 \u00e7ok say\u0131da firma yetkilisinin kendilerini arad\u0131\u011f\u0131n\u0131 belirterek, &#8220;Onlarla ilgili bir s\u0131k\u0131nt\u0131 olmayaca\u011f\u0131n\u0131 s\u00f6yledik. Biz i\u015flerimize devam etmeye \u00e7al\u0131\u015f\u0131yoruz. Ama endi\u015felenmeden de olmuyor. Olan biteni anlamaya \u00e7al\u0131\u015f\u0131yoruz. Ekonomik olarak dengelerimiz \u00e7ok iyiye gidiyordu ve b\u00fcy\u00fck dalgalanmalar olmad\u0131. Hafta sonu bir \u015fok ya\u015fad\u0131k. \u0130n\u015fallah bir an evvel \u015fokun art\u00e7\u0131lar\u0131 olmadan atlat\u0131r\u0131z.&#8221; \u015feklinde konu\u015ftu.<\/p>\n<\/div>\n","protected":false},"excerpt":{"rendered":"<p>Darbe giri\u015fimi, \u00fclke ekonomisine inanc\u0131n\u0131 s\u00fcrd\u00fcren i\u015f d\u00fcnyas\u0131 temsilcilerinin yat\u0131r\u0131mlar\u0131nda herhangi bir de\u011fi\u015fikli\u011fe yol a\u00e7mad\u0131. Darbe giri\u015fiminin ekonomiyi olumsuz etkilemesini beklemediklerini ifade eden i\u015f adamlar\u0131, T\u00fcrkiye Cumhuriyet Merkez Bankas\u0131n\u0131n (TCMB) ald\u0131\u011f\u0131 \u00f6nlemlerden memnuniyetini de dile getirdi. AA muhabirinin sorular\u0131n\u0131 yan\u0131tlayan Limak Holding Y\u00f6netim Kurulu Ba\u015fkan\u0131 Nihat \u00d6zdemir, Ba\u015fbakan Yard\u0131mc\u0131lar\u0131 Mehmet \u015eim\u015fek ve Nurettin Canikli&#8217;nin d\u00fcnden [&hellip;]<\/p>\n","protected":false},"author":1,"featured_media":3293,"comment_status":"open","ping_status":"open","sticky":false,"template":"","format":"standard","meta":{"ngg_post_thumbnail":0},"categories":[221,1,26,27],"tags":[6664,2182,2218,2221,258,11148,2220,2219,2222,10653,316],"_links":{"self":[{"href":"https:\/\/emlaktuel.com\/index.php?rest_route=\/wp\/v2\/posts\/3292"}],"collection":[{"href":"https:\/\/emlaktuel.com\/index.php?rest_route=\/wp\/v2\/posts"}],"about":[{"href":"https:\/\/emlaktuel.com\/index.php?rest_route=\/wp\/v2\/types\/post"}],"author":[{"embeddable":true,"href":"https:\/\/emlaktuel.com\/index.php?rest_route=\/wp\/v2\/users\/1"}],"replies":[{"embeddable":true,"href":"https:\/\/emlaktuel.com\/index.php?rest_route=%2Fwp%2Fv2%2Fcomments&post=3292"}],"version-history":[{"count":1,"href":"https:\/\/emlaktuel.com\/index.php?rest_route=\/wp\/v2\/posts\/3292\/revisions"}],"predecessor-version":[{"id":3294,"href":"https:\/\/emlaktuel.com\/index.php?rest_route=\/wp\/v2\/posts\/3292\/revisions\/3294"}],"wp:featuredmedia":[{"embeddable":true,"href":"https:\/\/emlaktuel.com\/index.php?rest_route=\/wp\/v2\/media\/3293"}],"wp:attachment":[{"href":"https:\/\/emlaktuel.com\/index.php?rest_route=%2Fwp%2Fv2%2Fmedia&parent=3292"}],"wp:term":[{"taxonomy":"category","embeddable":true,"href":"https:\/\/emlaktuel.com\/index.php?rest_route=%2Fwp%2Fv2%2Fcategories&post=3292"},{"taxonomy":"post_tag","embeddable":true,"href":"https:\/\/emlaktuel.com\/index.php?rest_route=%2Fwp%2Fv2%2Ftags&post=3292"}],"curies":[{"name":"wp","href":"https:\/\/api.w.org\/{rel}","templated":true}]}}