{"id":32797,"date":"2020-09-30T12:23:25","date_gmt":"2020-09-30T09:23:25","guid":{"rendered":"https:\/\/emlaktuel.com\/?p=32797"},"modified":"2020-09-30T12:23:25","modified_gmt":"2020-09-30T09:23:25","slug":"gigder-baskani-omer-faruk-akbal-2023-hedefleri-icin-guclu-bir-program","status":"publish","type":"post","link":"https:\/\/emlaktuel.com\/?p=32797","title":{"rendered":"G\u0130GDER Ba\u015fkan\u0131 \u00d6mer Faruk Akbal: 2023 hedefleri i\u00e7in g\u00fc\u00e7l\u00fc bir program"},"content":{"rendered":"<p>Hazine ve Maliye Bakan\u0131 Berat Albayrak piyasalar\u0131n merakla bekledi\u011fi \u201cYeni Ekonomik Program\u201d\u0131 a\u00e7\u0131klad\u0131.<\/p>\n<p>Yeni Dengeleme, Yeni Normal ve Yeni Ekonomi temas\u0131yla a\u00e7\u0131klanan Yeni Ekonomi Program\u0131, 2021 &#8211; 2023&#8217;\u00fcn uygulanabilir ve ula\u015f\u0131labilir hedeflere odakland\u0131\u011f\u0131n\u0131 s\u00f6yleyen Gayrimenkul Yurtd\u0131\u015f\u0131 Tan\u0131t\u0131m Derne\u011fi (G\u0130GDER) Ba\u015fkan\u0131 \u00d6mer Faruk Akbal, &#8220;Katma de\u011ferli \u00fcr\u00fcnlerin \u00fcretimi ve ihracat\u0131na odaklanma, finansman kaynaklar\u0131n\u0131n kalk\u0131nmay\u0131 ve cari dengeyi destekleyecek alanlara y\u00f6nelmesi, i\u015f ve yat\u0131r\u0131m ortam\u0131n\u0131n iyile\u015fmesi ve uluslararas\u0131 do\u011frudan yabanc\u0131 yat\u0131r\u0131mlar\u0131n te\u015fviki hedefleri \u00e7ok \u00f6nemli hedefler. Pandemi nedeniyle ciddi sapmalar ya\u015fanm\u0131\u015f olmas\u0131na ra\u011fmen, T\u00fcrkiye&#8217;nin 2023 hedefleri ger\u00e7ek\u00e7i ve s\u00fcrd\u00fcr\u00fclebilir ekonomimizin g\u00f6stergesi&#8221; dedi.<\/p>\n","protected":false},"excerpt":{"rendered":"<p>Hazine ve Maliye Bakan\u0131 Berat Albayrak piyasalar\u0131n merakla bekledi\u011fi \u201cYeni Ekonomik Program\u201d\u0131 a\u00e7\u0131klad\u0131. Yeni Dengeleme, Yeni Normal ve Yeni Ekonomi temas\u0131yla a\u00e7\u0131klanan Yeni Ekonomi Program\u0131, 2021 &#8211; 2023&#8217;\u00fcn uygulanabilir ve ula\u015f\u0131labilir hedeflere odakland\u0131\u011f\u0131n\u0131 s\u00f6yleyen Gayrimenkul Yurtd\u0131\u015f\u0131 Tan\u0131t\u0131m Derne\u011fi (G\u0130GDER) Ba\u015fkan\u0131 \u00d6mer Faruk Akbal, &#8220;Katma de\u011ferli \u00fcr\u00fcnlerin \u00fcretimi ve ihracat\u0131na odaklanma, finansman kaynaklar\u0131n\u0131n kalk\u0131nmay\u0131 ve cari [&hellip;]<\/p>\n","protected":false},"author":1,"featured_media":24290,"comment_status":"open","ping_status":"open","sticky":false,"template":"","format":"standard","meta":{"ngg_post_thumbnail":0},"categories":[5388],"tags":[11767,11983,14560,441],"_links":{"self":[{"href":"https:\/\/emlaktuel.com\/index.php?rest_route=\/wp\/v2\/posts\/32797"}],"collection":[{"href":"https:\/\/emlaktuel.com\/index.php?rest_route=\/wp\/v2\/posts"}],"about":[{"href":"https:\/\/emlaktuel.com\/index.php?rest_route=\/wp\/v2\/types\/post"}],"author":[{"embeddable":true,"href":"https:\/\/emlaktuel.com\/index.php?rest_route=\/wp\/v2\/users\/1"}],"replies":[{"embeddable":true,"href":"https:\/\/emlaktuel.com\/index.php?rest_route=%2Fwp%2Fv2%2Fcomments&post=32797"}],"version-history":[{"count":1,"href":"https:\/\/emlaktuel.com\/index.php?rest_route=\/wp\/v2\/posts\/32797\/revisions"}],"predecessor-version":[{"id":32798,"href":"https:\/\/emlaktuel.com\/index.php?rest_route=\/wp\/v2\/posts\/32797\/revisions\/32798"}],"wp:featuredmedia":[{"embeddable":true,"href":"https:\/\/emlaktuel.com\/index.php?rest_route=\/wp\/v2\/media\/24290"}],"wp:attachment":[{"href":"https:\/\/emlaktuel.com\/index.php?rest_route=%2Fwp%2Fv2%2Fmedia&parent=32797"}],"wp:term":[{"taxonomy":"category","embeddable":true,"href":"https:\/\/emlaktuel.com\/index.php?rest_route=%2Fwp%2Fv2%2Fcategories&post=32797"},{"taxonomy":"post_tag","embeddable":true,"href":"https:\/\/emlaktuel.com\/index.php?rest_route=%2Fwp%2Fv2%2Ftags&post=32797"}],"curies":[{"name":"wp","href":"https:\/\/api.w.org\/{rel}","templated":true}]}}