{"id":32790,"date":"2020-09-29T12:22:44","date_gmt":"2020-09-29T09:22:44","guid":{"rendered":"https:\/\/emlaktuel.com\/?p=32790"},"modified":"2020-09-29T12:22:44","modified_gmt":"2020-09-29T09:22:44","slug":"ogrenci-sehirlerinde-evler-bos-kaldi-kiralar-dusmeye-basladi","status":"publish","type":"post","link":"https:\/\/emlaktuel.com\/?p=32790","title":{"rendered":"\u00d6\u011frenci \u015fehirlerinde evler bo\u015f kald\u0131, kiralar d\u00fc\u015fmeye ba\u015flad\u0131"},"content":{"rendered":"<p>Koronavir\u00fcs nedeniyle \u00fcniversitelerin uzaktan e\u011fitime ge\u00e7mesiyle \u00f6\u011frenciler de ailelerin yanlar\u0131nda kald\u0131. Baz\u0131 \u00f6\u011frenciler bu s\u00fcrecin uzama ihtimaline kar\u015f\u0131 bo\u015fa kira vermemek i\u00e7in \u00fcniversitelerinin bulundu\u011fu \u015fehirdeki evlerini bo\u015faltt\u0131. \u00d6te yandan \u015fehirlere bu y\u0131l \u00fcniversite kazanan yeni \u00f6\u011frenciler de gelmeyince \u00f6zellikle \u0130stanbul, Bursa, Eski\u015fehir, Edirne gibi \u00f6\u011frenci \u015fehirinde evler bo\u015f kald\u0131, kiralar ise d\u00fc\u015fmeye ba\u015flad\u0131.<\/p>\n<h2>1+1&#8217;lere ilgi azald\u0131<\/h2>\n<p>T\u00fcm Giri\u015fimci Emlak M\u00fc\u015favirleri Derne\u011fi (T\u00dcGEM) Kurucu Ba\u015fkan\u0131 Hakan Akdo\u011fan,\u201d\u0130stanbul d\u0131\u015f\u0131nda bu durum piyasalar\u0131 olduk\u00e7a etkiledi. \u00d6zellikle \u00f6\u011frenci illeri olarak Eski\u015fehir, Edirne ve Bursa\u2019da genellikle \u00f6\u011frenciler taraf\u0131ndan tercih edilen 1+1 dairelerde arz fazlas\u0131 s\u00f6z konusu\u201d dedi.<\/p>\n<h2>Evlerin kiralar\u0131 d\u00fc\u015f\u00fcyor<\/h2>\n<p>Uzaktan e\u011fitime ge\u00e7ilmesi nedeniyle bu evlerde bo\u015fluk oran\u0131 art\u0131\u011f\u0131 gibi kiralarda da gerilemelerin ya\u015fand\u0131\u011f\u0131na dikkat \u00e7eken Akdo\u011fan, \u201c\u00d6zellikle yat\u0131r\u0131mc\u0131lar taraf\u0131ndan tercih edilen bu t\u00fcr ta\u015f\u0131nmazlarda pandemi nedeni ile bo\u015fluk oran\u0131 gelirleri azaltacak.<\/p>\n<p>Bu durum sadece konut t\u00fcr\u00fc ta\u015f\u0131nmazlarda de\u011fil, yurt gibi yat\u0131r\u0131m yap\u0131lan di\u011fer ta\u015f\u0131nmaz t\u00fcrlerinde de gelirlerin d\u00fc\u015fmesine neden olacakt\u0131r\u201d diye konu\u015ftu.<\/p>\n<h2>Aidatlar m\u00fclk sahiplerini zorluyor<\/h2>\n<p>Hakan Akdo\u011fan, bo\u015f kalan evlerin aidatlar\u0131n\u0131n da m\u00fclk sahiplerini zor durumda b\u0131rakt\u0131\u011f\u0131na dikkat \u00e7ekti. Akdo\u011fan konuyla ilgili \u015funlar\u0131 s\u00f6yledi: &#8220;\u00d6\u011frencilerin evleri bo\u015faltmas\u0131 piyasaya olumsuz yans\u0131yor. Yat\u0131r\u0131mc\u0131lar bir gelir modeli olarak bu b\u00f6lgelerden ev tutuyordu. Bo\u015falan bu evlere \u015fimdi kirac\u0131 bulmak zor oldu\u011fu gibi aidat giderleri de m\u00fclk sahiplerini zorluyor. Havuzlar, spor salonlar\u0131, hamam, sauna gibi hizmetler kullan\u0131lmamas\u0131na ra\u011fmen aidatlara yans\u0131t\u0131l\u0131yor. Ev sahipleri en az\u0131ndan bunlara indirim yap\u0131lmas\u0131n\u0131 talep ediyor.&#8221;<\/p>\n","protected":false},"excerpt":{"rendered":"<p>Koronavir\u00fcs nedeniyle \u00fcniversitelerin uzaktan e\u011fitime ge\u00e7mesiyle \u00f6\u011frenciler de ailelerin yanlar\u0131nda kald\u0131. Baz\u0131 \u00f6\u011frenciler bu s\u00fcrecin uzama ihtimaline kar\u015f\u0131 bo\u015fa kira vermemek i\u00e7in \u00fcniversitelerinin bulundu\u011fu \u015fehirdeki evlerini bo\u015faltt\u0131. \u00d6te yandan \u015fehirlere bu y\u0131l \u00fcniversite kazanan yeni \u00f6\u011frenciler de gelmeyince \u00f6zellikle \u0130stanbul, Bursa, Eski\u015fehir, Edirne gibi \u00f6\u011frenci \u015fehirinde evler bo\u015f kald\u0131, kiralar ise d\u00fc\u015fmeye ba\u015flad\u0131. 1+1&#8217;lere ilgi [&hellip;]<\/p>\n","protected":false},"author":1,"featured_media":32791,"comment_status":"open","ping_status":"open","sticky":false,"template":"","format":"standard","meta":{"ngg_post_thumbnail":0},"categories":[5388],"tags":[],"_links":{"self":[{"href":"https:\/\/emlaktuel.com\/index.php?rest_route=\/wp\/v2\/posts\/32790"}],"collection":[{"href":"https:\/\/emlaktuel.com\/index.php?rest_route=\/wp\/v2\/posts"}],"about":[{"href":"https:\/\/emlaktuel.com\/index.php?rest_route=\/wp\/v2\/types\/post"}],"author":[{"embeddable":true,"href":"https:\/\/emlaktuel.com\/index.php?rest_route=\/wp\/v2\/users\/1"}],"replies":[{"embeddable":true,"href":"https:\/\/emlaktuel.com\/index.php?rest_route=%2Fwp%2Fv2%2Fcomments&post=32790"}],"version-history":[{"count":1,"href":"https:\/\/emlaktuel.com\/index.php?rest_route=\/wp\/v2\/posts\/32790\/revisions"}],"predecessor-version":[{"id":32792,"href":"https:\/\/emlaktuel.com\/index.php?rest_route=\/wp\/v2\/posts\/32790\/revisions\/32792"}],"wp:featuredmedia":[{"embeddable":true,"href":"https:\/\/emlaktuel.com\/index.php?rest_route=\/wp\/v2\/media\/32791"}],"wp:attachment":[{"href":"https:\/\/emlaktuel.com\/index.php?rest_route=%2Fwp%2Fv2%2Fmedia&parent=32790"}],"wp:term":[{"taxonomy":"category","embeddable":true,"href":"https:\/\/emlaktuel.com\/index.php?rest_route=%2Fwp%2Fv2%2Fcategories&post=32790"},{"taxonomy":"post_tag","embeddable":true,"href":"https:\/\/emlaktuel.com\/index.php?rest_route=%2Fwp%2Fv2%2Ftags&post=32790"}],"curies":[{"name":"wp","href":"https:\/\/api.w.org\/{rel}","templated":true}]}}