{"id":32773,"date":"2020-09-25T11:14:50","date_gmt":"2020-09-25T08:14:50","guid":{"rendered":"https:\/\/emlaktuel.com\/?p=32773"},"modified":"2020-09-25T12:16:43","modified_gmt":"2020-09-25T09:16:43","slug":"istanbulun-deprem-haritasi-yayinlandi","status":"publish","type":"post","link":"https:\/\/emlaktuel.com\/?p=32773","title":{"rendered":"\u0130stanbul&#8217;un deprem haritas\u0131 yay\u0131nland\u0131"},"content":{"rendered":"<p><strong>Gayrimenkul sekt<\/strong><strong>\u00f6<\/strong><strong>r\u00fcnde y<\/strong><strong>\u00f6<\/strong><strong>netti\u011fi b\u00fcy\u00fck veri havuzuyla \u0130stanbul depremine ili\u015fkin verileri mercek alt\u0131na alan GABORAS Gayrimenkul Borsas\u0131, \u0130stanbul\u2019da ya\u015fan<\/strong><strong>mas<\/strong><strong>\u0131 beklenen depremin muhtemelen en fazla etkileyece\u011fi b<\/strong><strong>\u00f6<\/strong><strong>lgeleri g<\/strong><strong>\u00f6<\/strong><strong>steren\u00a0<\/strong><strong>\u2018<\/strong><strong>\u0130STANBUL DEPREM HAR\u0130TASI\u2019n\u0131 yay\u0131nlad\u0131.<\/strong><\/p>\n<p>GABORAS taraf\u0131ndan geli\u015ftirilen GOS terminallerinde, 5 bin 343 kilometrekarelik \u0130stanbul\u2019un zemin durumu ve yap\u0131 envanteri masaya yat\u0131r\u0131ld\u0131. Zemin formasyonlar\u0131na yap\u0131lan puanlamalar ile bina yap\u0131m y\u0131l\u0131, 2007 y\u0131l\u0131nda hayata ge\u00e7irilen deprem y\u00f6netmeli\u011finden \u00f6nce olan yap\u0131lar\u0131n bir araya getirildi\u011fi \u00e7al\u0131\u015fmada Avrupa yakas\u0131n\u0131n Asya\u2019ya g\u00f6re daha fazla deprem riski ta\u015f\u0131d\u0131\u011f\u0131 g\u00f6r\u00fcld\u00fc. Deprem ger\u00e7e\u011finin bir an olsun unutulmamas\u0131 gerekti\u011fini belirten GABORAS CEO\u2019su Kurtulu\u015f Altun, \u201cD\u00fcn 4.2 \u015fiddetinde ger\u00e7ekle\u015fen depremde de g\u00f6r\u00fcld\u00fc\u011f\u00fc \u00fczere t\u00fcm planlamalar\u0131m\u0131z\u0131 deprem merkezli yapmak zorunday\u0131z. Ekonomik veya siyasi ald\u0131\u011f\u0131m\u0131z her karar\u0131n arkas\u0131nda deprem ger\u00e7e\u011fi yatmal\u0131d\u0131r. Bu mesele herkesi ilgilendirir. Bu ger\u00e7e\u011fe s\u0131rt\u0131m\u0131z\u0131 d\u00f6nemeyiz\u201d dedi.<\/p>\n<h2><strong>Tarihi yar\u0131madam\u0131z\u0131n ve adalar&#8217;\u0131n durumlar\u0131 kritik seviyede<\/strong><strong><br \/>\n<\/strong><\/h2>\n<p>Harita \u00fczerinde say\u0131salla\u015ft\u0131r\u0131lan veriler \u00fczerinden ger\u00e7ekle\u015ftirilen okumalar neticesinde olas\u0131 b\u00fcy\u00fck \u0130stanbul depreminin en fazla etkileyece\u011fi b\u00f6lgeler tespit edildi. Tarihi yar\u0131madan\u0131n neredeyse tamam\u0131nda zemin formasyonunun iyi olmad\u0131\u011f\u0131n\u0131n saptand\u0131\u011f\u0131 incelemede \u0130stanbul\u2019un T\u00fcrkiye\u2019deki kentsel d\u00f6n\u00fc\u015f\u00fcmlerin 0.33\u2019\u00fcn\u00fc, riskli alanlar\u0131n\u0131n 10.71\u2019ini, yenileme alanlar\u0131n\u0131n ise 53.17\u2019sini kapsad\u0131\u011f\u0131 tespit edildi.<\/p>\n<p>Asya yakas\u0131n\u0131n zemin formasyonu olarak Avrupa Yakas\u0131\u2019na g\u00f6re daha sa\u011flam oldu\u011funun ortaya \u00e7\u0131kar\u0131ld\u0131\u011f\u0131 incelemede Avrupa Yakas\u0131\u2019nda Fatih\u2019in yan\u0131 s\u0131ra Bah\u00e7elievler, Bak\u0131rk\u00f6y ve G\u00fcng\u00f6ren\u2019in zemin formasyonunun yan\u0131 s\u0131ra yap\u0131 durumu olarak da eski yap\u0131lar\u0131n \u00e7o\u011funlukta oldu\u011fu belirtildi.<\/p>\n<p>\u00c7al\u0131\u015fmada Zeytinburnu\u2019nun tarihi yar\u0131madaya bakan b\u00f6l\u00fcmleri ile Avc\u0131lar\u2019\u0131n sahil kesimleri ve Bo\u011fazi\u00e7i \u00f6ng\u00f6r\u00fcn\u00fcm b\u00f6lgelerinin depremden etkilenecek \u00f6ncelikli alanlar olarak \u00f6n plana \u00e7\u0131k\u0131yor. Anadolu Yakas\u0131\u2019nda Kartal \u2013 Maltepe sahil kesimi ve Kad\u0131k\u00f6y\u2019\u00fcn bat\u0131s\u0131 dikkat edilmesi gereken b\u00f6lgelerin ba\u015f\u0131nda geliyor. \u0130stanbul\u2019da ge\u00e7en y\u0131l e-devlet \u00fczerinden a\u00e7\u0131klanan toplanma alanlar\u0131n\u0131 da incelendi\u011fi \u00e7al\u0131\u015fmada ki\u015fi ba\u015f\u0131na 1.17 metrekare toplanma alan\u0131 d\u00fc\u015ft\u00fc\u011f\u00fc tespit edildi.<\/p>\n<h2><strong>Yeni-eski konutlar\u0131n aras\u0131nda de\u011fer takaslar\u0131 yap\u0131lmal\u0131<\/strong><\/h2>\n<p>Deprem \u00e7al\u0131\u015fmalar\u0131na nereden ba\u015flanmas\u0131 gerekti\u011fini b\u00fcy\u00fck veri teknolojileri ve yapay zek\u00e2 algoritmalar\u0131yla tespit edebildiklerini belirten Altun, \u201cBu b\u00f6lgelerde master plan do\u011frultusunda bina d\u00f6n\u00fc\u015f\u00fcm\u00fcnden ziyade mek\u00e2nsal kalitenin artt\u0131\u011f\u0131 projelerle yakla\u015f\u0131lmal\u0131d\u0131r. Deprem odakl\u0131 d\u00f6n\u00fc\u015f\u00fcm i\u00e7erisine al\u0131nacak b\u00f6lgelerde ya\u015fayan vatanda\u015flar\u0131 de\u011fer takas\u0131 ile metrekare tart\u0131\u015fmalar\u0131n\u0131n \u00f6tesinde teknolojik bir \u00e7\u00f6z\u00fcm gerekmektedir. Mevcut durumda noktasal olarak de\u011fer tespiti yapabilecek teknolojik altyap\u0131ya sahibiz. \u00d6nemli olan gayrimenkul\u00fc bir de\u011fer olarak kabul etmektir\u201d dedi.<\/p>\n","protected":false},"excerpt":{"rendered":"<p>Gayrimenkul sekt\u00f6r\u00fcnde y\u00f6netti\u011fi b\u00fcy\u00fck veri havuzuyla \u0130stanbul depremine ili\u015fkin verileri mercek alt\u0131na alan GABORAS Gayrimenkul Borsas\u0131, \u0130stanbul\u2019da ya\u015fanmas\u0131 beklenen depremin muhtemelen en fazla etkileyece\u011fi b\u00f6lgeleri g\u00f6steren\u00a0\u2018\u0130STANBUL DEPREM HAR\u0130TASI\u2019n\u0131 yay\u0131nlad\u0131. GABORAS taraf\u0131ndan geli\u015ftirilen GOS terminallerinde, 5 bin 343 kilometrekarelik \u0130stanbul\u2019un zemin durumu ve yap\u0131 envanteri masaya yat\u0131r\u0131ld\u0131. Zemin formasyonlar\u0131na yap\u0131lan puanlamalar ile bina yap\u0131m y\u0131l\u0131, 2007 [&hellip;]<\/p>\n","protected":false},"author":1,"featured_media":32778,"comment_status":"open","ping_status":"open","sticky":false,"template":"","format":"standard","meta":{"ngg_post_thumbnail":0},"categories":[5388],"tags":[9079,73],"_links":{"self":[{"href":"https:\/\/emlaktuel.com\/index.php?rest_route=\/wp\/v2\/posts\/32773"}],"collection":[{"href":"https:\/\/emlaktuel.com\/index.php?rest_route=\/wp\/v2\/posts"}],"about":[{"href":"https:\/\/emlaktuel.com\/index.php?rest_route=\/wp\/v2\/types\/post"}],"author":[{"embeddable":true,"href":"https:\/\/emlaktuel.com\/index.php?rest_route=\/wp\/v2\/users\/1"}],"replies":[{"embeddable":true,"href":"https:\/\/emlaktuel.com\/index.php?rest_route=%2Fwp%2Fv2%2Fcomments&post=32773"}],"version-history":[{"count":1,"href":"https:\/\/emlaktuel.com\/index.php?rest_route=\/wp\/v2\/posts\/32773\/revisions"}],"predecessor-version":[{"id":32775,"href":"https:\/\/emlaktuel.com\/index.php?rest_route=\/wp\/v2\/posts\/32773\/revisions\/32775"}],"wp:featuredmedia":[{"embeddable":true,"href":"https:\/\/emlaktuel.com\/index.php?rest_route=\/wp\/v2\/media\/32778"}],"wp:attachment":[{"href":"https:\/\/emlaktuel.com\/index.php?rest_route=%2Fwp%2Fv2%2Fmedia&parent=32773"}],"wp:term":[{"taxonomy":"category","embeddable":true,"href":"https:\/\/emlaktuel.com\/index.php?rest_route=%2Fwp%2Fv2%2Fcategories&post=32773"},{"taxonomy":"post_tag","embeddable":true,"href":"https:\/\/emlaktuel.com\/index.php?rest_route=%2Fwp%2Fv2%2Ftags&post=32773"}],"curies":[{"name":"wp","href":"https:\/\/api.w.org\/{rel}","templated":true}]}}