{"id":32769,"date":"2020-09-25T11:08:42","date_gmt":"2020-09-25T08:08:42","guid":{"rendered":"https:\/\/emlaktuel.com\/?p=32769"},"modified":"2020-09-25T11:08:59","modified_gmt":"2020-09-25T08:08:59","slug":"doviz-fiyatlarindaki-artis-gayrimenkullerde-fiyatlarin-artmasina-neden-oldu","status":"publish","type":"post","link":"https:\/\/emlaktuel.com\/?p=32769","title":{"rendered":"D\u00f6viz fiyatlar\u0131ndaki art\u0131\u015f gayrimenkullerde fiyatlar\u0131n artmas\u0131na neden oldu"},"content":{"rendered":"<p>Prokule T\u00fcrkiye Gayrimenku Y\u00f6netim Kurulu Ba\u015flan\u0131 Say\u0131n G\u00f6khen G\u00fcrlek d\u00f6viz fiyatlar\u0131nda ki art\u0131\u015f\u0131n gayrimenkul sekt\u00f6r\u00fcne etkisi hakk\u0131nda konu\u015ftu.<\/p>\n<p>D\u00f6viz kurlar\u0131n\u0131n y\u00fckseli\u015fi m\u00fclkiyet sahiplerinin fiyatlar\u0131 art\u0131rmas\u0131na sebep oldu, nedeni ise T\u00fcrkiye de yap\u0131lan ticari faaliyetler, in\u015faat maliyetleri, \u00fcretimler ya\u015famsal ihtiya\u00e7lar yurtd\u0131\u015f\u0131 ba\u011flant\u0131l\u0131 olmas\u0131ndan dolay\u0131 d\u00f6vizin artmas\u0131yla genel olarak her \u00fcretime zamlar geldi, bu durumdan dolay\u0131 gayrimenkul sahipleri de kur art\u0131\u015flar\u0131na oranla zamlar yapt\u0131.<\/p>\n<p>Dolar, Euro d\u00f6viz deki yukar\u0131 y\u00fckseli\u015f, ihracat\u0131 daha kazan\u00e7l\u0131 ve karl\u0131 bir hale getirirken ithalat\u0131 pahal\u0131 bir hale getirmektedir. Fakat d\u0131\u015f sat\u0131mda kullan\u0131lan ithal mallar\u0131 ile ihracata giden ithal mallar\u0131n\u0131n da fiyat art\u0131\u015f etkisini dikkate al\u0131rsak durum i\u00e7inden \u00e7\u0131k\u0131lmaz bir hal almaktad\u0131r.<\/p>\n<p>T\u00fcrkiye\u2019de var olan ana ithalat kalemlerinin petrol ve enerji \u00fcr\u00fcnleri oldu\u011funu baz al\u0131rsak i\u00e7inde bulundu\u011fumuz bu d\u00f6nemde d\u00f6viz art\u0131\u015f\u0131n\u0131n bir m\u00fcddet sonra zamanla b\u00fcy\u00fcy\u00fcp maliyetlere yans\u0131mas\u0131 g\u00f6zlenecektir.<\/p>\n<p>Prokule T\u00fcrkiye Gayrimenkul Yetkilisi G\u00f6khan G\u00fcrlek kur\u2019un yukar\u0131 do\u011fru y\u00fckseli\u015fi T\u00fcrk turizminde \u00fclkemize yo\u011funlukla gelmekte olan yabanc\u0131 turistler i\u00e7in ucuzlamas\u0131 ve\/veya yabanc\u0131 uyruklu insanlara sat\u0131lan konutlar\u0131n k\u0131sa d\u00f6nem i\u00e7erisinde daha fiyatl\u0131 hale gelmesi gibi g\u00f6zlemlenen \u00a0olumlu etkileri de var olmakta dedi.<\/p>\n<p>D\u00fcnya \u00dclkeleri\u2019nin ihracat hacimlerinin farkl\u0131 olmas\u0131 T\u00fcrkiye\u2019nin ithalat ihracat\u0131nda EURO ve USD nin etkilerinin ayr\u0131 ayr\u0131 oldu\u011funu da baz ald\u0131\u011f\u0131m\u0131zda \u00a0i\u00e7inden \u00e7\u0131k\u0131lmaz bir hal ald\u0131\u011f\u0131m\u0131z\u0131 s\u00f6yleyebiliriz.<\/p>\n<h2>\u0130n\u015faatlarda maliyetler d\u00f6vize ba\u011f\u0131ml\u0131 m\u0131d\u0131r?<\/h2>\n<p>Prokule T\u00fcrkiye Gayrimenkul yetkilisi G\u00f6khan G\u00fcrlek baz\u0131 kaynaklar in\u015faat maliyetlerinin %80 d\u00f6vize ba\u011fl\u0131 oldu\u011funu s\u00f6ylemekteler, enerjinin \u00a0ve girdilerin bir k\u0131sm\u0131n\u0131n da ithalata ba\u011fl\u0131 olmas\u0131 sebebiyle maliyetler tabi ki etkilenecektir dedi. Fakat d\u00fc\u015f\u00fcn\u00fcld\u00fc\u011f\u00fcn\u00fcn aksine konut fiyatlar\u0131n\u0131n USD birimi ile etkile\u015fim hali d\u00fc\u015f\u00fckt\u00fcr. Konut maliyetlerinin ana girdisi olan toprak \u201cArsa Maliyeti\u201d d\u00f6viz oran\u0131na ba\u011fl\u0131 de\u011fildir. Ayn\u0131 \u015fekilde i\u015f\u00e7ilik maliyetini de ele al\u0131rsak bu da yine d\u00f6viz\u00a0 g\u00f6stergesine ba\u011fl\u0131 de\u011fildir. Hafriyat, ince ve kaba in\u015faat malzemelerinin t\u00fcm\u00fc d\u00f6vize ba\u011fl\u0131 de\u011fildir. Bunlar\u0131n i\u00e7inde yerli ve d\u00f6vizli girdiler yer almaktad\u0131r. \u0130\u015f\u00e7ilik, kar pay\u0131, kira, \u00e7imento, kum gibi.. Bu sebepledir ki d\u00f6vizde ki y\u00fckseli\u015f in\u015faat maliyetlerine yans\u0131yacak hale gelene kadar etkisi azalmakta diyerek s\u00f6zlerini noktalad\u0131.<\/p>\n","protected":false},"excerpt":{"rendered":"<p>Prokule T\u00fcrkiye Gayrimenku Y\u00f6netim Kurulu Ba\u015flan\u0131 Say\u0131n G\u00f6khen G\u00fcrlek d\u00f6viz fiyatlar\u0131nda ki art\u0131\u015f\u0131n gayrimenkul sekt\u00f6r\u00fcne etkisi hakk\u0131nda konu\u015ftu. D\u00f6viz kurlar\u0131n\u0131n y\u00fckseli\u015fi m\u00fclkiyet sahiplerinin fiyatlar\u0131 art\u0131rmas\u0131na sebep oldu, nedeni ise T\u00fcrkiye de yap\u0131lan ticari faaliyetler, in\u015faat maliyetleri, \u00fcretimler ya\u015famsal ihtiya\u00e7lar yurtd\u0131\u015f\u0131 ba\u011flant\u0131l\u0131 olmas\u0131ndan dolay\u0131 d\u00f6vizin artmas\u0131yla genel olarak her \u00fcretime zamlar geldi, bu durumdan dolay\u0131 gayrimenkul [&hellip;]<\/p>\n","protected":false},"author":1,"featured_media":32770,"comment_status":"open","ping_status":"open","sticky":false,"template":"","format":"standard","meta":{"ngg_post_thumbnail":0},"categories":[26],"tags":[14633,67],"_links":{"self":[{"href":"https:\/\/emlaktuel.com\/index.php?rest_route=\/wp\/v2\/posts\/32769"}],"collection":[{"href":"https:\/\/emlaktuel.com\/index.php?rest_route=\/wp\/v2\/posts"}],"about":[{"href":"https:\/\/emlaktuel.com\/index.php?rest_route=\/wp\/v2\/types\/post"}],"author":[{"embeddable":true,"href":"https:\/\/emlaktuel.com\/index.php?rest_route=\/wp\/v2\/users\/1"}],"replies":[{"embeddable":true,"href":"https:\/\/emlaktuel.com\/index.php?rest_route=%2Fwp%2Fv2%2Fcomments&post=32769"}],"version-history":[{"count":2,"href":"https:\/\/emlaktuel.com\/index.php?rest_route=\/wp\/v2\/posts\/32769\/revisions"}],"predecessor-version":[{"id":32772,"href":"https:\/\/emlaktuel.com\/index.php?rest_route=\/wp\/v2\/posts\/32769\/revisions\/32772"}],"wp:featuredmedia":[{"embeddable":true,"href":"https:\/\/emlaktuel.com\/index.php?rest_route=\/wp\/v2\/media\/32770"}],"wp:attachment":[{"href":"https:\/\/emlaktuel.com\/index.php?rest_route=%2Fwp%2Fv2%2Fmedia&parent=32769"}],"wp:term":[{"taxonomy":"category","embeddable":true,"href":"https:\/\/emlaktuel.com\/index.php?rest_route=%2Fwp%2Fv2%2Fcategories&post=32769"},{"taxonomy":"post_tag","embeddable":true,"href":"https:\/\/emlaktuel.com\/index.php?rest_route=%2Fwp%2Fv2%2Ftags&post=32769"}],"curies":[{"name":"wp","href":"https:\/\/api.w.org\/{rel}","templated":true}]}}