{"id":32756,"date":"2020-09-25T10:38:31","date_gmt":"2020-09-25T07:38:31","guid":{"rendered":"https:\/\/emlaktuel.com\/?p=32756"},"modified":"2020-09-25T10:38:31","modified_gmt":"2020-09-25T07:38:31","slug":"golbasi-belediye-baskani-atakent-site-sakilerinin-sorunlari-ile-ilgilendi","status":"publish","type":"post","link":"https:\/\/emlaktuel.com\/?p=32756","title":{"rendered":"G\u00f6lba\u015f\u0131 Belediye Ba\u015fkan\u0131 Atakent site sakilerinin sorunlar\u0131 ile ilgilendi"},"content":{"rendered":"<p><strong>Ba\u015fkan \u015eim\u015fek site sakinlerinin sorunlar\u0131n\u0131 dinledi.\u00a0<\/strong><strong>G\u00f6lba\u015f\u0131 Belediye Ba\u015fkan\u0131 Ramazan \u015eim\u015fek, \u0130ncek Ek Hizmet Binas\u0131\u2019nda d\u00fczenlenen toplant\u0131da Atakent Sitesi sakinleri ile bir araya geldi.<\/strong><\/p>\n<p>Site sakinlerinin problemlerini dinleyerek, b\u00f6lgedeki faaliyetler ile alakal\u0131 bilgi alan Ramazan \u015eim\u015fek, bu tarz toplant\u0131lara \u00e7ok \u00f6nem verdi\u011fini dile getirdi. Mahalle sakinlerinin yap\u0131lmas\u0131n\u0131 istedi\u011fi yerlerdeki talep ve isteklerini bire bir yerinde inceleyen ve dinleyen Ba\u015fkan \u015eim\u015fek, \u00e7al\u0131\u015fmalar\u0131n bir an \u00f6nce ba\u015flat\u0131laca\u011f\u0131n\u0131 belirtti. G\u00f6lba\u015f\u0131 Belediyesi\u2019nin hayata ge\u00e7irece\u011fi projeler hakk\u0131nda da bilgi veren Ba\u015fkan \u015eim\u015fek \u201c30 adet i\u015fyeri, sinema ve ya\u015fam merkezinden olu\u015fan i\u00e7erisinde kendi y\u00fcr\u00fcy\u00fc\u015f caddesi ve meydan\u0131 bulunan, merkezinde \u00fcniversite \u00f6\u011frencileri ve G\u00f6lba\u015f\u0131l\u0131lar\u0131n sosyal hayat\u0131n\u0131 zenginle\u015ftirmeyi ama\u00e7layan projemiz, 11,000 m<sup>2<\/sup>\u2019lik kendi arazisi \u00fczerinde in\u015fa edilecek. Projemiz, tek katl\u0131 ma\u011fazalar\u0131n \u00e7evreledi\u011fi ara\u00e7 trafi\u011fine kapal\u0131 y\u00fcr\u00fcme yolu cadde konseptinde bir a\u00e7\u0131k hava ticaret ve sosyal ya\u015fam merkezi formunda tasarland\u0131. Proje sayesinde G\u00f6lba\u015f\u0131\u2019nda yerle\u015fik \u00fcniversite \u00f6\u011frencileri ve G\u00f6lba\u015f\u0131 halk\u0131; a\u00e7\u0131k hava konseptinde kendi mini meydan\u0131 ve sosyal ye\u015fil alanlar\u0131 olan; \u00f6\u011frenciler ve vatanda\u015f\u0131n t\u00fcm sosyal ihtiya\u00e7lar\u0131n\u0131 kar\u015f\u0131layabilecek bir sosyal ya\u015fam merkezine kavu\u015facak\u201d a\u00e7\u0131klamas\u0131nda bulundu.<\/p>\n","protected":false},"excerpt":{"rendered":"<p>Ba\u015fkan \u015eim\u015fek site sakinlerinin sorunlar\u0131n\u0131 dinledi.\u00a0G\u00f6lba\u015f\u0131 Belediye Ba\u015fkan\u0131 Ramazan \u015eim\u015fek, \u0130ncek Ek Hizmet Binas\u0131\u2019nda d\u00fczenlenen toplant\u0131da Atakent Sitesi sakinleri ile bir araya geldi. Site sakinlerinin problemlerini dinleyerek, b\u00f6lgedeki faaliyetler ile alakal\u0131 bilgi alan Ramazan \u015eim\u015fek, bu tarz toplant\u0131lara \u00e7ok \u00f6nem verdi\u011fini dile getirdi. Mahalle sakinlerinin yap\u0131lmas\u0131n\u0131 istedi\u011fi yerlerdeki talep ve isteklerini bire bir yerinde inceleyen [&hellip;]<\/p>\n","protected":false},"author":1,"featured_media":32757,"comment_status":"open","ping_status":"open","sticky":false,"template":"","format":"standard","meta":{"ngg_post_thumbnail":0},"categories":[26],"tags":[11481],"_links":{"self":[{"href":"https:\/\/emlaktuel.com\/index.php?rest_route=\/wp\/v2\/posts\/32756"}],"collection":[{"href":"https:\/\/emlaktuel.com\/index.php?rest_route=\/wp\/v2\/posts"}],"about":[{"href":"https:\/\/emlaktuel.com\/index.php?rest_route=\/wp\/v2\/types\/post"}],"author":[{"embeddable":true,"href":"https:\/\/emlaktuel.com\/index.php?rest_route=\/wp\/v2\/users\/1"}],"replies":[{"embeddable":true,"href":"https:\/\/emlaktuel.com\/index.php?rest_route=%2Fwp%2Fv2%2Fcomments&post=32756"}],"version-history":[{"count":1,"href":"https:\/\/emlaktuel.com\/index.php?rest_route=\/wp\/v2\/posts\/32756\/revisions"}],"predecessor-version":[{"id":32758,"href":"https:\/\/emlaktuel.com\/index.php?rest_route=\/wp\/v2\/posts\/32756\/revisions\/32758"}],"wp:featuredmedia":[{"embeddable":true,"href":"https:\/\/emlaktuel.com\/index.php?rest_route=\/wp\/v2\/media\/32757"}],"wp:attachment":[{"href":"https:\/\/emlaktuel.com\/index.php?rest_route=%2Fwp%2Fv2%2Fmedia&parent=32756"}],"wp:term":[{"taxonomy":"category","embeddable":true,"href":"https:\/\/emlaktuel.com\/index.php?rest_route=%2Fwp%2Fv2%2Fcategories&post=32756"},{"taxonomy":"post_tag","embeddable":true,"href":"https:\/\/emlaktuel.com\/index.php?rest_route=%2Fwp%2Fv2%2Ftags&post=32756"}],"curies":[{"name":"wp","href":"https:\/\/api.w.org\/{rel}","templated":true}]}}