{"id":32693,"date":"2020-09-15T14:32:16","date_gmt":"2020-09-15T11:32:16","guid":{"rendered":"https:\/\/emlaktuel.com\/?p=32693"},"modified":"2020-09-15T14:32:16","modified_gmt":"2020-09-15T11:32:16","slug":"agustos-ayinda-konut-kredisi-kullanimi-temmuza-gore-geriledi","status":"publish","type":"post","link":"https:\/\/emlaktuel.com\/?p=32693","title":{"rendered":"A\u011fustos ay\u0131nda konut kredisi kullan\u0131m\u0131 temmuza g\u00f6re geriledi"},"content":{"rendered":"<p><strong>\u2018REIDIN-GYODER Yeni Konut Fiyat Endeksi\u2019 A\u011fustos 2020 sonu\u00e7lar\u0131 a\u00e7\u0131kland\u0131. Endekse g\u00f6re A\u011fustos ay\u0131nda fiyatlar, bir \u00f6nceki aya g\u00f6re %0.70, ge\u00e7en y\u0131l\u0131n ayn\u0131 d\u00f6nemine g\u00f6re ise %7.42 oran\u0131nda artt\u0131. Konut al\u0131m\u0131nda banka kredisi kullan\u0131m\u0131n\u0131n 36.23 oran\u0131nda oldu\u011fu A\u011fustos ay\u0131nda,\u00a0<\/strong><strong>markal\u0131 konutlardaki stok erime h\u0131z\u0131 %9.44 seviyesinde ger\u00e7ekle\u015fti.<\/strong><\/p>\n<p><strong>REIDIN Genel M\u00fcd\u00fcr\u00fc Alp \u00c7apa,\u00a0REIDIN-GYODER Yeni Konut Fiyat Endeksi A\u011fustos 2020 sonu\u00e7lar\u0131 hakk\u0131nda \u015funlar\u0131 s\u00f6yledi:\u00a0<\/strong>\u201cA\u011fustos ay\u0131nda bir \u00f6nceki aya g\u00f6re %0.70, ge\u00e7en y\u0131l\u0131n ayn\u0131 d\u00f6nemine g\u00f6re ise %7.42 oran\u0131nda art\u0131\u015f ger\u00e7ekle\u015fti. Sat\u0131\u015flardaki konut bedeli \u00f6deme y\u00f6ntemleri incelendi\u011finde, temmuz ay\u0131na g\u00f6re a\u011fustos ay\u0131nda banka kredisi kullan\u0131m oran\u0131 yakla\u015f\u0131k 8 puan d\u00fc\u015ferek %36.23, pe\u015finat kullan\u0131m oran\u0131 ise 6 puan y\u00fckselerek %43.65 seviyesine ula\u015ft\u0131. Markal\u0131 konut projeleri kapsam\u0131nda yabanc\u0131 yat\u0131r\u0131mc\u0131lara yap\u0131lan sat\u0131\u015flar\u0131n oran\u0131 a\u011fustos ay\u0131nda %7.22 ile alt\u0131 ayl\u0131k ortalaman\u0131n \u00fcst\u00fcnde ger\u00e7ekle\u015fti ve bu sat\u0131\u015flarda %36.28\u2019lik tercih oran\u0131 ile 2+1 \u00f6zellikteki konutlar \u00f6ne \u00e7\u0131kt\u0131. Stok erime h\u0131z\u0131 ise a\u011fustos ay\u0131nda d\u00fc\u015f\u00fc\u015f g\u00f6stererek %9.44 olarak \u00f6l\u00e7\u00fcmlendi.&#8221;<\/p>\n<h2><strong>Yeni konutlarda fiyat art\u0131\u015f\u0131 %0.70<\/strong><\/h2>\n<p><strong>Kamuoyunda \u2018markal\u0131 projeler\u2019 olarak adland\u0131r\u0131lan, a\u011f\u0131rl\u0131kl\u0131 olarak kurumsal gayrimenkul \u015firketlerinin \u00fcretti\u011fi konutlar \u00fczerinden geli\u015ftirilen \u2018<\/strong>REIDIN-GYODER Yeni Konut Fiyat Endeksi\u2019 sonu\u00e7lar\u0131na g\u00f6re; a\u011fustos ay\u0131nda, bir \u00f6nceki aya g\u00f6re\u00a0<a name=\"m_6972972150899229690__Hlk19289223\"><\/a><strong>%<\/strong><strong>0.70<\/strong>, ge\u00e7en y\u0131l\u0131n ayn\u0131 d\u00f6nemine g\u00f6re\u00a0<strong>%7.42<\/strong>\u00a0ve endeksin ba\u015flang\u0131\u00e7 d\u00f6nemi olan 2010 y\u0131l\u0131 Ocak ay\u0131na g\u00f6re ise\u00a0<strong>%101.30<\/strong>\u00a0oran\u0131nda nominal art\u0131\u015f ger\u00e7ekle\u015fti.<\/p>\n<p><strong>1+1, 2+1 ve 3+1\u2019de art\u0131\u015f, 4+1\u2019de azal\u0131\u015f<br \/>\n<\/strong><br \/>\nYeni Konut Fiyat Endeksi\u2019nde, a\u011fustos ay\u0131nda bir \u00f6nceki aya g\u00f6re 1+1 konut tipinde\u00a0<strong>%0.21<\/strong><strong>oran\u0131nda,\u00a0<\/strong>2+1 konut tipinde\u00a0<strong>%0.15\u00a0<\/strong>oran\u0131nda, 3+1 konut tipinde\u00a0<strong>%0.46\u00a0<\/strong><strong>nominal\u00a0<\/strong><strong>art\u0131\u015f<\/strong>\u00a0ve 4+1 konut tipinde\u00a0<strong>%0.12\u00a0<\/strong>oran\u0131nda nominal\u00a0<strong>azal\u0131\u015f<\/strong>\u00a0ya\u015fand\u0131.<\/p>\n<h2><strong>Yabanc\u0131ya sat\u0131\u015f oran\u0131 %7.22<\/strong><\/h2>\n<p>A\u011fustos ay\u0131nda markal\u0131 konut projeleri kapsam\u0131nda ger\u00e7ekle\u015ftirilen sat\u0131\u015flar\u0131n\u00a0<strong>%7.22\u2019lik\u00a0<\/strong>(son 6 ayl\u0131k ortalama %6) k\u0131sm\u0131n\u0131n yabanc\u0131 yat\u0131r\u0131mc\u0131lara yap\u0131ld\u0131\u011f\u0131 g\u00f6zlendi. Bu sat\u0131\u015flarda<strong>\u00a0%36.28\u00a0<\/strong>oran\u0131nda 2+1 \u00f6zellikteki konutlar tercih edildi.<\/p>\n<h2><strong>Banka kredisi kullan\u0131m oran\u0131 %36.23\u2019e geriledi<\/strong><\/h2>\n<p>Markal\u0131 projelerden konut sat\u0131n alan m\u00fc\u015fterilerin pe\u015finat, senet ve banka kredisi kullan\u0131m oranlar\u0131 incelendi\u011finde, a\u011fustos ay\u0131nda pe\u015finat kullan\u0131m oran\u0131\u00a0<strong>%43.65,<\/strong>\u00a0banka kredisi kullan\u0131m oran\u0131\u00a0<strong>%36.23<\/strong>\u00a0ve senet kullan\u0131m oran\u0131\u00a0<strong>%20.12\u00a0<\/strong>olarak ger\u00e7ekle\u015fti. Temmuz ay\u0131nda pe\u015finat kullan\u0131m\u0131\u00a0<strong>%37.51<\/strong>, banka kredisi kullan\u0131m\u0131\u00a0<strong>%44.16<\/strong>, senet kullan\u0131m\u0131\u00a0<strong>%18.33\u00a0<\/strong>olarak ger\u00e7ekle\u015fmi\u015fti.<\/p>\n<h2><strong>Stok erime h\u0131z\u0131: %9.44<\/strong><\/h2>\n<p>A\u011fustos ay\u0131nda markal\u0131 konutlardaki stok erime h\u0131z\u0131 rakamlar\u0131 de\u011ferlendirildi\u011finde adet baz\u0131nda\u00a0<strong>%9.44\u00a0<\/strong>oran\u0131nda erime g\u00f6zlendi. Temmuz ay\u0131nda stok erime h\u0131z\u0131<strong>\u00a0%11.78<\/strong>\u00a0oran\u0131nda ger\u00e7ekle\u015fmi\u015fti.<\/p>\n<h2><strong>Sat\u0131\u015flar\u0131n %53.07\u2019si bitmi\u015f konut stoklar\u0131ndan<\/strong><\/h2>\n<p>A\u011fustos ay\u0131nda sat\u0131\u015f\u0131 ger\u00e7ekle\u015ftirilen markal\u0131 konutlar\u0131n\u00a0<strong>%53.07<\/strong>\u2019si bitmi\u015f konut stoklar\u0131ndan,\u00a0<strong>%46.93<\/strong>\u2019\u00fc bitmemi\u015f konut stoklar\u0131ndan olu\u015ftu. Temmuz ay\u0131nda ise sat\u0131\u015flar\u0131n\u00a0<strong>%66.87<\/strong>\u2019si bitmi\u015f,\u00a0<strong>%33.13<\/strong>\u2019\u00fc bitmemi\u015f konut stoklar\u0131ndan olu\u015fmu\u015ftu<\/p>\n","protected":false},"excerpt":{"rendered":"<p>\u2018REIDIN-GYODER Yeni Konut Fiyat Endeksi\u2019 A\u011fustos 2020 sonu\u00e7lar\u0131 a\u00e7\u0131kland\u0131. Endekse g\u00f6re A\u011fustos ay\u0131nda fiyatlar, bir \u00f6nceki aya g\u00f6re %0.70, ge\u00e7en y\u0131l\u0131n ayn\u0131 d\u00f6nemine g\u00f6re ise %7.42 oran\u0131nda artt\u0131. Konut al\u0131m\u0131nda banka kredisi kullan\u0131m\u0131n\u0131n 36.23 oran\u0131nda oldu\u011fu A\u011fustos ay\u0131nda,\u00a0markal\u0131 konutlardaki stok erime h\u0131z\u0131 %9.44 seviyesinde ger\u00e7ekle\u015fti. REIDIN Genel M\u00fcd\u00fcr\u00fc Alp \u00c7apa,\u00a0REIDIN-GYODER Yeni Konut Fiyat Endeksi A\u011fustos [&hellip;]<\/p>\n","protected":false},"author":1,"featured_media":29043,"comment_status":"open","ping_status":"open","sticky":false,"template":"","format":"standard","meta":{"ngg_post_thumbnail":0},"categories":[5388],"tags":[2241,2044,5548],"_links":{"self":[{"href":"https:\/\/emlaktuel.com\/index.php?rest_route=\/wp\/v2\/posts\/32693"}],"collection":[{"href":"https:\/\/emlaktuel.com\/index.php?rest_route=\/wp\/v2\/posts"}],"about":[{"href":"https:\/\/emlaktuel.com\/index.php?rest_route=\/wp\/v2\/types\/post"}],"author":[{"embeddable":true,"href":"https:\/\/emlaktuel.com\/index.php?rest_route=\/wp\/v2\/users\/1"}],"replies":[{"embeddable":true,"href":"https:\/\/emlaktuel.com\/index.php?rest_route=%2Fwp%2Fv2%2Fcomments&post=32693"}],"version-history":[{"count":1,"href":"https:\/\/emlaktuel.com\/index.php?rest_route=\/wp\/v2\/posts\/32693\/revisions"}],"predecessor-version":[{"id":32694,"href":"https:\/\/emlaktuel.com\/index.php?rest_route=\/wp\/v2\/posts\/32693\/revisions\/32694"}],"wp:featuredmedia":[{"embeddable":true,"href":"https:\/\/emlaktuel.com\/index.php?rest_route=\/wp\/v2\/media\/29043"}],"wp:attachment":[{"href":"https:\/\/emlaktuel.com\/index.php?rest_route=%2Fwp%2Fv2%2Fmedia&parent=32693"}],"wp:term":[{"taxonomy":"category","embeddable":true,"href":"https:\/\/emlaktuel.com\/index.php?rest_route=%2Fwp%2Fv2%2Fcategories&post=32693"},{"taxonomy":"post_tag","embeddable":true,"href":"https:\/\/emlaktuel.com\/index.php?rest_route=%2Fwp%2Fv2%2Ftags&post=32693"}],"curies":[{"name":"wp","href":"https:\/\/api.w.org\/{rel}","templated":true}]}}