{"id":32545,"date":"2020-08-18T11:44:29","date_gmt":"2020-08-18T08:44:29","guid":{"rendered":"https:\/\/emlaktuel.com\/?p=32545"},"modified":"2020-08-18T11:44:29","modified_gmt":"2020-08-18T08:44:29","slug":"faruk-akbal-uluslararasi-ucuslarin-acilmasi-pandeminin-yarattigi-olumsuz-tabloyu-ortadan-kaldirmaya-basladi","status":"publish","type":"post","link":"https:\/\/emlaktuel.com\/?p=32545","title":{"rendered":"Faruk Akbal: \u201cUluslararas\u0131 u\u00e7u\u015flar\u0131n a\u00e7\u0131lmas\u0131, pandeminin yaratt\u0131\u011f\u0131 olumsuz tabloyu ortadan kald\u0131rmaya ba\u015flad\u0131\u201d"},"content":{"rendered":"<p><strong>Temmuz ay\u0131nda uluslararas\u0131 yat\u0131r\u0131mc\u0131ya 2 bin 772 konut sat\u0131ld\u0131. Uluslararas\u0131 u\u00e7u\u015flar\u0131n a\u00e7\u0131lmas\u0131n\u0131n pandeminin yaratt\u0131\u011f\u0131 olumsuz tabloyu ortadan kald\u0131rmaya ba\u015flad\u0131\u011f\u0131n\u0131 s\u00f6yleyen Gayrimenkul Yurt D\u0131\u015f\u0131 Tan\u0131t\u0131m Derne\u011fi Ba\u015fkan\u0131 (G\u0130GDER) \u00d6mer Faruk Akbal, \u00f6zellikle do\u011fayla b\u00fct\u00fcnle\u015fik evlerin sat\u0131\u015flar\u0131ndaki art\u0131\u015fa dikkati \u00e7ekti. Akbal, \u00f6n\u00fcm\u00fczdeki d\u00f6nemde uluslararas\u0131 yat\u0131r\u0131mc\u0131ya konut sat\u0131\u015flar\u0131nda, sa\u011fl\u0131k tesisleriyle entegre yap\u0131lar\u0131n \u00f6ne \u00e7\u0131kaca\u011f\u0131 y\u00f6n\u00fcndeki beklentisini de payla\u015ft\u0131.<\/strong><\/p>\n<p>Temmuz ay\u0131nda yap\u0131lan konut sat\u0131\u015flar\u0131n\u0131 de\u011ferlendiren Gayrimenkul Yurt D\u0131\u015f\u0131 Tan\u0131t\u0131m Derne\u011fi (G\u0130GDER) Ba\u015fkan\u0131 \u00d6mer Faruk Akbal, uluslararas\u0131 yat\u0131r\u0131mc\u0131ya konut sat\u0131\u015f\u0131nda ge\u00e7en y\u0131l\u0131n ayn\u0131 d\u00f6nemine g\u00f6re bir azalma olsa da pandemiye ra\u011fmen sat\u0131\u015flar\u0131n iyi gitti\u011fini s\u00f6yledi. Haziran ay\u0131nda uluslararas\u0131 yat\u0131r\u0131mc\u0131ya bin 679 konut sat\u0131ld\u0131\u011f\u0131n\u0131, temmuz ay\u0131nda bu rakam\u0131n 2 bin 772\u2019ye \u00e7\u0131kt\u0131\u011f\u0131n\u0131 s\u00f6yleyen Akbal, \u00f6zellikle uluslararas\u0131 u\u00e7u\u015flar\u0131n a\u00e7\u0131lmas\u0131n\u0131n pandeminin yaratt\u0131\u011f\u0131 olumsuz tabloyu ortadan kald\u0131rmaya ba\u015flad\u0131\u011f\u0131n\u0131 belirtti. A\u011fustos ay\u0131nda da uluslararas\u0131 yat\u0131r\u0131mc\u0131ya konut sat\u0131\u015f\u0131n\u0131n artarak s\u00fcrd\u00fc\u011f\u00fcn\u00fcn alt\u0131n\u0131 \u00e7izen Akbal, pandeminin de etkisiyle \u015fehir merkezinden uzakla\u015farak do\u011fayla b\u00fct\u00fcnle\u015fik evlere talebin art\u0131\u011f\u0131n\u0131 s\u00f6yledi. Akbal, ayr\u0131ca sa\u011fl\u0131k tesisleriyle entegre yap\u0131lar\u0131n pandemiyle birlikte \u00f6ne \u00e7\u0131kmas\u0131n\u0131 beklediklerini de s\u00f6zlerine ekledi.<\/p>\n<h2><strong>Nereden konut al\u0131yorlar?<\/strong><\/h2>\n<p>G\u0130GDER Ba\u015fkan\u0131 Akbal, uluslararas\u0131 yat\u0131r\u0131mc\u0131ya yap\u0131lan konut sat\u0131\u015flar\u0131nda, Temmuz 2020&#8217;de ilk s\u0131ray\u0131 bin 46 konut sat\u0131\u015f\u0131 ile \u0130stanbul\u2019un ald\u0131\u011f\u0131n\u0131 s\u00f6yledi. \u0130stanbul ilini s\u0131ras\u0131yla 615 konut sat\u0131\u015f\u0131 ile Antalya, 230 konut sat\u0131\u015f\u0131 ile Ankara, 101 konut sat\u0131\u015f\u0131 ile Mersin ve 88 konut sat\u0131\u015f\u0131 ile Yalova\u2019n\u0131n izledi\u011fini aktaran Akbal, \u00fclke uyruklar\u0131na g\u00f6re ise en \u00e7ok konut sat\u0131\u015f\u0131n\u0131n \u0130ran vatanda\u015flar\u0131na yap\u0131ld\u0131\u011f\u0131n\u0131 belirtti.<\/p>\n<p>Temmuz ay\u0131nda \u0130ran vatanda\u015flar\u0131n\u0131n T\u00fcrkiye&#8217;den 540 konut sat\u0131n ald\u0131\u011f\u0131n\u0131n \u00fczerinde duran Akbal, \u201c\u0130ran&#8217;\u0131 s\u0131ras\u0131yla, 388 konut ile Irak, 154 konut ile Rusya Federasyonu, 149 konut ile Afganistan ve 143 konut ile Almanya izledi\u201d diye konu\u015ftu<\/p>\n","protected":false},"excerpt":{"rendered":"<p>Temmuz ay\u0131nda uluslararas\u0131 yat\u0131r\u0131mc\u0131ya 2 bin 772 konut sat\u0131ld\u0131. Uluslararas\u0131 u\u00e7u\u015flar\u0131n a\u00e7\u0131lmas\u0131n\u0131n pandeminin yaratt\u0131\u011f\u0131 olumsuz tabloyu ortadan kald\u0131rmaya ba\u015flad\u0131\u011f\u0131n\u0131 s\u00f6yleyen Gayrimenkul Yurt D\u0131\u015f\u0131 Tan\u0131t\u0131m Derne\u011fi Ba\u015fkan\u0131 (G\u0130GDER) \u00d6mer Faruk Akbal, \u00f6zellikle do\u011fayla b\u00fct\u00fcnle\u015fik evlerin sat\u0131\u015flar\u0131ndaki art\u0131\u015fa dikkati \u00e7ekti. Akbal, \u00f6n\u00fcm\u00fczdeki d\u00f6nemde uluslararas\u0131 yat\u0131r\u0131mc\u0131ya konut sat\u0131\u015flar\u0131nda, sa\u011fl\u0131k tesisleriyle entegre yap\u0131lar\u0131n \u00f6ne \u00e7\u0131kaca\u011f\u0131 y\u00f6n\u00fcndeki beklentisini de payla\u015ft\u0131. [&hellip;]<\/p>\n","protected":false},"author":1,"featured_media":24290,"comment_status":"open","ping_status":"open","sticky":false,"template":"","format":"standard","meta":{"ngg_post_thumbnail":0},"categories":[5388],"tags":[11983,14560],"_links":{"self":[{"href":"https:\/\/emlaktuel.com\/index.php?rest_route=\/wp\/v2\/posts\/32545"}],"collection":[{"href":"https:\/\/emlaktuel.com\/index.php?rest_route=\/wp\/v2\/posts"}],"about":[{"href":"https:\/\/emlaktuel.com\/index.php?rest_route=\/wp\/v2\/types\/post"}],"author":[{"embeddable":true,"href":"https:\/\/emlaktuel.com\/index.php?rest_route=\/wp\/v2\/users\/1"}],"replies":[{"embeddable":true,"href":"https:\/\/emlaktuel.com\/index.php?rest_route=%2Fwp%2Fv2%2Fcomments&post=32545"}],"version-history":[{"count":1,"href":"https:\/\/emlaktuel.com\/index.php?rest_route=\/wp\/v2\/posts\/32545\/revisions"}],"predecessor-version":[{"id":32546,"href":"https:\/\/emlaktuel.com\/index.php?rest_route=\/wp\/v2\/posts\/32545\/revisions\/32546"}],"wp:featuredmedia":[{"embeddable":true,"href":"https:\/\/emlaktuel.com\/index.php?rest_route=\/wp\/v2\/media\/24290"}],"wp:attachment":[{"href":"https:\/\/emlaktuel.com\/index.php?rest_route=%2Fwp%2Fv2%2Fmedia&parent=32545"}],"wp:term":[{"taxonomy":"category","embeddable":true,"href":"https:\/\/emlaktuel.com\/index.php?rest_route=%2Fwp%2Fv2%2Fcategories&post=32545"},{"taxonomy":"post_tag","embeddable":true,"href":"https:\/\/emlaktuel.com\/index.php?rest_route=%2Fwp%2Fv2%2Ftags&post=32545"}],"curies":[{"name":"wp","href":"https:\/\/api.w.org\/{rel}","templated":true}]}}