{"id":32416,"date":"2020-07-24T09:28:56","date_gmt":"2020-07-24T06:28:56","guid":{"rendered":"https:\/\/emlaktuel.com\/?p=32416"},"modified":"2020-07-24T13:18:45","modified_gmt":"2020-07-24T10:18:45","slug":"and-pastelde-satilan-konut-sayisi-120ye-ulasti","status":"publish","type":"post","link":"https:\/\/emlaktuel.com\/?p=32416","title":{"rendered":"AND Pastel\u2019de Sat\u0131lan Konut Say\u0131s\u0131 120\u2019ye Ula\u015ft\u0131"},"content":{"rendered":"<h3><strong>Anadolu Grubu\u2019nun gayrimenkul sekt\u00f6r\u00fcndeki markas\u0131 AND Gayrimenkul\u2019\u00fcn ilk konut projesi AND Pastel; d\u00fc\u015f\u00fck faizli konut kredisi kampanyas\u0131yla ev sahibi olmak isteyenlerin tercihi oldu.<\/strong><\/h3>\n<p><strong>Haziran ay\u0131 itibariyle ba\u015flayan faiz kampanyas\u0131 kapsam\u0131nda, sat\u0131lan daire say\u0131s\u0131nda 120 adede ula\u015f\u0131l\u0131rken, projede ya\u015fayan aile say\u0131s\u0131 da 1.000\u2019i ge\u00e7ti.<\/strong><\/p>\n<p>Son zamanlar\u0131n en d\u00fc\u015f\u00fck faizli konut kredi kampanyas\u0131na Kartal&#8217;\u0131n en b\u00fcy\u00fck \u00f6l\u00e7ekli projelerinden biri olan AND Pastel projesi ile dahil olan AND Gayrimenkul, ev sahibi olmak isteyenlere avantajl\u0131 ko\u015fullar sunuyor. Kampanya kapsam\u0131nda 0,64 faiz ve 180 ay vade uygulan\u0131rken, 1 y\u0131l \u00f6demesiz d\u00f6nem ile ya\u015famaya hemen, \u00f6demeye 1 y\u0131l sonra ba\u015flanabiliyor.<\/p>\n<p>AND Gayrimenkul; avantajl\u0131 faiz oranlar\u0131n\u0131n a\u00e7\u0131klanmas\u0131yla birlikte Haziran ba\u015f\u0131ndan itibaren b\u00fcy\u00fck ilgi ile kar\u015f\u0131la\u015f\u0131rken, tek projede sat\u0131lan daire say\u0131s\u0131 120\u2019ye ula\u015ft\u0131.<\/p>\n<p><strong>Projede Ya\u015fayan Ailelerin Say\u0131s\u0131 1.000\u2019i A\u015ft\u0131<\/strong><\/p>\n<p>AND Gayrimenkul, faiz avantaj\u0131n\u0131n yan\u0131 s\u0131ra AND Pastel projesinde hemen tapu teslim yap\u0131labiliyor ve hemen oturuma ba\u015flanabiliyor. Sat\u0131\u015f\u0131 yap\u0131lan dairelerin h\u0131zl\u0131 bir \u015fekilde teslim operasyonunun da y\u00fcr\u00fct\u00fclmesi ile birlikte AND Pastel\u2019de ya\u015fayan aile say\u0131s\u0131 1.000\u2019i a\u015ft\u0131.<\/p>\n<p>Kartal metrosuna 300 metre y\u00fcr\u00fcme mesafesinde yer alan AND Pastel, 30.000 metrekare b\u00fcy\u00fckl\u00fc\u011f\u00fcnde peyzaj alan\u0131, a\u00e7\u0131k ve kapal\u0131 sosyal aktivite olanaklar\u0131 ile siteden \u00e7\u0131kmadan sosyalle\u015fmeye f\u0131rsat sunarken; market, okul \u00f6ncesi e\u011fitim kurumu, kuaf\u00f6r, pastane, ATM gibi alanlar\u0131 ile de evden uzakla\u015fmadan bir\u00e7ok ana ihtiyac\u0131 kar\u015f\u0131lamaya yard\u0131mc\u0131 oluyor. Alan\u0131nda uzman dan\u0131\u015fmanlarla, standart y\u00f6netmeliklerin de \u00fczerinde bir deprem dayan\u0131kl\u0131l\u0131\u011f\u0131 ile in\u015fa edilen projede ayn\u0131 zamanda, b\u00fcy\u00fck balkonlu (40m2\u2019ye varan) ve bah\u00e7eli daireler g\u00fcnl\u00fck \u00f6zel ya\u015famda ki\u015fisel sosyal alanlar\u0131n yarat\u0131lmas\u0131na da olanak sa\u011fl\u0131yor. Proje i\u00e7erisinde yer alan \u00f6zel alanlar sayesinde proje sakinleri kendi sebzelerini yeti\u015ftirebiliyor, hamak alanlar\u0131nda dinlenebiliyor, piknik ve spor gibi aktiviteler yapabiliyor.<\/p>\n<p><strong>AND Gayrimenkul Hakk\u0131nda<\/strong><\/p>\n<p>AND Gayrimenkul, gayrimenkul geli\u015ftirme &#8211; yat\u0131r\u0131m &#8211; y\u00f6netim alanlar\u0131nda faaliyet g\u00f6stermektedir. Anadolu Grubu\u2019nun y\u00fczde y\u00fcz i\u015ftiraki olarak Kas\u0131m 2011\u2019de faaliyetlerine ba\u015flayan AND Gayrimenkul, yap-sat de\u011fil \u201cYAP-YA\u015eAT\u201d felsefesi ile projelerini hayata ge\u00e7irmektedir. Planl\u0131 ve profesyonel bir yakla\u015f\u0131mla, m\u00fc\u015fterilerinin ihtiya\u00e7 ve beklentilerine en uygun \u00e7\u00f6z\u00fcmleri sunmak amac\u0131 ile hayata ge\u00e7irdi\u011fi ilk ofis projesi AND Kozyata\u011f\u0131\u2019nda ya\u015fam ba\u015flam\u0131\u015ft\u0131r. AND Gayrimenkul\u2019un ikinci projesi olan karma kullan\u0131ml\u0131 konut projesi AND Pastel ise y\u00fckselen de\u011fer Kartal\u2019a \u201cYeni Nesil Mahalle\u201d anlay\u0131\u015f\u0131n\u0131 getiriyor.<\/p>\n<p><strong>AND Pastel Hakk\u0131nda<\/strong><\/p>\n<p>Kartal\u2019da, Adalar ve deniz manzaras\u0131na h\u00e2kim evleriyle; \u0130stanbul\u2019un ana ula\u015f\u0131m akslar\u0131ndan E-5\u2019in hemen yan\u0131nda, metroya y\u00fcr\u00fcme mesafesinde yer alan konumu ile dikkat \u00e7eken AND Pastel, 7 blok ve 1250 konuttan olu\u015fuyor. HPP Architects taraf\u0131ndan tasarlanan proje \u2018Yeni Nesil Mahalle\u2019 konseptiyle ge\u00e7mi\u015fin \u00f6zlem duyulan mahalle ya\u015fam\u0131n\u0131 yeni nesil ihtiya\u00e7lara cevap verecek \u015fekilde yeniden tan\u0131ml\u0131yor. AND Pastel, Sign of the City Awards \u2013 \u2018T\u00fcrkiye\u2019nin En iyi Konut Projesi\u2019 ve European Property Awards \u2013 \u2018Avrupa\u2019n\u0131n En iyi Peyzaj Mimarisi\u2019 de dahil olmak \u00fczere 8 farkl\u0131 ulusal ve uluslararas\u0131 \u00f6d\u00fcle lay\u0131k g\u00f6r\u00fcld\u00fc.<\/p>\n","protected":false},"excerpt":{"rendered":"<p>Anadolu Grubu\u2019nun gayrimenkul sekt\u00f6r\u00fcndeki markas\u0131 AND Gayrimenkul\u2019\u00fcn ilk konut projesi AND Pastel; d\u00fc\u015f\u00fck faizli konut kredisi kampanyas\u0131yla ev sahibi olmak isteyenlerin tercihi oldu. Haziran ay\u0131 itibariyle ba\u015flayan faiz kampanyas\u0131 kapsam\u0131nda, sat\u0131lan daire say\u0131s\u0131nda 120 adede ula\u015f\u0131l\u0131rken, projede ya\u015fayan aile say\u0131s\u0131 da 1.000\u2019i ge\u00e7ti. Son zamanlar\u0131n en d\u00fc\u015f\u00fck faizli konut kredi kampanyas\u0131na Kartal&#8217;\u0131n en b\u00fcy\u00fck \u00f6l\u00e7ekli [&hellip;]<\/p>\n","protected":false},"author":1,"featured_media":32442,"comment_status":"open","ping_status":"open","sticky":false,"template":"","format":"standard","meta":{"ngg_post_thumbnail":0},"categories":[5388],"tags":[3383],"_links":{"self":[{"href":"https:\/\/emlaktuel.com\/index.php?rest_route=\/wp\/v2\/posts\/32416"}],"collection":[{"href":"https:\/\/emlaktuel.com\/index.php?rest_route=\/wp\/v2\/posts"}],"about":[{"href":"https:\/\/emlaktuel.com\/index.php?rest_route=\/wp\/v2\/types\/post"}],"author":[{"embeddable":true,"href":"https:\/\/emlaktuel.com\/index.php?rest_route=\/wp\/v2\/users\/1"}],"replies":[{"embeddable":true,"href":"https:\/\/emlaktuel.com\/index.php?rest_route=%2Fwp%2Fv2%2Fcomments&post=32416"}],"version-history":[{"count":1,"href":"https:\/\/emlaktuel.com\/index.php?rest_route=\/wp\/v2\/posts\/32416\/revisions"}],"predecessor-version":[{"id":32417,"href":"https:\/\/emlaktuel.com\/index.php?rest_route=\/wp\/v2\/posts\/32416\/revisions\/32417"}],"wp:featuredmedia":[{"embeddable":true,"href":"https:\/\/emlaktuel.com\/index.php?rest_route=\/wp\/v2\/media\/32442"}],"wp:attachment":[{"href":"https:\/\/emlaktuel.com\/index.php?rest_route=%2Fwp%2Fv2%2Fmedia&parent=32416"}],"wp:term":[{"taxonomy":"category","embeddable":true,"href":"https:\/\/emlaktuel.com\/index.php?rest_route=%2Fwp%2Fv2%2Fcategories&post=32416"},{"taxonomy":"post_tag","embeddable":true,"href":"https:\/\/emlaktuel.com\/index.php?rest_route=%2Fwp%2Fv2%2Ftags&post=32416"}],"curies":[{"name":"wp","href":"https:\/\/api.w.org\/{rel}","templated":true}]}}