{"id":32391,"date":"2020-07-21T13:21:18","date_gmt":"2020-07-21T10:21:18","guid":{"rendered":"https:\/\/emlaktuel.com\/?p=32391"},"modified":"2020-07-21T13:21:18","modified_gmt":"2020-07-21T10:21:18","slug":"kiler-gyo-referans-markali-konut-projeleri-ile-2020-sonuna-kadar-400-milyon-tllik-satis-hedefliyor","status":"publish","type":"post","link":"https:\/\/emlaktuel.com\/?p=32391","title":{"rendered":"Kiler GYO, Referans markal\u0131 konut projeleri ile 2020 sonuna kadar 400 milyon TL\u2019lik sat\u0131\u015f hedefliyor"},"content":{"rendered":"<p><strong>Kiler GYO, Referans markal\u0131 konut projeleri ile y\u0131l sonuna kadar 400 milyon TL\u2019lik sat\u0131\u015f hedefliyor<\/strong><\/p>\n<p><strong>Konut sekt\u00f6r\u00fcnde \u2018Referans\u2019 markas\u0131yla \u00f6nc\u00fc rol\u00fc \u00fcstlenen Kiler GYO<\/strong>,\u00a0<strong>h\u00fck\u00fcmetin ba\u015flatt\u0131\u011f\u0131 ayl\u0131k 0,64 vade fark\u0131, 12 ay \u00f6demesiz d\u00f6nem ve y\u00fczde 10 pe\u015finat avantaj\u0131 sunan kampanya d\u00f6neminde, 110 milyon TL\u2019lik sat\u0131\u015f yaparken, kampanya devam\u0131nda y\u0131l sonuna kadar toplam 400 milyon TL\u2019lik sat\u0131\u015f hedefliyor.<\/strong><\/p>\n<p>Covid-19 salg\u0131n\u0131 ile birlikte konut sekt\u00f6r\u00fcndeki sat\u0131\u015flar\u0131n hem yerli hem de yurt d\u0131\u015f\u0131 m\u00fc\u015fteriler kapsam\u0131nda durma noktas\u0131na geldi\u011fi bir d\u00f6nemde, h\u00fck\u00fcmetin a\u00e7\u0131klad\u0131\u011f\u0131 kredi destek paketi sayesinde hareketlenen konut sekt\u00f6r\u00fc hakk\u0131nda de\u011ferlendirmelerde bulunan\u00a0<strong>Kiler GYO Y\u00f6netim Kurulu Ba\u015fkan\u0131 Nahit Kiler<\/strong>, \u201cKampanya d\u00f6nemine \u201cReferans\u201d markal\u0131 4 projemiz olan Referans Kartal Towers, Referans Kartal Kordonboyu, Referans Bah\u00e7e\u015fehir ve Referans Ba\u015fak\u015fehir Vadi ile kat\u0131ld\u0131k. Referans Kartal Tower\u2019da Nisan 2020\u2019de ya\u015fam ba\u015flam\u0131\u015f olup, hemen teslim hemen tapu avantaj\u0131 ile kalan s\u0131n\u0131rl\u0131 say\u0131da daire sat\u0131\u015flar\u0131m\u0131z devam etmektedir. \u0130n\u015faatlar\u0131 h\u0131zla devam eden Referans Kartal Kordonboyu projemizin A\u011fustos 2020\u2019de, Referans Bah\u00e7e\u015fehir projemizin 2021 y\u0131l\u0131 i\u00e7inde, Referans Ba\u015fak\u015fehir Vadi projemizin ise bu y\u0131l sonunda sahiplerine teslim edilmesi planlanmaktad\u0131r. Kendi projelerimiz haricinde Beylikd\u00fcz\u00fc b\u00f6lgesinde arsa sahibi olarak yer ald\u0131\u011f\u0131m\u0131z, geli\u015ftiricili\u011fini ve m\u00fcteahhitli\u011fini sekt\u00f6r\u00fcn di\u011fer \u00f6nc\u00fc firmalar\u0131n\u0131n yapt\u0131\u011f\u0131 Marmara Evleri 4 ve Prestij 5 Konaklar\u0131 projelerinde de kampanya d\u00f6neminde sat\u0131\u015flar ba\u015far\u0131l\u0131 bi\u00e7imde devam etmektedir.<\/p>\n<p>H\u00fck\u00fcmetimizin ve sa\u011fl\u0131k bakanl\u0131\u011f\u0131n\u0131n sergiledi\u011fi \u00f6zverili, \u00fcst\u00fcn \u00e7al\u0131\u015fma gayreti ve erken al\u0131nan tedbirler neticesinde sa\u011flanan ba\u015far\u0131 ile T\u00fcrkiye, d\u00fcnya \u00e7ap\u0131nda \u201csalg\u0131n s\u00fcrecinin en iyi y\u00f6netildi\u011fi \u00fclke\u201d konumuna ula\u015ft\u0131. Ayn\u0131 \u015fekilde ekonomi y\u00f6netimimiz de gerek salg\u0131n d\u00f6neminde ekonominin tamamen durmas\u0131n\u0131 engellemek ve gerekse salg\u0131n sonras\u0131 ekonominin \u00e7arklar\u0131n\u0131n h\u0131zla d\u00f6nmesini sa\u011flayacak bir dizi karar\u0131 aral\u0131ks\u0131z bi\u00e7imde devreye ald\u0131. Y\u00fcr\u00fct\u00fclen bu denli ba\u015far\u0131l\u0131 \u00e7al\u0131\u015fmalar i\u00e7in ba\u015fta Cumhurba\u015fkan\u0131m\u0131za olmak \u00fczere, Sa\u011fl\u0131k Bakan\u0131m\u0131za ve t\u00fcm sa\u011fl\u0131k \u00e7al\u0131\u015fanlar\u0131na, Hazine ve Maliye Bakan\u0131m\u0131za te\u015fekk\u00fcr ediyoruz.<\/p>\n<p>H\u00fck\u00fcmetimizin a\u00e7\u0131klad\u0131\u011f\u0131 kredi destek paketi konut sekt\u00f6r\u00fcn\u00fc ciddi anlamda hareketlendirdi. Paket ile a\u00e7\u0131klanan ayl\u0131k 0,64 vade fark\u0131, 12 ay \u00f6demesiz d\u00f6nem ve %10 pe\u015finat avantaj\u0131 ile, bu zamana kadar konut alma f\u0131rsat\u0131n\u0131 elde edememi\u015f hatta hayal bile edememi\u015f bir\u00e7ok vatanda\u015f\u0131m\u0131z ev sahibi oldu. Y\u0131l sonuna kadar, birikmi\u015f olan bu talebin f\u0131rsat kredi paketi ile kar\u015f\u0131lanmas\u0131, sekt\u00f6r\u00fcn geli\u015ftirici taraf\u0131nda da gelecek d\u00f6neme ait yat\u0131r\u0131mlara g\u00fcven ve h\u0131z kazand\u0131racakt\u0131r\u201d dedi.<\/p>\n<h2><strong>2020&#8217;nin yeni projesi Referans Panorada ba\u015fl\u0131yor<\/strong><\/h2>\n<p>Kampanya s\u00fcrecinde \u00e7ok yo\u011fun bir ilgi ile kar\u015f\u0131la\u015ft\u0131klar\u0131n\u0131n alt\u0131n\u0131 \u00e7izen Nahit Kiler, telefon, mail vas\u0131tas\u0131yla toplam\u00a0<strong>15 bin 450\u00a0<\/strong>ki\u015fi ile ileti\u015fim sa\u011flad\u0131klar\u0131n\u0131, sat\u0131\u015f ofislerini ise toplam\u00a0<strong>bin 420<\/strong>\u00a0misafir a\u011f\u0131rlad\u0131klar\u0131n\u0131 belirtti.<\/p>\n<p>Kampanya d\u00f6neminde 37,1 milyon TL\u2019lik sat\u0131\u015f ve has\u0131lat payla\u015f\u0131m\u0131 s\u00f6zle\u015fmesini tamamlad\u0131klar\u0131n\u0131 dile getiren Kiler, \u201c72,9 milyon TL\u2019lik sat\u0131\u015f i\u00e7in kaparo al\u0131nm\u0131\u015f banka ve s\u00f6zle\u015fme i\u015flemleri devam etmektedir. Toplam 110 milyon TL\u2019ye ula\u015fan sat\u0131\u015flar sonras\u0131, kampanya devam\u0131nda y\u0131l sonuna kadar toplam 400 milyon TL\u2019lik sat\u0131\u015f hedefimize ula\u015faca\u011f\u0131m\u0131za inan\u0131yoruz. Kiler GYO olarak, \u00fclkemizin gelece\u011fine duydu\u011fumuz g\u00fcven neticesinde, devam eden projelerimiz haricinde Kartal b\u00f6lgesinde di\u011fer projelerimiz gibi sahile y\u00fcr\u00fcme mesafesinde, Marmara Denizi ve Adalar manzaras\u0131na sahip yeni projemiz Referans Panorada\u2019da bu y\u0131l i\u00e7inde in\u015faat ve sat\u0131\u015f \u00e7al\u0131\u015fmalar\u0131na ba\u015flamay\u0131 planl\u0131yoruz\u201d dedi.<\/p>\n<h2><strong>A\u011fustos&#8217;dan itibaren yabanc\u0131 m\u00fc\u015fteri bekliyoruz<\/strong><\/h2>\n<p>Kampanya d\u00f6neminde yurt i\u00e7i talebe kar\u015f\u0131l\u0131k verdiklerini belirten Nahit Kiler, gayrimenkul sekt\u00f6r\u00fcnde ikinci bir f\u0131rsat imkan\u0131n\u0131n \u00f6zellikle salg\u0131n sonras\u0131 T\u00fcrkiye\u2019de ya\u015famak isteyen yabanc\u0131 uyruklu ki\u015filerden olaca\u011f\u0131n\u0131 vurgulad\u0131. Kiler, a\u011fustos ay\u0131ndan itibaren ula\u015f\u0131m serbestli\u011finin sa\u011flanmas\u0131 ile ge\u00e7mi\u015f be\u015f ayda duran yabanc\u0131 \u00fclke vatanda\u015flar\u0131na yap\u0131lan sat\u0131\u015flar\u0131n sekt\u00f6r i\u00e7in ikinci talep patlamas\u0131 olu\u015fturaca\u011f\u0131 de\u011ferlendirmesinde bulundu.<\/p>\n","protected":false},"excerpt":{"rendered":"<p>Kiler GYO, Referans markal\u0131 konut projeleri ile y\u0131l sonuna kadar 400 milyon TL\u2019lik sat\u0131\u015f hedefliyor Konut sekt\u00f6r\u00fcnde \u2018Referans\u2019 markas\u0131yla \u00f6nc\u00fc rol\u00fc \u00fcstlenen Kiler GYO,\u00a0h\u00fck\u00fcmetin ba\u015flatt\u0131\u011f\u0131 ayl\u0131k 0,64 vade fark\u0131, 12 ay \u00f6demesiz d\u00f6nem ve y\u00fczde 10 pe\u015finat avantaj\u0131 sunan kampanya d\u00f6neminde, 110 milyon TL\u2019lik sat\u0131\u015f yaparken, kampanya devam\u0131nda y\u0131l sonuna kadar toplam 400 milyon TL\u2019lik [&hellip;]<\/p>\n","protected":false},"author":1,"featured_media":32392,"comment_status":"open","ping_status":"open","sticky":false,"template":"","format":"standard","meta":{"ngg_post_thumbnail":0},"categories":[5388],"tags":[514,513,4502],"_links":{"self":[{"href":"https:\/\/emlaktuel.com\/index.php?rest_route=\/wp\/v2\/posts\/32391"}],"collection":[{"href":"https:\/\/emlaktuel.com\/index.php?rest_route=\/wp\/v2\/posts"}],"about":[{"href":"https:\/\/emlaktuel.com\/index.php?rest_route=\/wp\/v2\/types\/post"}],"author":[{"embeddable":true,"href":"https:\/\/emlaktuel.com\/index.php?rest_route=\/wp\/v2\/users\/1"}],"replies":[{"embeddable":true,"href":"https:\/\/emlaktuel.com\/index.php?rest_route=%2Fwp%2Fv2%2Fcomments&post=32391"}],"version-history":[{"count":1,"href":"https:\/\/emlaktuel.com\/index.php?rest_route=\/wp\/v2\/posts\/32391\/revisions"}],"predecessor-version":[{"id":32393,"href":"https:\/\/emlaktuel.com\/index.php?rest_route=\/wp\/v2\/posts\/32391\/revisions\/32393"}],"wp:featuredmedia":[{"embeddable":true,"href":"https:\/\/emlaktuel.com\/index.php?rest_route=\/wp\/v2\/media\/32392"}],"wp:attachment":[{"href":"https:\/\/emlaktuel.com\/index.php?rest_route=%2Fwp%2Fv2%2Fmedia&parent=32391"}],"wp:term":[{"taxonomy":"category","embeddable":true,"href":"https:\/\/emlaktuel.com\/index.php?rest_route=%2Fwp%2Fv2%2Fcategories&post=32391"},{"taxonomy":"post_tag","embeddable":true,"href":"https:\/\/emlaktuel.com\/index.php?rest_route=%2Fwp%2Fv2%2Ftags&post=32391"}],"curies":[{"name":"wp","href":"https:\/\/api.w.org\/{rel}","templated":true}]}}