{"id":32374,"date":"2020-07-20T10:51:05","date_gmt":"2020-07-20T07:51:05","guid":{"rendered":"https:\/\/emlaktuel.com\/?p=32374"},"modified":"2020-07-20T10:51:05","modified_gmt":"2020-07-20T07:51:05","slug":"musiad-baskani-kaan-eminevimi-ziyaret-etti","status":"publish","type":"post","link":"https:\/\/emlaktuel.com\/?p=32374","title":{"rendered":"M\u00fcsiad Ba\u015fkan\u0131 Kaan Eminevim&#8217;i ziyaret etti"},"content":{"rendered":"<p><strong>M\u00fcstakil Sanayici ve \u0130\u015fadamlar\u0131 Derne\u011fi (M\u00dcS\u0130AD) Ba\u015fkan\u0131 Abdurrahman Kaan, Emin Grup ve Eminevim Y\u00f6netim Kurulu \u00dcyelerine ziyaretintte bulundu.<\/strong><\/p>\n<p>Emin Grup\u2019un \u0130stanbul Altunizade\u2019de bulunan genel merkezine ziyarette bulunan M\u00dcS\u0130AD Ba\u015fkan\u0131 Abdurrahman Kaan, Emin Grup Y\u00f6netim Kurulu Ba\u015fkan\u0131 A. Sefa \u00dcst\u00fcn ve y\u00f6netim kurulu \u00fcyeleriyle bir araya geldi. Pandemi salg\u0131n\u0131 sonras\u0131 yeni yat\u0131r\u0131m planlar\u0131n\u0131n g\u00f6r\u00fc\u015f\u00fcld\u00fc\u011f\u00fc bu ziyarette, faizsiz konut ve ara\u00e7 finansman\u0131nda Eminevim ile T\u00fcrkiye\u2019de 30 y\u0131ld\u0131r hizmet veren Elbirli\u011fi Sistemi\u2019nin ba\u015far\u0131lar\u0131 konu\u015fuldu. A. Sefa \u00dcst\u00fcn, faizsiz Elbirli\u011fi Sistemi\u2019nin pandemiye ra\u011fmen y\u0131l\u0131n ilk 6 ay\u0131nda s\u00fcrd\u00fcrd\u00fc\u011f\u00fc ba\u015far\u0131l\u0131 grafi\u011fi ve Eminevim\u2019in bu s\u00fcre\u00e7te hayata ge\u00e7irdi\u011fi inovatif yat\u0131r\u0131mlar\u0131 M\u00dcS\u0130AD Ba\u015fkan\u0131 Abdurrahman Kaan ile payla\u015ft\u0131. Kaan, finansal istikrara b\u00fcy\u00fck katk\u0131lar sa\u011flayarak bu s\u00fcre\u00e7te \u00f6nemli bir rol oynayan Eminevim\u2019i ba\u015far\u0131lar\u0131ndan dolay\u0131 tebrik ederken Emin Grup Y\u00f6netim Kurulu Ba\u015fkan\u0131 \u00dcst\u00fcn, M\u00dcS\u0130AD Ba\u015fkan\u0131 Kaan\u2019\u0131 a\u011f\u0131rlamaktan mutluluk duyduklar\u0131n\u0131 belirterek nezaket ziyaretlerinden dolay\u0131 kendilerine te\u015fekk\u00fcr etti.<\/p>\n<p>G\u00f6r\u00fc\u015fme sonras\u0131nda 30. y\u0131l dolay\u0131s\u0131yla da Eminevim\u2019i tebrik eden M\u00dcS\u0130AD Ba\u015fkan\u0131 Abdurrahman Kaan\u2019a ebru sanat\u0131n\u0131n i\u015flendi\u011fi bir tablo hediye edildi.<\/p>\n","protected":false},"excerpt":{"rendered":"<p>M\u00fcstakil Sanayici ve \u0130\u015fadamlar\u0131 Derne\u011fi (M\u00dcS\u0130AD) Ba\u015fkan\u0131 Abdurrahman Kaan, Emin Grup ve Eminevim Y\u00f6netim Kurulu \u00dcyelerine ziyaretintte bulundu. Emin Grup\u2019un \u0130stanbul Altunizade\u2019de bulunan genel merkezine ziyarette bulunan M\u00dcS\u0130AD Ba\u015fkan\u0131 Abdurrahman Kaan, Emin Grup Y\u00f6netim Kurulu Ba\u015fkan\u0131 A. Sefa \u00dcst\u00fcn ve y\u00f6netim kurulu \u00fcyeleriyle bir araya geldi. Pandemi salg\u0131n\u0131 sonras\u0131 yeni yat\u0131r\u0131m planlar\u0131n\u0131n g\u00f6r\u00fc\u015f\u00fcld\u00fc\u011f\u00fc bu ziyarette, [&hellip;]<\/p>\n","protected":false},"author":1,"featured_media":32375,"comment_status":"open","ping_status":"open","sticky":false,"template":"","format":"standard","meta":{"ngg_post_thumbnail":0},"categories":[5388],"tags":[6658,9274],"_links":{"self":[{"href":"https:\/\/emlaktuel.com\/index.php?rest_route=\/wp\/v2\/posts\/32374"}],"collection":[{"href":"https:\/\/emlaktuel.com\/index.php?rest_route=\/wp\/v2\/posts"}],"about":[{"href":"https:\/\/emlaktuel.com\/index.php?rest_route=\/wp\/v2\/types\/post"}],"author":[{"embeddable":true,"href":"https:\/\/emlaktuel.com\/index.php?rest_route=\/wp\/v2\/users\/1"}],"replies":[{"embeddable":true,"href":"https:\/\/emlaktuel.com\/index.php?rest_route=%2Fwp%2Fv2%2Fcomments&post=32374"}],"version-history":[{"count":1,"href":"https:\/\/emlaktuel.com\/index.php?rest_route=\/wp\/v2\/posts\/32374\/revisions"}],"predecessor-version":[{"id":32376,"href":"https:\/\/emlaktuel.com\/index.php?rest_route=\/wp\/v2\/posts\/32374\/revisions\/32376"}],"wp:featuredmedia":[{"embeddable":true,"href":"https:\/\/emlaktuel.com\/index.php?rest_route=\/wp\/v2\/media\/32375"}],"wp:attachment":[{"href":"https:\/\/emlaktuel.com\/index.php?rest_route=%2Fwp%2Fv2%2Fmedia&parent=32374"}],"wp:term":[{"taxonomy":"category","embeddable":true,"href":"https:\/\/emlaktuel.com\/index.php?rest_route=%2Fwp%2Fv2%2Fcategories&post=32374"},{"taxonomy":"post_tag","embeddable":true,"href":"https:\/\/emlaktuel.com\/index.php?rest_route=%2Fwp%2Fv2%2Ftags&post=32374"}],"curies":[{"name":"wp","href":"https:\/\/api.w.org\/{rel}","templated":true}]}}