{"id":32347,"date":"2020-07-19T09:39:29","date_gmt":"2020-07-19T06:39:29","guid":{"rendered":"https:\/\/emlaktuel.com\/?p=32347"},"modified":"2020-07-19T09:39:29","modified_gmt":"2020-07-19T06:39:29","slug":"100-bin-sosyal-konut-projesi-tam-gaz-devam-ediyor","status":"publish","type":"post","link":"https:\/\/emlaktuel.com\/?p=32347","title":{"rendered":"100 Bin Sosyal Konut projesi tam gaz devam ediyor"},"content":{"rendered":"<p>\u00c7evre ve \u015eehircilik Bakan\u0131 Murat Kurum, Bah\u00e7e il\u00e7esinde yap\u0131lan halk bulu\u015fmas\u0131nda, Osmaniye&#8217;yi 2023, 2053 ve 2071 hedeflerine ta\u015f\u0131yabilmek i\u00e7in \u00f6nemli baz\u0131 projeler planlad\u0131klar\u0131n\u0131 duyurdu.<\/p>\n<p>Bakan Kurum Cumhurba\u015fkan\u0131 Recep Tayyip Erdo\u011fan&#8217;\u0131n 18 y\u0131ll\u0131k liderli\u011fi ile bir \u00e7ok tarihi ad\u0131mlar at\u0131ld\u0131\u011f\u0131n\u0131 belirterek \u015f\u00f6yle devam etti: &#8216;Bir s\u00fcr\u00fc projeye ba\u015flad\u0131k. Bir \u00f6rnek vereyim size, 50 bin sosyal konut, 100 bin sosyal konut projeimzle sadece 50 bin konutla 650 bin ki\u015fiye ve 100 bin sosyal konutumuza da 1 milypn 200 bin vatanda\u015f\u0131m\u0131z ba\u015fvuru yapt\u0131lar. Kuralar \u00e7ekildi ve h\u0131zla in\u015faat \u00e7al\u0131\u015fmalar\u0131 ba\u015fland\u0131.&#8217; \u015feklinde konu\u015ftu.<\/p>\n<h2>&#8216;Kutlu y\u00fcr\u00fcy\u00fc\u015f Cumhur \u0130ttifak\u0131 ile g\u00fc\u00e7lenerek devam ediyor&#8217;<\/h2>\n<p>&#8221;Hayalimiz, hedefimiz var, a\u015fk\u0131m\u0131z var; \u00e7evresi, do\u011fas\u0131, sa\u011fl\u0131kl\u0131, kimlikli \u015fehirleriyle d\u00fcnyada \u00f6rnek bir \u00fclke olmak&#8217; \u015feklinde konu\u015fan Bakan Kurum \u015f\u00f6yle devam etti:<\/p>\n<p>&#8216;Hep s\u00f6yledik, &#8216;G\u00fc\u00e7l\u00fc bir T\u00fcrkiye&#8217;nin youlu G\u00fc\u00e7l\u00fc \u015fehirle\u015fmeden ge\u00e7er&#8217; Bizler bu yolda \u015fehirlerimizi daha da g\u00fc\u00e7l\u00fc k\u0131lmak i\u00e7in elimizden gelen b\u00fct\u00fcn gayreti g\u00f6stermeye in\u015faallah devam edece\u011fiz. Cumhurba\u015fkan\u0131m\u0131z Recep Tayyip Erdo\u011fan&#8217;n\u0131n liderli\u011finde bu yolda y\u0131lmadan, b\u00fcy\u00fck a\u015fkla devam edece\u011fiz. &#8216;A\u015fkla \u00e7al\u0131\u015fan ko\u015fan yorulmaz&#8217; diyece\u011fiz. Osmaniye&#8217;yi ve Bah\u00e7e&#8217;yi yeniden in\u015faa edece\u011fiz. Dev projeler hayata ge\u00e7irerek milletimizin g\u00f6nl\u00fcne girmeye ve hizmet etmeye devam edip duas\u0131n\u0131 almaya devam edece\u011fiz. Say\u0131n Bah\u00e7el bey&#8217;in memleketinde onun hem\u015fehirlileri ile yapt\u0131\u011f\u0131m\u0131z yolarakada\u015fl\u0131\u011f\u0131nda g\u00f6r\u00fcyoruz.Allah bu birli\u011fimizi, karde\u015fli\u011fimizi daim etsin&#8217;<\/p>\n","protected":false},"excerpt":{"rendered":"<p>\u00c7evre ve \u015eehircilik Bakan\u0131 Murat Kurum, Bah\u00e7e il\u00e7esinde yap\u0131lan halk bulu\u015fmas\u0131nda, Osmaniye&#8217;yi 2023, 2053 ve 2071 hedeflerine ta\u015f\u0131yabilmek i\u00e7in \u00f6nemli baz\u0131 projeler planlad\u0131klar\u0131n\u0131 duyurdu. Bakan Kurum Cumhurba\u015fkan\u0131 Recep Tayyip Erdo\u011fan&#8217;\u0131n 18 y\u0131ll\u0131k liderli\u011fi ile bir \u00e7ok tarihi ad\u0131mlar at\u0131ld\u0131\u011f\u0131n\u0131 belirterek \u015f\u00f6yle devam etti: &#8216;Bir s\u00fcr\u00fc projeye ba\u015flad\u0131k. Bir \u00f6rnek vereyim size, 50 bin sosyal konut, [&hellip;]<\/p>\n","protected":false},"author":1,"featured_media":23910,"comment_status":"open","ping_status":"open","sticky":false,"template":"","format":"standard","meta":{"ngg_post_thumbnail":0},"categories":[5388],"tags":[14088,12821,14540],"_links":{"self":[{"href":"https:\/\/emlaktuel.com\/index.php?rest_route=\/wp\/v2\/posts\/32347"}],"collection":[{"href":"https:\/\/emlaktuel.com\/index.php?rest_route=\/wp\/v2\/posts"}],"about":[{"href":"https:\/\/emlaktuel.com\/index.php?rest_route=\/wp\/v2\/types\/post"}],"author":[{"embeddable":true,"href":"https:\/\/emlaktuel.com\/index.php?rest_route=\/wp\/v2\/users\/1"}],"replies":[{"embeddable":true,"href":"https:\/\/emlaktuel.com\/index.php?rest_route=%2Fwp%2Fv2%2Fcomments&post=32347"}],"version-history":[{"count":1,"href":"https:\/\/emlaktuel.com\/index.php?rest_route=\/wp\/v2\/posts\/32347\/revisions"}],"predecessor-version":[{"id":32348,"href":"https:\/\/emlaktuel.com\/index.php?rest_route=\/wp\/v2\/posts\/32347\/revisions\/32348"}],"wp:featuredmedia":[{"embeddable":true,"href":"https:\/\/emlaktuel.com\/index.php?rest_route=\/wp\/v2\/media\/23910"}],"wp:attachment":[{"href":"https:\/\/emlaktuel.com\/index.php?rest_route=%2Fwp%2Fv2%2Fmedia&parent=32347"}],"wp:term":[{"taxonomy":"category","embeddable":true,"href":"https:\/\/emlaktuel.com\/index.php?rest_route=%2Fwp%2Fv2%2Fcategories&post=32347"},{"taxonomy":"post_tag","embeddable":true,"href":"https:\/\/emlaktuel.com\/index.php?rest_route=%2Fwp%2Fv2%2Ftags&post=32347"}],"curies":[{"name":"wp","href":"https:\/\/api.w.org\/{rel}","templated":true}]}}