{"id":32334,"date":"2020-07-17T15:20:27","date_gmt":"2020-07-17T12:20:27","guid":{"rendered":"https:\/\/emlaktuel.com\/?p=32334"},"modified":"2020-07-17T15:20:27","modified_gmt":"2020-07-17T12:20:27","slug":"peker-holdingten-almanya-dusseldorfa-210-milyon-euroluk-yeni-proje","status":"publish","type":"post","link":"https:\/\/emlaktuel.com\/?p=32334","title":{"rendered":"Peker Holding&#8217;ten Almanya D\u00fcsseldorf&#8217;a 210 milyon Euroluk yeni proje"},"content":{"rendered":"<p class=\"m_8425011858255345733MsoNoSpacing\"><u><\/u><b>T\u00fcrk gayrimenkul sekt\u00f6r\u00fcn\u00fcn yurtd\u0131\u015f\u0131nda bayrak ta\u015f\u0131y\u0131c\u0131s\u0131 olan Peker Holding, Almanya\u2019da yat\u0131r\u0131mlar\u0131na aea vermeden devam ediyor. Almanya s\u0131r\u0131lar\u0131nda sekizinci, Almanya\u2019da en g\u00f6zde \u015fehirlerinden D\u00fcsseldorf\u2019ta ise ikinci b\u00fcy\u00fck projesini hayata ge\u00e7irmek i\u00e7in kollar\u0131 s\u0131vayan Peker Holding&#8217;in yeni dev projesi i\u00e7in 210 milyon Euro de\u011ferinde ve dev proje i\u00e7in d\u00fc\u011fmeye bas\u0131ld\u0131. \u201cKuzey Y\u0131ld\u0131z\u0131\u201d ad\u0131 verilen projenin 24 ayda teslim edilmesi planlan\u0131yor. Peker Holding Y\u00f6netim Kurulu Ba\u015fkan\u0131 Hasan Peker, \u201cBug\u00fcne kadar Almanya ve \u0130ngiltere ba\u015fta olmak \u00fczere, yurtd\u0131\u015f\u0131nda 30\u2019a yak\u0131n projeyi hayata ge\u00e7irdik. Bir T\u00fcrk yat\u0131r\u0131mc\u0131s\u0131 olarak; D\u00fcsseldorf\u2019a kazand\u0131raca\u011f\u0131m\u0131z bu yeni proje bizim i\u00e7in \u00e7ok \u00f6nemli ve de\u011ferli\u201d dedi<\/b><b>.<u><\/u><u><\/u><\/b><b><u><\/u>\u00a0<u><\/u><\/b><\/p>\n<p class=\"m_8425011858255345733MsoNoSpacing\">T\u00fcrkiye\u2019de oldu\u011fu gibi yurtd\u0131\u015f\u0131nda da ger\u00e7ekle\u015ftirdi\u011fi yenilik\u00e7i ve insan hayat\u0131na dokunan projelerle dikkatleri \u00fczerine \u00e7eken Peker Holding, co\u011frafi konumu ile \u00f6ne \u00e7\u0131kan Almanya\u2019n\u0131n D\u00fcsseldorf \u015fehrindeki ikinci b\u00fcy\u00fck yat\u0131r\u0131m\u0131 i\u00e7in d\u00fc\u011fmeye bast\u0131. Tamamland\u0131\u011f\u0131nda \u015fehrin en \u00f6nemli yap\u0131lar\u0131ndan biri olmas\u0131 beklenen \u201cKuzey Y\u0131ld\u0131z\u0131\u201d projesi 210 milyon euro de\u011ferinde. Toplam 60 bin metrekare in\u015faat alan\u0131na sahip projenin, izinlerin tamamlanmas\u0131n\u0131n ard\u0131ndan 24 ayda teslim edilmesi planlan\u0131yor.<u><\/u><u><\/u><\/p>\n<p class=\"m_8425011858255345733MsoNoSpacing\"><u><\/u>\u00a0<u><\/u>Bug\u00fcn Almanya ve \u0130ngiltere\u2019de yapt\u0131klar\u0131 devasa yat\u0131r\u0131mlara dikkat \u00e7eken Peker Holding Y\u00f6netim Kurulu Ba\u015fkan\u0131 Hasan Peker, \u201cT\u00fcrk \u015firketi olarak \u00fclkemizden binlerce kilometre \u00f6tede \u00f6nemli projeleri hayata ge\u00e7irmenin gururunu ya\u015f\u0131yoruz. Her yat\u0131r\u0131m\u0131m\u0131zda, insan hayat\u0131n\u0131 kolayla\u015ft\u0131ran ve teknolojiyi \u00f6ne \u00e7\u0131karan \u00e7al\u0131\u015fmalar sergiliyoruz. Bu \u00e7er\u00e7evede Kuzey Y\u0131ld\u0131z\u0131 projemiz de bizim simge \u00e7al\u0131\u015fmalar\u0131m\u0131zdan birisi olacak\u201d dedi.<u><\/u><u><\/u><\/p>\n<h2 class=\"m_8425011858255345733MsoNoSpacing\"><u><\/u>Dev proje lokasyonu ile \u00f6ne \u00e7\u0131kacak<\/h2>\n<p class=\"m_8425011858255345733MsoNoSpacing\">Son d\u00f6nemlerde Avrupa\u2019daki projelerde lokasyon avantaj\u0131na sahip projelerin bir ad\u0131m \u00f6ne \u00e7\u0131kt\u0131\u011f\u0131n\u0131 belirten Hasan Peker \u015fu bilgileri aktard\u0131: \u201cBu anlamda yeni yat\u0131r\u0131m\u0131m\u0131z olan <strong>Nord Stern<\/strong>\u2019i (Kuzey Y\u0131ld\u0131z\u0131), hem D\u00fcsseldorf havaliman\u0131na hem de \u015fehrin merkezine 4\u2019er kilometrelik mesafede, tam bir kesi\u015fme noktas\u0131nda hayata ge\u00e7iriyoruz. D\u00fcsseldorf Havaliman\u0131\u2019na sadece 10 dakika mesafede olan Nord Stern yat\u0131r\u0131m\u0131m\u0131z, \u015fehir merkezine de yine 10 dakikal\u0131k bir mesafede yer al\u0131yor. Proje, her y\u0131l milyonlarca ziyaret\u00e7iyi a\u011f\u0131rlayan, y\u0131lda 300 g\u00fcn fuarlara ev sahipli\u011fi yapan D\u00fcsseldorf fuar alan\u0131na da 10 dakika mesafede bulunuyor. Toplam in\u015faat alan\u0131 60 bin metrekare olan projenin 46 bin metrekaresi nitelikli ofis olarak kullan\u0131lacak. 14 bin metrekaresi ise kapal\u0131 otopark alan\u0131 olarak planland\u0131.\u201d<u><\/u><u><\/u><\/p>\n<h2 class=\"m_8425011858255345733MsoNoSpacing\"><u><\/u>Peker Holding&#8217;ten 30&#8217;a yak\u0131n proje<\/h2>\n<p class=\"m_8425011858255345733MsoNoSpacing\">Bug\u00fcne kadar Peker Holding olarak yapt\u0131klar\u0131 \u00e7al\u0131\u015fmalar\u0131 \u00f6zetleyen Hasan Peker, \u015f\u00f6yle devam etti: \u201cYurti\u00e7inde oldu\u011fu gibi yurtd\u0131\u015f\u0131nda da hayata ge\u00e7irdi\u011fimiz her yat\u0131r\u0131m\u0131m\u0131zda \u00f6nceli\u011fi do\u011faya, insana ve \u00e7evreye verdik. Bu kapsamda her zaman yat\u0131r\u0131m yapt\u0131\u011f\u0131m\u0131z b\u00f6lgeye katk\u0131 sa\u011flayan \u00e7al\u0131\u015fmalara imza atmay\u0131 hedefledik. Nord Stern de bu projelerden birisi. \u015eehirlerin dokusuna, tarihi kimli\u011fine ve ekonomisine katk\u0131 sa\u011flamak i\u00e7in \u00e7aba sarf ediyoruz. Bu kapsamda yurtd\u0131\u015f\u0131nda proje geli\u015ftiren bir T\u00fcrk yat\u0131r\u0131mc\u0131 olarak, \u00fczerimizdeki sorumlulu\u011fun bilinciyle hareket gediyoruz. Bu projelerle hem Peker Holding bayra\u011f\u0131n\u0131 hem de T\u00fcrk bayra\u011f\u0131n\u0131 yurtd\u0131\u015f\u0131nda dalgaland\u0131r\u0131yoruz. Bug\u00fcne kadar yurtd\u0131\u015f\u0131nda 30\u2019a yak\u0131n projeye imza att\u0131k. T\u00fcm bu projelerde do\u011fa ve \u00e7evre fakt\u00f6rlerini \u00f6n planda tuttuk.\u201d<u><\/u><u><\/u><\/p>\n<h2 class=\"m_8425011858255345733MsoNoSpacing\"><u><\/u><b>\u0130leride b\u00fcy\u00fck s\u00fcrprizlerimiz de olacak<u><\/u><\/b><\/h2>\n<p class=\"m_8425011858255345733MsoNoSpacing\">Bug\u00fcne kadar yapt\u0131klar\u0131 \u00e7al\u0131\u015fmalar\u0131n her ge\u00e7en g\u00fcn ilgi ile kar\u015f\u0131land\u0131\u011f\u0131n\u0131 vurgulayan Hasan Peker, \u201cNord Stern projesi Peker Holding olarak bizim Almanya\u2019daki 8\u2019inci yat\u0131r\u0131m\u0131m\u0131z. Otel, konut ve ofis projelerimizle art\u0131k uluslararas\u0131 bir marka olman\u0131n gururunu ya\u015f\u0131yoruz. Bug\u00fcn \u0130ngiltere ve Almanya gibi Avrupa\u2019n\u0131n iki \u00f6nemli \u00fclkesinde dev projeler yapabilmek ger\u00e7ekten \u00e7ok zor. Do\u011faya tarihe ve insana g\u00f6sterdi\u011fimiz sayg\u0131 ve \u00f6nem neticesinde yeni projelerimizi bir bir ve h\u0131zl\u0131ca ger\u00e7ekle\u015ftirmeye devam ediyoruz. \u00d6n\u00fcm\u00fczdeki d\u00f6nemde yeni yat\u0131r\u0131mlar\u0131m\u0131z\u0131 devreye almaya ba\u015flayaca\u011f\u0131z. Bu anlamda b\u00fcy\u00fck s\u00fcrprizlerimiz olacak\u201d diye konu\u015ftu.\u00a0<u><\/u><u><\/u><\/p>\n<p class=\"m_8425011858255345733MsoNoSpacing\">\n","protected":false},"excerpt":{"rendered":"<p>T\u00fcrk gayrimenkul sekt\u00f6r\u00fcn\u00fcn yurtd\u0131\u015f\u0131nda bayrak ta\u015f\u0131y\u0131c\u0131s\u0131 olan Peker Holding, Almanya\u2019da yat\u0131r\u0131mlar\u0131na aea vermeden devam ediyor. Almanya s\u0131r\u0131lar\u0131nda sekizinci, Almanya\u2019da en g\u00f6zde \u015fehirlerinden D\u00fcsseldorf\u2019ta ise ikinci b\u00fcy\u00fck projesini hayata ge\u00e7irmek i\u00e7in kollar\u0131 s\u0131vayan Peker Holding&#8217;in yeni dev projesi i\u00e7in 210 milyon Euro de\u011ferinde ve dev proje i\u00e7in d\u00fc\u011fmeye bas\u0131ld\u0131. \u201cKuzey Y\u0131ld\u0131z\u0131\u201d ad\u0131 verilen projenin 24 ayda [&hellip;]<\/p>\n","protected":false},"author":1,"featured_media":32337,"comment_status":"open","ping_status":"open","sticky":false,"template":"","format":"standard","meta":{"ngg_post_thumbnail":0},"categories":[1,5388],"tags":[3020,14535,14534,12709],"_links":{"self":[{"href":"https:\/\/emlaktuel.com\/index.php?rest_route=\/wp\/v2\/posts\/32334"}],"collection":[{"href":"https:\/\/emlaktuel.com\/index.php?rest_route=\/wp\/v2\/posts"}],"about":[{"href":"https:\/\/emlaktuel.com\/index.php?rest_route=\/wp\/v2\/types\/post"}],"author":[{"embeddable":true,"href":"https:\/\/emlaktuel.com\/index.php?rest_route=\/wp\/v2\/users\/1"}],"replies":[{"embeddable":true,"href":"https:\/\/emlaktuel.com\/index.php?rest_route=%2Fwp%2Fv2%2Fcomments&post=32334"}],"version-history":[{"count":1,"href":"https:\/\/emlaktuel.com\/index.php?rest_route=\/wp\/v2\/posts\/32334\/revisions"}],"predecessor-version":[{"id":32338,"href":"https:\/\/emlaktuel.com\/index.php?rest_route=\/wp\/v2\/posts\/32334\/revisions\/32338"}],"wp:featuredmedia":[{"embeddable":true,"href":"https:\/\/emlaktuel.com\/index.php?rest_route=\/wp\/v2\/media\/32337"}],"wp:attachment":[{"href":"https:\/\/emlaktuel.com\/index.php?rest_route=%2Fwp%2Fv2%2Fmedia&parent=32334"}],"wp:term":[{"taxonomy":"category","embeddable":true,"href":"https:\/\/emlaktuel.com\/index.php?rest_route=%2Fwp%2Fv2%2Fcategories&post=32334"},{"taxonomy":"post_tag","embeddable":true,"href":"https:\/\/emlaktuel.com\/index.php?rest_route=%2Fwp%2Fv2%2Ftags&post=32334"}],"curies":[{"name":"wp","href":"https:\/\/api.w.org\/{rel}","templated":true}]}}