{"id":32314,"date":"2020-07-16T16:33:53","date_gmt":"2020-07-16T13:33:53","guid":{"rendered":"https:\/\/emlaktuel.com\/?p=32314"},"modified":"2020-07-16T16:33:53","modified_gmt":"2020-07-16T13:33:53","slug":"tuik-en-fazla-parayi-konut-almaya-ve-kiraya-verdik","status":"publish","type":"post","link":"https:\/\/emlaktuel.com\/?p=32314","title":{"rendered":"T\u00dc\u0130K: En fazla paray\u0131 konut almaya ve kiraya verdik"},"content":{"rendered":"<p>T\u00dc\u0130K&#8217;in hanehalk\u0131 t\u00fcketim harcamas\u0131 2019 raporu a\u00e7\u0131kland\u0131. 2019 y\u0131l\u0131 raporuna g\u00f6re \u00fclkemizde hane halk\u0131 taraf\u0131ndan en fazla \u00f6deme yap\u0131lan harcama t\u00fcr\u00fc de\u011fi\u015fmedi. Harcama yapt\u0131\u011f\u0131m\u0131z en b\u00fcy\u00fck kalem konut i\u00e7in ve kira harcamalar\u0131 oldu.<\/p>\n<p>\u00dc\u0130K&#8217;in yay\u0131mlad\u0131\u011f\u0131 rapora g\u00f6re 2019 y\u0131l\u0131nda T\u00fcrk halk\u0131n\u0131n t\u00fcketim ama\u00e7l\u0131 yapt\u0131\u011f\u0131 en b\u00fcy\u00fck harcama yine konut ve kira harcamas\u0131 oldu.<\/p>\n<h2>Konut al\u0131m\u0131na ve kira i\u00e7in harcanan miktar\u0131n pay\u0131 artt\u0131<\/h2>\n<p>T\u00dc\u0130K taraf\u0131ndan a\u00e7\u0131klanan bu rapora g\u00f6re yap\u0131lan harcamalar i\u00e7erisinde en \u00e7ok paray\u0131 bar\u0131nma ihtiyac\u0131 i\u00e7in \u00f6dedik. Y\u00fczde 24.1 ile \u00fclkemizde en fazla yap\u0131lan harcama konut ve kiraya giderken y\u00fczde 20.8&#8242; de g\u0131da ve alkols\u00fcz i\u00e7eceklere, y\u00fczde 16.6&#8217;de ula\u015f\u0131ma harcand\u0131.<\/p>\n","protected":false},"excerpt":{"rendered":"<p>T\u00dc\u0130K&#8217;in hanehalk\u0131 t\u00fcketim harcamas\u0131 2019 raporu a\u00e7\u0131kland\u0131. 2019 y\u0131l\u0131 raporuna g\u00f6re \u00fclkemizde hane halk\u0131 taraf\u0131ndan en fazla \u00f6deme yap\u0131lan harcama t\u00fcr\u00fc de\u011fi\u015fmedi. Harcama yapt\u0131\u011f\u0131m\u0131z en b\u00fcy\u00fck kalem konut i\u00e7in ve kira harcamalar\u0131 oldu. \u00dc\u0130K&#8217;in yay\u0131mlad\u0131\u011f\u0131 rapora g\u00f6re 2019 y\u0131l\u0131nda T\u00fcrk halk\u0131n\u0131n t\u00fcketim ama\u00e7l\u0131 yapt\u0131\u011f\u0131 en b\u00fcy\u00fck harcama yine konut ve kira harcamas\u0131 oldu. Konut al\u0131m\u0131na [&hellip;]<\/p>\n","protected":false},"author":1,"featured_media":4247,"comment_status":"open","ping_status":"open","sticky":false,"template":"","format":"standard","meta":{"ngg_post_thumbnail":0},"categories":[26],"tags":[14528,2636,80,1065],"_links":{"self":[{"href":"https:\/\/emlaktuel.com\/index.php?rest_route=\/wp\/v2\/posts\/32314"}],"collection":[{"href":"https:\/\/emlaktuel.com\/index.php?rest_route=\/wp\/v2\/posts"}],"about":[{"href":"https:\/\/emlaktuel.com\/index.php?rest_route=\/wp\/v2\/types\/post"}],"author":[{"embeddable":true,"href":"https:\/\/emlaktuel.com\/index.php?rest_route=\/wp\/v2\/users\/1"}],"replies":[{"embeddable":true,"href":"https:\/\/emlaktuel.com\/index.php?rest_route=%2Fwp%2Fv2%2Fcomments&post=32314"}],"version-history":[{"count":1,"href":"https:\/\/emlaktuel.com\/index.php?rest_route=\/wp\/v2\/posts\/32314\/revisions"}],"predecessor-version":[{"id":32315,"href":"https:\/\/emlaktuel.com\/index.php?rest_route=\/wp\/v2\/posts\/32314\/revisions\/32315"}],"wp:featuredmedia":[{"embeddable":true,"href":"https:\/\/emlaktuel.com\/index.php?rest_route=\/wp\/v2\/media\/4247"}],"wp:attachment":[{"href":"https:\/\/emlaktuel.com\/index.php?rest_route=%2Fwp%2Fv2%2Fmedia&parent=32314"}],"wp:term":[{"taxonomy":"category","embeddable":true,"href":"https:\/\/emlaktuel.com\/index.php?rest_route=%2Fwp%2Fv2%2Fcategories&post=32314"},{"taxonomy":"post_tag","embeddable":true,"href":"https:\/\/emlaktuel.com\/index.php?rest_route=%2Fwp%2Fv2%2Ftags&post=32314"}],"curies":[{"name":"wp","href":"https:\/\/api.w.org\/{rel}","templated":true}]}}