{"id":32309,"date":"2020-07-16T15:57:45","date_gmt":"2020-07-16T12:57:45","guid":{"rendered":"https:\/\/emlaktuel.com\/?p=32309"},"modified":"2020-07-16T15:57:45","modified_gmt":"2020-07-16T12:57:45","slug":"futbolu-birakti-emlak-isine-basladi","status":"publish","type":"post","link":"https:\/\/emlaktuel.com\/?p=32309","title":{"rendered":"Futbolu b\u0131rakt\u0131 emlak i\u015fine ba\u015flad\u0131"},"content":{"rendered":"<p>D\u00fcnyada v T\u00fcrkiye&#8217;de tan\u0131nm\u0131\u015f teknik direkt\u00f6rler aras\u0131nda olan Mircsea Lucescu, en son A Milli Tak\u0131mn teknik direkt\u00f6rl\u00fc\u011f\u00fcn\u00fc yapm\u0131\u015ft\u0131. Usta teknik adam futbolu b\u0131rakarak emlak sekt\u00f6r\u00fcne ge\u00e7i\u015f yapt\u0131. Lucescu, \u00fclkesi Romanya&#8217;n\u0131n ba\u015fkenti B\u00fckre\u015f&#8217;te apartman komplekleri in\u015fa etmeye ba\u015flad\u0131.<\/p>\n<p>\u00dclkemizde Galatasaray, Be\u015fikta\u015f ve de A milli Tak\u0131mda teknik direkt\u00f6rl\u00fck yapm\u0131\u015f olan Mircea Lucescu, futbolla olan ba\u011flant\u0131lar\u0131n\u0131 kopararak B\u00fckre\u015f&#8217;te emlak yat\u0131rmlar\u0131 yapmaya ba\u015flad\u0131.<\/p>\n<h2>Lucescu&#8217;dan B\u00fckre\u015f&#8217;e 200 apartman<\/h2>\n<p>Lucescu, Romanyal\u0131 i\u015f adam\u0131 Dimciu Tasu ile ortak olarak ald\u0131klar\u0131 arazide 200 apartmanl\u0131k dev bir komplek in\u015faa etmeye ba\u015flad\u0131. A\u00e7\u0131k art\u0131ma usul\u00fc ile al\u0131nan arazide yap\u0131lacak apartmanlara yo\u011funla\u015fan Lucescu t\u00fcm vaktini bu projeye ay\u0131r\u0131yor.<\/p>\n","protected":false},"excerpt":{"rendered":"<p>D\u00fcnyada v T\u00fcrkiye&#8217;de tan\u0131nm\u0131\u015f teknik direkt\u00f6rler aras\u0131nda olan Mircsea Lucescu, en son A Milli Tak\u0131mn teknik direkt\u00f6rl\u00fc\u011f\u00fcn\u00fc yapm\u0131\u015ft\u0131. Usta teknik adam futbolu b\u0131rakarak emlak sekt\u00f6r\u00fcne ge\u00e7i\u015f yapt\u0131. Lucescu, \u00fclkesi Romanya&#8217;n\u0131n ba\u015fkenti B\u00fckre\u015f&#8217;te apartman komplekleri in\u015fa etmeye ba\u015flad\u0131. \u00dclkemizde Galatasaray, Be\u015fikta\u015f ve de A milli Tak\u0131mda teknik direkt\u00f6rl\u00fck yapm\u0131\u015f olan Mircea Lucescu, futbolla olan ba\u011flant\u0131lar\u0131n\u0131 kopararak [&hellip;]<\/p>\n","protected":false},"author":1,"featured_media":32310,"comment_status":"open","ping_status":"open","sticky":false,"template":"","format":"standard","meta":{"ngg_post_thumbnail":0},"categories":[5214],"tags":[14526],"_links":{"self":[{"href":"https:\/\/emlaktuel.com\/index.php?rest_route=\/wp\/v2\/posts\/32309"}],"collection":[{"href":"https:\/\/emlaktuel.com\/index.php?rest_route=\/wp\/v2\/posts"}],"about":[{"href":"https:\/\/emlaktuel.com\/index.php?rest_route=\/wp\/v2\/types\/post"}],"author":[{"embeddable":true,"href":"https:\/\/emlaktuel.com\/index.php?rest_route=\/wp\/v2\/users\/1"}],"replies":[{"embeddable":true,"href":"https:\/\/emlaktuel.com\/index.php?rest_route=%2Fwp%2Fv2%2Fcomments&post=32309"}],"version-history":[{"count":1,"href":"https:\/\/emlaktuel.com\/index.php?rest_route=\/wp\/v2\/posts\/32309\/revisions"}],"predecessor-version":[{"id":32311,"href":"https:\/\/emlaktuel.com\/index.php?rest_route=\/wp\/v2\/posts\/32309\/revisions\/32311"}],"wp:featuredmedia":[{"embeddable":true,"href":"https:\/\/emlaktuel.com\/index.php?rest_route=\/wp\/v2\/media\/32310"}],"wp:attachment":[{"href":"https:\/\/emlaktuel.com\/index.php?rest_route=%2Fwp%2Fv2%2Fmedia&parent=32309"}],"wp:term":[{"taxonomy":"category","embeddable":true,"href":"https:\/\/emlaktuel.com\/index.php?rest_route=%2Fwp%2Fv2%2Fcategories&post=32309"},{"taxonomy":"post_tag","embeddable":true,"href":"https:\/\/emlaktuel.com\/index.php?rest_route=%2Fwp%2Fv2%2Ftags&post=32309"}],"curies":[{"name":"wp","href":"https:\/\/api.w.org\/{rel}","templated":true}]}}