{"id":32307,"date":"2020-07-16T15:30:56","date_gmt":"2020-07-16T12:30:56","guid":{"rendered":"https:\/\/emlaktuel.com\/?p=32307"},"modified":"2020-07-16T15:30:56","modified_gmt":"2020-07-16T12:30:56","slug":"vakifbanktan-bayram-ettiren-ihtiyac-kredisi-9-ay-sonra-odemeli-0-55-0-86-0-90-faizli-oranlarla","status":"publish","type":"post","link":"https:\/\/emlaktuel.com\/?p=32307","title":{"rendered":"Vak\u0131fbank&#8217;tan Bayram ettiren ihtiya\u00e7 kredisi! 9 ay sonra \u00f6demeli 0.55, 0.86, 0.90 faizli oranlarla"},"content":{"rendered":"<p>Bankalar kurban bayram\u0131 yakla\u015f\u0131rken ba\u015flatt\u0131\u011f\u0131 bayram kredisi kampanyalar\u0131 b\u00fct\u00fcn h\u0131z\u0131yla devam ediyor. Vak\u0131fbank kendi m\u00fc\u015fterilerine bayrama yak\u0131\u015f\u0131r \u015fekilde bayram ettirecek ihtiya\u00e7 kredisi kampanyalar\u0131 sunmaya devam ediyor.<\/p>\n<p>Vak\u0131fbank&#8217;tan sosyal hayat destek kampanyas\u0131 devam ederken en uygun faizli kredi veren bankalar aras\u0131nda ki yerini koruyor. Vak\u0131fbank baz\u0131 kredi paketlerinde\u00a0 ay sonra \u00f6demeli kredi kullanma f\u0131rsat\u0131 sunuyor.<\/p>\n<p>Bayram \u00f6ncesinde artan nakit ihtiyac\u0131 i\u00e7in vatanda\u015flar bankalardan ihtiya\u00e7 kredisi kampanyalar\u0131n\u0131 ara\u015ft\u0131r\u0131ken Vak\u0131fbank ihtiya\u00e7 kredisi paketlerinde \u00e7ok say\u0131da se\u00e7enek sunuyor.<\/p>\n<h2>Y\u00fczde 0.86 faiz oran\u0131 ile ihtiya\u00e7 kredisi f\u0131rsat\u0131<\/h2>\n<p>Vak\u0131fbank normal m\u00fc\u015fteriler i\u00e7in ihtiya\u00e7 kredisi paketinde 0.86 faiz orann\u0131 ile ihtiya\u00e7 kredisi f\u0131rsat\u0131 sunuyor.<\/p>\n<h2>6 ay ertelemeli y\u00fczde 0.55 faizli ihtiya\u00e7 kredisi<\/h2>\n<p>2020 Haziran ay\u0131 ba\u015f\u0131ndan itibaren koronavir\u00fcs salg\u0131n\u0131 sonras\u0131 normalle\u015fme s\u00fcrecine girilirken kamu bankalar\u0131 da bu s\u00fcrece destek olabilmek i\u00e7in yen kredi kampanyalar\u0131 ba\u015flatm\u0131\u015ft\u0131.<\/p>\n<p>Ba\u015flayan bu kredi kampanyas\u0131 ile anla\u015fmal\u0131 firmalardan mobilya, pimapen, beyaz e\u015fya,\u00a0 elektronik ve ev e\u015fyas\u0131 gibi e\u015fyalar alanlara y\u00fczde 0.55 oranl\u0131 6 ay ertlemeli ihtiya\u00e7 kredisi f\u0131rsat\u0131 sunuldu.<\/p>\n<h2>Avukatlara \u00f6zel 9 ay ertelemeli ihtiya\u00e7 kredisi<\/h2>\n<p>Vak\u0131fbank avukatlara \u00f6zel olarak ba\u015flatt\u0131\u011f\u0131 kredi kampanyas\u0131 ile y\u00fczde 0.90 faizli ve 9 ay ertelemeli kredi kullanma f\u0131rsat\u0131 sunuyor.<\/p>\n","protected":false},"excerpt":{"rendered":"<p>Bankalar kurban bayram\u0131 yakla\u015f\u0131rken ba\u015flatt\u0131\u011f\u0131 bayram kredisi kampanyalar\u0131 b\u00fct\u00fcn h\u0131z\u0131yla devam ediyor. Vak\u0131fbank kendi m\u00fc\u015fterilerine bayrama yak\u0131\u015f\u0131r \u015fekilde bayram ettirecek ihtiya\u00e7 kredisi kampanyalar\u0131 sunmaya devam ediyor. Vak\u0131fbank&#8217;tan sosyal hayat destek kampanyas\u0131 devam ederken en uygun faizli kredi veren bankalar aras\u0131nda ki yerini koruyor. Vak\u0131fbank baz\u0131 kredi paketlerinde\u00a0 ay sonra \u00f6demeli kredi kullanma f\u0131rsat\u0131 sunuyor. Bayram [&hellip;]<\/p>\n","protected":false},"author":1,"featured_media":25903,"comment_status":"open","ping_status":"open","sticky":false,"template":"","format":"standard","meta":{"ngg_post_thumbnail":0},"categories":[26],"tags":[4016,2839,14525],"_links":{"self":[{"href":"https:\/\/emlaktuel.com\/index.php?rest_route=\/wp\/v2\/posts\/32307"}],"collection":[{"href":"https:\/\/emlaktuel.com\/index.php?rest_route=\/wp\/v2\/posts"}],"about":[{"href":"https:\/\/emlaktuel.com\/index.php?rest_route=\/wp\/v2\/types\/post"}],"author":[{"embeddable":true,"href":"https:\/\/emlaktuel.com\/index.php?rest_route=\/wp\/v2\/users\/1"}],"replies":[{"embeddable":true,"href":"https:\/\/emlaktuel.com\/index.php?rest_route=%2Fwp%2Fv2%2Fcomments&post=32307"}],"version-history":[{"count":1,"href":"https:\/\/emlaktuel.com\/index.php?rest_route=\/wp\/v2\/posts\/32307\/revisions"}],"predecessor-version":[{"id":32308,"href":"https:\/\/emlaktuel.com\/index.php?rest_route=\/wp\/v2\/posts\/32307\/revisions\/32308"}],"wp:featuredmedia":[{"embeddable":true,"href":"https:\/\/emlaktuel.com\/index.php?rest_route=\/wp\/v2\/media\/25903"}],"wp:attachment":[{"href":"https:\/\/emlaktuel.com\/index.php?rest_route=%2Fwp%2Fv2%2Fmedia&parent=32307"}],"wp:term":[{"taxonomy":"category","embeddable":true,"href":"https:\/\/emlaktuel.com\/index.php?rest_route=%2Fwp%2Fv2%2Fcategories&post=32307"},{"taxonomy":"post_tag","embeddable":true,"href":"https:\/\/emlaktuel.com\/index.php?rest_route=%2Fwp%2Fv2%2Ftags&post=32307"}],"curies":[{"name":"wp","href":"https:\/\/api.w.org\/{rel}","templated":true}]}}